{"id":537078,"date":"2025-11-16T00:46:14","date_gmt":"2025-11-16T00:46:14","guid":{"rendered":"https:\/\/www.europesays.com\/fr\/537078\/"},"modified":"2025-11-16T00:46:14","modified_gmt":"2025-11-16T00:46:14","slug":"royaume-uni-lance-une-vaste-reforme-pour-dissuader-limmigration-irreguliere-et-contrer-lextreme-droite","status":"publish","type":"post","link":"https:\/\/www.europesays.com\/fr\/537078\/","title":{"rendered":"Royaume-Uni lance une vaste r\u00e9forme pour dissuader l&rsquo;immigration irr\u00e9guli\u00e8re et contrer l&rsquo;extr\u00eame droite"},"content":{"rendered":"<p>Restriction de la protection accord\u00e9e aux r\u00e9fugi\u00e9s et des aides accord\u00e9es aux demandeurs d&rsquo;asile. Le gouvernement britannique a annonc\u00e9 samedi soir qu&rsquo;il allait prendre des mesures \u00ab\u00a0historiques\u00a0\u00bb pour limiter les arriv\u00e9es de migrants au Royaume-Uni et contrer la mont\u00e9e du parti anti-immigration de Nigel Farage.<\/p>\n<p>\u00ab\u00a0Ce pays a une fi\u00e8re tradition d&rsquo;accueil des personnes fuyant le danger, mais notre g\u00e9n\u00e9rosit\u00e9 attire les migrants ill\u00e9gaux \u00e0 travers la Manche\u00a0\u00bb, a d\u00e9clar\u00e9 la ministre de l&rsquo;Int\u00e9rieur Shabana Mahmood, cit\u00e9e dans un communiqu\u00e9 de son minist\u00e8re.<\/p>\n<p>Deux mesures phares ont \u00e9t\u00e9 annonc\u00e9es par des communiqu\u00e9s, en attendant la pr\u00e9sentation de son plan d\u00e9taill\u00e9 pr\u00e9vue devant le Parlement lundi.<\/p>\n<p><strong class=\"inline-title\">&gt;&gt; Lire aussi\u00a0: <\/strong><a href=\"https:\/\/www.rts.ch\/audio-podcast\/2025\/audio\/le-royaume-uni-sous-tension-apres-de-nombreuses-manifestations-anti-migrants-28963875.html\" data-item-id=\"richtext_link\" target=\"_blank\" rel=\"noopener\">Le Royaume-Uni sous tension apr\u00e8s de nombreuses manifestations anti-migrants<\/a><\/p>\n<p>Le gouvernement va d&rsquo;abord r\u00e9duire la protection accord\u00e9e aux r\u00e9fugi\u00e9s, qui seront \u00ab\u00a0forc\u00e9s de rentrer dans leur pays d&rsquo;origine d\u00e8s qu&rsquo;il sera jug\u00e9 s\u00fbr\u00a0\u00bb selon le texte.<\/p>\n<p>La fin du \u00ab\u00a0billet en or\u00a0\u00bb<\/p>\n<p>\u00ab\u00a0Un &lsquo;billet en or&rsquo; a fait grimper les demandes d&rsquo;asile au Royaume-Uni, poussant les gens \u00e0 traverser l&rsquo;Europe, via des pays s\u00fbrs, pour monter \u00e0 bord d&#8217;embarcations de fortune\u00a0\u00bb, a indiqu\u00e9 la ministre. \u00ab\u00a0Je vais mettre fin \u00e0 ce ticket en or\u00a0\u00bb.<\/p>\n<p>\u00ab\u00a0Gr\u00e2ce \u00e0 des conditions bien plus g\u00e9n\u00e9reuses au Royaume-Uni\u00a0\u00bb, les r\u00e9fugi\u00e9s peuvent actuellement demander \u00e0 s&rsquo;installer d\u00e9finitivement, sans frais, apr\u00e8s cinq ans au Royaume-Uni, \u00ab\u00a0sans avoir contribu\u00e9\u00a0\u00bb au pays, a soulign\u00e9 son minist\u00e8re.<\/p>\n<p>Le nouveau syst\u00e8me r\u00e9duira la dur\u00e9e de leur s\u00e9jour de cinq ans \u00e0 30 mois, et multipliera par quatre, de cinq \u00e0 20 ans, le d\u00e9lai n\u00e9cessaire pour demander \u00e0 devenir r\u00e9sident permanent, a-t-il pr\u00e9cis\u00e9.<\/p>\n<p>Les r\u00e9fugi\u00e9s qui souhaitent devenir r\u00e9sidents permanents plus vite \u00ab\u00a0devront travailler ou \u00e9tudier\u00a0\u00bb, a-t-il encore ajout\u00e9.<\/p>\n<p>La fin de l&rsquo;acc\u00e8s automatique \u00e0 l&rsquo;aide sociale<\/p>\n<p>L&rsquo;autre mesure phare est la suppression de l&rsquo;acc\u00e8s automatique aux aides sociales &#8211; logement, allocations financi\u00e8res &#8211; pour les demandeurs d&rsquo;asile.<\/p>\n<p>Le gouvernement veut supprimer ces aides \u00ab\u00a0pour ceux qui ont le droit de travailler et qui peuvent subvenir \u00e0 leurs besoins, mais choisissent de ne pas le faire, ou pour ceux qui enfreignent la loi\u00a0\u00bb, selon le communiqu\u00e9.<\/p>\n<p>La pression de l&rsquo;extr\u00eame droite<\/p>\n<p>Arriv\u00e9 au pouvoir en juillet 2024, le gouvernement de Keir Starmer est sous pression quasi quotidienne pour freiner les arriv\u00e9es de migrants et restreindre leurs droits. Depuis plusieurs mois, il est largement devanc\u00e9 dans les sondages par le parti Reform de Nigel Farage, qui a fait de la question des migrants son sujet principal.<\/p>\n<p><strong class=\"inline-title\">&gt;&gt; Lire aussi\u00a0: <\/strong><a href=\"https:\/\/www.rts.ch\/info\/monde\/2025\/article\/percee-de-l-extreme-droite-aux-elections-locales-britanniques-28871108.html\" data-item-id=\"richtext_link\" target=\"_blank\" rel=\"noopener\">L&rsquo;extr\u00eame droite britannique gagne du terrain aux \u00e9lections locales<\/a><\/p>\n<p>Cet \u00e9t\u00e9, de nombreuses manifestations ont eu lieu devant des h\u00f4tels h\u00e9bergeant des demandeurs d&rsquo;asile et une manifestation organis\u00e9e par l&rsquo;extr\u00eame droite \u00e0 Londres mi-septembre a r\u00e9uni jusqu&rsquo;\u00e0 150.000 personnes selon la police.<\/p>\n<p class=\"sources\">afp\/lbl<\/p>\n","protected":false},"excerpt":{"rendered":"Restriction de la protection accord\u00e9e aux r\u00e9fugi\u00e9s et des aides accord\u00e9es aux demandeurs d&rsquo;asile. Le gouvernement britannique a&hellip;\n","protected":false},"author":2,"featured_media":537079,"comment_status":"","ping_status":"","sticky":false,"template":"","format":"standard","meta":{"footnotes":""},"categories":[1588],"tags":[11,10443,65622,5949,1777,674,1076,418,5072,1061,20706,2088,10090,17953,74,12,16950,316,4144,4846,4190,52939,2543,473,1853,104,1851,1850,1852],"class_list":{"0":"post-537078","1":"post","2":"type-post","3":"status-publish","4":"format-standard","5":"has-post-thumbnail","7":"category-royaume-uni","8":"tag-actualites","9":"tag-asile","10":"tag-demandeur-dasile","11":"tag-elections","12":"tag-eu","13":"tag-europe","14":"tag-extreme-droite","15":"tag-gouvernement","16":"tag-grande-bretagne","17":"tag-immigration","18":"tag-immigration-illegale","19":"tag-manifestation","20":"tag-migrations","21":"tag-ministere","22":"tag-monde","23":"tag-news","24":"tag-parti-politique","25":"tag-politique","26":"tag-politique-du-gouvernement","27":"tag-protection","28":"tag-reforme","29":"tag-refugie","30":"tag-relations-internationales","31":"tag-royaume-uni","32":"tag-royaume-uni-de-grande-bretagne-et-dirlande-du-nord","33":"tag-societe","34":"tag-uk","35":"tag-united-kingdom","36":"tag-united-kingdom-of-great-britain-and-northern-ireland"},"share_on_mastodon":{"url":"","error":"Validation failed: Text character limit of 500 exceeded"},"_links":{"self":[{"href":"https:\/\/www.europesays.com\/fr\/wp-json\/wp\/v2\/posts\/537078","targetHints":{"allow":["GET"]}}],"collection":[{"href":"https:\/\/www.europesays.com\/fr\/wp-json\/wp\/v2\/posts"}],"about":[{"href":"https:\/\/www.europesays.com\/fr\/wp-json\/wp\/v2\/types\/post"}],"author":[{"embeddable":true,"href":"https:\/\/www.europesays.com\/fr\/wp-json\/wp\/v2\/users\/2"}],"replies":[{"embeddable":true,"href":"https:\/\/www.europesays.com\/fr\/wp-json\/wp\/v2\/comments?post=537078"}],"version-history":[{"count":0,"href":"https:\/\/www.europesays.com\/fr\/wp-json\/wp\/v2\/posts\/537078\/revisions"}],"wp:featuredmedia":[{"embeddable":true,"href":"https:\/\/www.europesays.com\/fr\/wp-json\/wp\/v2\/media\/537079"}],"wp:attachment":[{"href":"https:\/\/www.europesays.com\/fr\/wp-json\/wp\/v2\/media?parent=537078"}],"wp:term":[{"taxonomy":"category","embeddable":true,"href":"https:\/\/www.europesays.com\/fr\/wp-json\/wp\/v2\/categories?post=537078"},{"taxonomy":"post_tag","embeddable":true,"href":"https:\/\/www.europesays.com\/fr\/wp-json\/wp\/v2\/tags?post=537078"}],"curies":[{"name":"wp","href":"https:\/\/api.w.org\/{rel}","templated":true}]}}