{"id":537080,"date":"2025-11-16T00:47:31","date_gmt":"2025-11-16T00:47:31","guid":{"rendered":"https:\/\/www.europesays.com\/fr\/537080\/"},"modified":"2025-11-16T00:47:31","modified_gmt":"2025-11-16T00:47:31","slug":"lallemagne-privee-du-mondial-2026","status":"publish","type":"post","link":"https:\/\/www.europesays.com\/fr\/537080\/","title":{"rendered":"L\u2019Allemagne priv\u00e9e du Mondial 2026 ?"},"content":{"rendered":"<p><strong>L\u2019Allemagne va disputer une<br \/>\nfinale pour la premi\u00e8re place de son groupe de qualifications \u00e0 la<br \/>\nCoupe du monde 2026.<\/strong><\/p>\n<p>L\u2019Allemagne n\u2019a pas encore compost\u00e9 son billet pour les<br \/>\nAm\u00e9riques, o\u00f9 se d\u00e9roulera l\u2019\u00e9t\u00e9 prochain la prochaine Coupe du<br \/>\nmonde. Et ce malgr\u00e9 leur victoire au Luxembourg (2-0), ce vendredi<br \/>\nsoir, \u00e0 l\u2019occasion de l\u2019avant-derni\u00e8re journ\u00e9e des<br \/>\n\u00e9liminatoires.<\/p>\n<p>Un succ\u00e8s qui plus est peu rassurant pour une Mannschaft peu<br \/>\nemballante, qui s\u2019en est remis \u00e0 son jeune buteur Nick Woltemade.<br \/>\nL\u2019attaquant de Newcastle s\u2019est offert un doubl\u00e9 en seconde p\u00e9riode<br \/>\n(49e et 69e) pour permettre aux siens de<br \/>\nconserver la t\u00eate du groupe A au b\u00e9n\u00e9fice d\u2019une meilleure<br \/>\ndiff\u00e9rence de buts que la Slovaquie, leur prochain adversaire.<\/p>\n<p>Une finale Allemagne-Slovaquie lundi<\/p>\n<p>Les Slovaques ont de leur c\u00f4t\u00e9 battu sur l\u2019Irlande du Nord (1-0)<br \/>\nau bout du bout du suspense. Dominateurs, les co\u00e9quipiers de Milan<br \/>\nSkriniar se sont vus refuser deux buts, avant d\u2019\u00eatre lib\u00e9r\u00e9s en<br \/>\ndans les arr\u00eats de jeu par Tomas Bobcek (90e+1).<\/p>\n<blockquote class=\"twitter-tweet\"><p><a class=\"twitter-link\" rel=\"noindex, nofollow noopener\" href=\"https:\/\/twitter.com\/lachainelequipe\/status\/1989447620343787698?s=20\" target=\"_blank\"><br \/>\n<\/a><\/p><\/blockquote>\n<p>L\u2019Allemagne et la Slovaquie se disputeront ainsi une finale,<br \/>\nlundi \u00e0 Leipzig. Le vainqueur terminera en t\u00eate du groupe et sera<br \/>\nofficiellement qualifi\u00e9 pour la Coupe du monde. Le perdant devra<br \/>\nquant \u00e0 lui disputer un barrage. En cas de match nul, c\u2019est les<br \/>\nAllemands qui passeront.<\/p>\n<p><script async src=\"https:\/\/platform.twitter.com\/widgets.js\" charset=\"utf-8\"><\/script><\/p>\n","protected":false},"excerpt":{"rendered":"L\u2019Allemagne va disputer une finale pour la premi\u00e8re place de son groupe de qualifications \u00e0 la Coupe du&hellip;\n","protected":false},"author":2,"featured_media":537081,"comment_status":"","ping_status":"","sticky":false,"template":"","format":"standard","meta":{"footnotes":""},"categories":[1587],"tags":[11,672,1804,1805,1803,1777,674,1801,12,1802],"class_list":{"0":"post-537080","1":"post","2":"type-post","3":"status-publish","4":"format-standard","5":"has-post-thumbnail","7":"category-allemagne","8":"tag-actualites","9":"tag-allemagne","10":"tag-bundesrepublik-deutschland","11":"tag-de","12":"tag-deutschland","13":"tag-eu","14":"tag-europe","15":"tag-germany","16":"tag-news","17":"tag-republique-federale-dallemagne"},"share_on_mastodon":{"url":"https:\/\/pubeurope.com\/@fr\/115556623572827687","error":""},"_links":{"self":[{"href":"https:\/\/www.europesays.com\/fr\/wp-json\/wp\/v2\/posts\/537080","targetHints":{"allow":["GET"]}}],"collection":[{"href":"https:\/\/www.europesays.com\/fr\/wp-json\/wp\/v2\/posts"}],"about":[{"href":"https:\/\/www.europesays.com\/fr\/wp-json\/wp\/v2\/types\/post"}],"author":[{"embeddable":true,"href":"https:\/\/www.europesays.com\/fr\/wp-json\/wp\/v2\/users\/2"}],"replies":[{"embeddable":true,"href":"https:\/\/www.europesays.com\/fr\/wp-json\/wp\/v2\/comments?post=537080"}],"version-history":[{"count":0,"href":"https:\/\/www.europesays.com\/fr\/wp-json\/wp\/v2\/posts\/537080\/revisions"}],"wp:featuredmedia":[{"embeddable":true,"href":"https:\/\/www.europesays.com\/fr\/wp-json\/wp\/v2\/media\/537081"}],"wp:attachment":[{"href":"https:\/\/www.europesays.com\/fr\/wp-json\/wp\/v2\/media?parent=537080"}],"wp:term":[{"taxonomy":"category","embeddable":true,"href":"https:\/\/www.europesays.com\/fr\/wp-json\/wp\/v2\/categories?post=537080"},{"taxonomy":"post_tag","embeddable":true,"href":"https:\/\/www.europesays.com\/fr\/wp-json\/wp\/v2\/tags?post=537080"}],"curies":[{"name":"wp","href":"https:\/\/api.w.org\/{rel}","templated":true}]}}