{"id":537093,"date":"2025-11-16T00:54:13","date_gmt":"2025-11-16T00:54:13","guid":{"rendered":"https:\/\/www.europesays.com\/fr\/537093\/"},"modified":"2025-11-16T00:54:13","modified_gmt":"2025-11-16T00:54:13","slug":"mulhouse-se-fait-peur-contre-beziers-mais-reste-invaincu-en-saforelle-power-6-lequipe","status":"publish","type":"post","link":"https:\/\/www.europesays.com\/fr\/537093\/","title":{"rendered":"Mulhouse se fait peur contre B\u00e9ziers mais reste invaincu en Saforelle Power 6 &#8211; L&#039;\u00c9quipe"},"content":{"rendered":"<ol>\n<li><a href=\"https:\/\/news.google.com\/rss\/articles\/CBMiywFBVV95cUxQRTk2SHNIckgtQlN6Tldkc2RISzRkR01ZOUJkSFVJRm5pVW5lM1ZSQWw4ZFZySjZFWkJpOEdkZVBBeEh6ZEVvVjBXbTR1ai0ybVdHVUplSWVSc3dCYW5QUnVZTXFERTUwejhnLUZMN1VILVE4dHhUaFRyVUxRYW9MNjRvUHVmUTVOaWJFbGVYZjZzVDZ1aUNKVWpOOUUtNFRmbkJkV2xWV2NnbE5OSkJXNVZYOWxYX0VFX0lkRmhWdWExV3ZmcXFEcG84QQ?oc=5\" target=\"_blank\" rel=\"nofollow noopener\">Mulhouse se fait peur contre B\u00e9ziers mais reste invaincu en Saforelle Power 6<\/a>&nbsp;&nbsp;L&rsquo;\u00c9quipe<\/li>\n<li><a href=\"https:\/\/news.google.com\/rss\/articles\/CBMi3wFBVV95cUxPQXFvcENjSDdVRHhOSVF4QjB4UkI3TVI2WXQtNHB2QXZ1bjhwMWFDbWZjMV9iTE0zYm04cHh5ZTVJVjhmYTcwRGQ1V0VVanpid2w2SkN3bUhrQkhvYzNmaXUxanFicjk4RnJ1ZnRidkY2ZDlRY0hDNmR3MzI1ajZOX2o1OV9uQ29NUlNWZ21fYlZfZDVCQy1NTGQ4d0hFLU1kVmh3MlZ3V2gyZ3h1QXluSHplS1JrNVN1Y2hDazByUEV0YmZ2dlVzU0U5Q1NQSmJ0VkZzSmVYSzU2LW5JcFBJ?oc=5\" target=\"_blank\" rel=\"nofollow noopener\">Men\u00e9es deux sets \u00e0 rien, les Angels ont fait douter le leader, Mulhouse, avant de c\u00e9der au tie-break<\/a>&nbsp;&nbsp;Midi Libre<\/li>\n<li><a href=\"https:\/\/news.google.com\/rss\/articles\/CBMivAFBVV95cUxOUWw3ZFM2RHZ5aGpsRl94LTYzbUhTU1NzeG43VlBlSnk2UEVUT1lCbVZGc0xmdV9tbW1mZ2pSZHN4SHc1dXpkNUdwTmhHSVZwQUZPZ2N6czl2VTlYMUYwN20tWFlCaGRfd2JBdy1ILThIMnpoempjWTgyUG5Vc2IxVDFLVTlsd0cySXFvMDB0ODFaTUNDbF9FUklLX3NKaWY0MjktYzhsN0pJWnhidngtYUU1LTdBR1o0eGlvYw?oc=5\" target=\"_blank\" rel=\"nofollow noopener\">Volley-ball. Gare au pi\u00e8ge biterrois pour le Volley Mulhouse Alsace, leader de Ligue A f\u00e9minine<\/a>&nbsp;&nbsp;L&rsquo;Alsace<\/li>\n<li><a href=\"https:\/\/news.google.com\/rss\/articles\/CBMidkFVX3lxTFBsNl9uT3NSakZpUFc3VF9WTnU2cXFtVzRBb3d1Q1JHR29sZ1k5YnNaUS0xbXpzcjBHdkNRNEVwWnpNOEIyc3d3UjV6UkFGdGxJOE5EMktuOTNhOVFuVmc3ZHJ4NTc5eGZOQ1g4b3VuMzZzY2M4OWc?oc=5\" target=\"_blank\" rel=\"nofollow noopener\">Volley-ball &#8211; Ligue A f\u00e9minine. Le VMA s\u2019est fait tr\u00e8s peur<\/a>&nbsp;&nbsp;L&rsquo;Alsace<\/li>\n<li><a href=\"https:\/\/news.google.com\/rss\/articles\/CBMi8AFBVV95cUxQZjlNYzNaMHlRUzZYZ1BNSE1mMUVYYTg4eTd6SUNqdGlrRkVvSEk4Y1Badl81eWhRUm0zTUtsTU5tSVlDQjJUak1sSmxMN3NpVjc4T2NTaTcwR1F2MHhVblpVQVBtM3NuUW5NdThrWENXeGNRaG9IYlpkZHVrQzVxYi1BSFZ0eTVvN05vZFA0NnFUaWRUN3JZekE5TFFacWZTZDV6UTMwUi11dEVub2FPYzhOR1ZQZ3ZaLW5qSmhIMk9zWEtyVDhhQjNuNlJ6aXR6VVI4RGU3TExrbDMxWHBUclM0YklsNFRpSnVpX3dRaXE?oc=5\" target=\"_blank\" rel=\"nofollow noopener\">Quand le pass\u00e9 d\u00e9fie le pr\u00e9sent : Andr\u00e9 Sa, de fondateur \u00e0 adversaire du Vandoeuvre Nancy Volley-Ball<\/a>&nbsp;&nbsp;francebleu.fr<\/li>\n<\/ol>\n","protected":false},"excerpt":{"rendered":"Mulhouse se fait peur contre B\u00e9ziers mais reste invaincu en Saforelle Power 6&nbsp;&nbsp;L&rsquo;\u00c9quipe Men\u00e9es deux sets \u00e0 rien,&hellip;\n","protected":false},"author":2,"featured_media":537094,"comment_status":"","ping_status":"","sticky":false,"template":"","format":"standard","meta":{"footnotes":""},"categories":[1417],"tags":[1011,27,60,1470,1469],"class_list":{"0":"post-537093","1":"post","2":"type-post","3":"status-publish","4":"format-standard","5":"has-post-thumbnail","7":"category-volley","8":"tag-fr","9":"tag-france","10":"tag-sports","11":"tag-volley","12":"tag-volleyball"},"share_on_mastodon":{"url":"https:\/\/pubeurope.com\/@fr\/115556651250289793","error":""},"_links":{"self":[{"href":"https:\/\/www.europesays.com\/fr\/wp-json\/wp\/v2\/posts\/537093","targetHints":{"allow":["GET"]}}],"collection":[{"href":"https:\/\/www.europesays.com\/fr\/wp-json\/wp\/v2\/posts"}],"about":[{"href":"https:\/\/www.europesays.com\/fr\/wp-json\/wp\/v2\/types\/post"}],"author":[{"embeddable":true,"href":"https:\/\/www.europesays.com\/fr\/wp-json\/wp\/v2\/users\/2"}],"replies":[{"embeddable":true,"href":"https:\/\/www.europesays.com\/fr\/wp-json\/wp\/v2\/comments?post=537093"}],"version-history":[{"count":0,"href":"https:\/\/www.europesays.com\/fr\/wp-json\/wp\/v2\/posts\/537093\/revisions"}],"wp:featuredmedia":[{"embeddable":true,"href":"https:\/\/www.europesays.com\/fr\/wp-json\/wp\/v2\/media\/537094"}],"wp:attachment":[{"href":"https:\/\/www.europesays.com\/fr\/wp-json\/wp\/v2\/media?parent=537093"}],"wp:term":[{"taxonomy":"category","embeddable":true,"href":"https:\/\/www.europesays.com\/fr\/wp-json\/wp\/v2\/categories?post=537093"},{"taxonomy":"post_tag","embeddable":true,"href":"https:\/\/www.europesays.com\/fr\/wp-json\/wp\/v2\/tags?post=537093"}],"curies":[{"name":"wp","href":"https:\/\/api.w.org\/{rel}","templated":true}]}}