{"id":537095,"date":"2025-11-16T00:55:14","date_gmt":"2025-11-16T00:55:14","guid":{"rendered":"https:\/\/www.europesays.com\/fr\/537095\/"},"modified":"2025-11-16T00:55:14","modified_gmt":"2025-11-16T00:55:14","slug":"les-bleus-simposent-apres-un-match-brouillon-contre-des-fidjiens-sans-complexe-lequipe","status":"publish","type":"post","link":"https:\/\/www.europesays.com\/fr\/537095\/","title":{"rendered":"Les Bleus s&#039;imposent apr\u00e8s un match brouillon contre des Fidjiens sans complexe &#8211; L&#039;\u00c9quipe"},"content":{"rendered":"<ol>\n<li><a href=\"https:\/\/news.google.com\/rss\/articles\/CBMixgFBVV95cUxNYXhtOF85Wk1YVE4zSWhkNkNFbXhGRldaRUttbW9KVVMtTk5kaGRSeFBjSzV5ZnhyTEtZUGRGQnV6ckhsNnhqZE55a2ZQSk9xRDJoMW1qd1BvRHFlNEJmZnM0eFhYaE9BVldCSnpmSEVWa1hYTHY3Nk1rcng2U2poVFdZUjQ5d1JObFlNb0g2TUZYd0U4N0Joemg2ZmNKQWE1SmhtWm1LYmQtMU5DcVZpRkJtYXlMVzUwVEg5RDZZWHFFbGxTMkE?oc=5\" target=\"_blank\" rel=\"nofollow noopener\">Les Bleus s&rsquo;imposent apr\u00e8s un match brouillon contre des Fidjiens sans complexe<\/a>&nbsp;&nbsp;L&rsquo;\u00c9quipe<\/li>\n<li><a href=\"https:\/\/news.google.com\/rss\/articles\/CBMi6wFBVV95cUxNUFZXZEF0VHA3RVlkdThzOTZlRjdSV3BHQWhxbVBScGJad09hSWYzcmxFYnp2RWdYdzNiaGtBN0l3N2gxX05qR09aUnM4N1Z2eGZVTEpYQnBtZThEd04wSTJMTHI3RUJNVnRwbjlyd3d2ZVNKUW11U2k5WGNiOEZjV0xNcE9RVG5DS0drQnB4Y1BoajkzeklmYjFaNm90OE0xaG5MOTVRNjIySGo3bWRYcFJueDJCcVdWcE14VU90RDVfakEtcWFlSk9yWnFraXFRRjJteGlQUTUxOVJMOGpIUkpEZlNJSG1WNHdR?oc=5\" target=\"_blank\" rel=\"nofollow noopener\">Fabien Galthi\u00e9 apr\u00e8s la difficile victoire du XV de France contre Fidji : \u00ab \u00c7a s&rsquo;est pass\u00e9 comme on l&rsquo;imaginait \u00bb<\/a>&nbsp;&nbsp;L&rsquo;\u00c9quipe<\/li>\n<li><a href=\"https:\/\/news.google.com\/rss\/articles\/CBMi7AFBVV95cUxQOUxnU3VkY2hDajAzdWljaHVfN0xwNG84Ul82ZWVqRkNmc2E3MU1EYzZ5YWY3akFENTBBWWFnaEZ3RnVHSXVZcFIwMF9jenVQdnFrSFY0V0UyYUxaVWdrQ1k2bHpKU3RHT3NKbExleVY4Z2E2cW92X2VZbUttcUVWWnBYRkNsbTlTNEV1dVNMNnJYcFFKbGVMbElFYlM0MlN1Z1haelg2eXJCaXdaaVlRSHBaMUpqaWtMNXJpLVdpM2w0bzdKUU5GTFV3bGl6OENFUTlJT0dCd2F4bUtlRFZNbFJEWC14cEl4MXhfMA?oc=5\" target=\"_blank\" rel=\"nofollow noopener\">France \u2013 Fidji. Les notes des Bleus : Anthony Jelonch et Charles Ollivon en fers de lance, la charni\u00e8re emprunt\u00e9e<\/a>&nbsp;&nbsp;Rugbyrama<\/li>\n<li><a href=\"https:\/\/news.google.com\/rss\/articles\/CBMiggJBVV95cUxQSHNuaFVxdXV0M3UwSTg3VGFBRWtQNjNWeUxzb2NDRlQxTVlmb2kweE5hMnNwVHd4cG42eW12UmdVLXl2OGs4a3JUQ05maEs3QWEwUW9qc0VCQjFONHBsbXd4Z0F6cEwxcU81WFRjY0ZWZlAyVnQzeTAwZFNSeV82dEw5c2F5TW8wTTZGalVTYUhhdmJqbkdCVVA2WlRtS2VoQmxMdFVtTmVLUWFIeU1FQjRYLUlib2JrWWRHUGdXcno1MzVyOURHTmpkT2dheWhWZ0pEOERHVlZLQVNSRW9xTGJmTm1DNjBPTGU1MkhHQ0tzNzZtbk43OWxyd2RpV1B3a3c?oc=5\" target=\"_blank\" rel=\"nofollow noopener\">Quilter Nations Series | La France domine les Fidji p\u00e9niblement apr\u00e8s sa d\u00e9faite face \u00e0 l&rsquo;Afrique du Sud<\/a>&nbsp;&nbsp;Eurosport<\/li>\n<li><a href=\"https:\/\/news.google.com\/rss\/articles\/CBMiwAFBVV95cUxOZHNJUkV3WnZzeWNMMXkwblFPVHd0OERnSkxmblBJT3FiblFVSEkxQ2JUZklXTy1ldmxUMXlIX2pPaFdMZnMzVGI1aGtMcDVzVV91Q1EzcU1GMzRjY2ZrQkZRNWFnTDlIbGFPNkNJYUJ1VVhDTlEyeEp2Szg2QVJEU1JCeVRVaGV3T0duTFVuclZZenY0WlRYYmIxZ2pqV19VSFpaOHNUcklLQTJfdEFnOG1CU0RuclJqWDlZajNTM3E?oc=5\" target=\"_blank\" rel=\"nofollow noopener\">France-Fidji : le r\u00e9sum\u00e9 de la victoire difficile du XV de France<\/a>&nbsp;&nbsp;Le Monde.fr<\/li>\n<\/ol>\n","protected":false},"excerpt":{"rendered":"Les Bleus s&rsquo;imposent apr\u00e8s un match brouillon contre des Fidjiens sans complexe&nbsp;&nbsp;L&rsquo;\u00c9quipe Fabien Galthi\u00e9 apr\u00e8s la difficile victoire&hellip;\n","protected":false},"author":2,"featured_media":537096,"comment_status":"","ping_status":"","sticky":false,"template":"","format":"standard","meta":{"footnotes":""},"categories":[1416],"tags":[1011,27,479,1468,60],"class_list":{"0":"post-537095","1":"post","2":"type-post","3":"status-publish","4":"format-standard","5":"has-post-thumbnail","7":"category-rugby","8":"tag-fr","9":"tag-france","10":"tag-rugby","11":"tag-rugby-football","12":"tag-sports"},"share_on_mastodon":{"url":"https:\/\/pubeurope.com\/@fr\/115556655100323840","error":""},"_links":{"self":[{"href":"https:\/\/www.europesays.com\/fr\/wp-json\/wp\/v2\/posts\/537095","targetHints":{"allow":["GET"]}}],"collection":[{"href":"https:\/\/www.europesays.com\/fr\/wp-json\/wp\/v2\/posts"}],"about":[{"href":"https:\/\/www.europesays.com\/fr\/wp-json\/wp\/v2\/types\/post"}],"author":[{"embeddable":true,"href":"https:\/\/www.europesays.com\/fr\/wp-json\/wp\/v2\/users\/2"}],"replies":[{"embeddable":true,"href":"https:\/\/www.europesays.com\/fr\/wp-json\/wp\/v2\/comments?post=537095"}],"version-history":[{"count":0,"href":"https:\/\/www.europesays.com\/fr\/wp-json\/wp\/v2\/posts\/537095\/revisions"}],"wp:featuredmedia":[{"embeddable":true,"href":"https:\/\/www.europesays.com\/fr\/wp-json\/wp\/v2\/media\/537096"}],"wp:attachment":[{"href":"https:\/\/www.europesays.com\/fr\/wp-json\/wp\/v2\/media?parent=537095"}],"wp:term":[{"taxonomy":"category","embeddable":true,"href":"https:\/\/www.europesays.com\/fr\/wp-json\/wp\/v2\/categories?post=537095"},{"taxonomy":"post_tag","embeddable":true,"href":"https:\/\/www.europesays.com\/fr\/wp-json\/wp\/v2\/tags?post=537095"}],"curies":[{"name":"wp","href":"https:\/\/api.w.org\/{rel}","templated":true}]}}