{"id":537107,"date":"2025-11-16T01:05:21","date_gmt":"2025-11-16T01:05:21","guid":{"rendered":"https:\/\/www.europesays.com\/fr\/537107\/"},"modified":"2025-11-16T01:05:21","modified_gmt":"2025-11-16T01:05:21","slug":"william-leymergie-desarconne-par-lea-salame-il-finit-en-larmes-dans-quelle-epoque","status":"publish","type":"post","link":"https:\/\/www.europesays.com\/fr\/537107\/","title":{"rendered":"William Leymergie d\u00e9sar\u00e7onn\u00e9 par L\u00e9a Salame : il finit en larmes dans \u00ab\u00a0Quelle \u00c9poque\u00a0\u00bb"},"content":{"rendered":"<p>Vives \u00e9motions sur le plateau de <strong>Quelle \u00c9poque<\/strong>. Ce samedi 15 novembre 2025, comme chaque week-end, <a href=\"https:\/\/www.public.fr\/tag\/lea-salame\" target=\"_blank\" rel=\"noopener\">L\u00e9a Salam\u00e9 <\/a>recevait de nombreuses personnalit\u00e9s sur le plateau de son hebdomadaire sur France 2. <a href=\"https:\/\/vsd.fr\/tag\/booder\/\" target=\"_blank\" rel=\"noopener\">L\u2019humoriste Booder,<\/a> la chroniqueuspre <a href=\"https:\/\/www.public.fr\/tag\/enora-malagre\" target=\"_blank\" rel=\"noopener\">\u00c9nora Malagr\u00e9<\/a>, <a href=\"https:\/\/www.public.fr\/william-leymergie-retour-surprise-sur-france-2\" target=\"_blank\" rel=\"noopener\">le pr\u00e9sentateur et producteur William Leymergie<\/a>, ou encore les com\u00e9diens de la s\u00e9rie HBO Max, <strong>Merteuil<\/strong>, ont r\u00e9pondu pr\u00e9sents pour se livrer \u00e0 c\u0153ur ouvert et raconter quelques anecdotes.<\/p>\n<p>L\u2019hebdomadaire a ouvert sa soir\u00e9e sur l\u2019humoriste Booder, actuellement en tourn\u00e9e avec son nouveau spectacle <strong>Ah\u2026 l\u2019\u00e9cole !<\/strong>. L\u2019occasion pour le principal int\u00e9ress\u00e9 d\u2019\u00e9voquer son nouveau one man show dans lequel il revient sur les difficult\u00e9s rencontr\u00e9es par les professeurs aujourd\u2019hui, et la pression \u00e0 laquelle sont soumis les enfants face aux notes.\u00a0<\/p>\n<p>\u00ab\u00a0On ne va pas \u00e0 l&rsquo;\u00e9cole pour apprendre, mais pour avoir des bonnes notes\u00a0\u00bb, selon lui aujourd\u2019hui. Un \u00e9tat d\u2019esprit qu\u2019il aimerait modifier et visiblement, l&rsquo;humoriste pr\u00e9c\u00e9dant William Leymergie a de nombreuses id\u00e9es pour am\u00e9liorer cette situation. Une tonne d\u2019id\u00e9es qui ont pouss\u00e9 L\u00e9a Salam\u00e9 \u00e0 se questionner : \u00ab\u00a0mais vous avez \u00e9t\u00e9 contact\u00e9 pour devenir le prochain ministre de l\u2019Education ?\u00a0\u00bb, rendant hilare l\u2019humoriste.<\/p>\n<p>William Leymergie, le symbole de \u00ab\u00a0T\u00e9l\u00e9matin\u00a0\u00bb<\/p>\n<p>Par la suite, William Leymergie est pass\u00e9 au scanner de L\u00e9a Salam\u00e9. Cette derni\u00e8re ne pouvait pas \u00e9voquer l\u2019\u00e9mission qui a accompagn\u00e9 la vie du <a href=\"https:\/\/www.public.fr\/sophie-davant-veut-animer-la-relance-de-tournez-manege-avec-william-leymergie\" target=\"_blank\" rel=\"noopener\">compagnon de Sophie Davant<\/a> pendant plus de 31 ans : <strong>T\u00e9l\u00e9matin.<\/strong><\/p>\n<p>Une matinale qu\u2019il a en effet lanc\u00e9e en janvier 1985 et qu\u2019il a pr\u00e9sent\u00e9e jusqu\u2019au 30 juin 2017. Un jour que le compagnon de <a href=\"https:\/\/www.public.fr\/tag\/sophie-davant\" target=\"_blank\" rel=\"noopener\">Sophie Davant<\/a> n\u2019a jamais oubli\u00e9 et qui lui procure toujours autant d\u2019\u00e9motions lorsqu\u2019il y pense. La preuve, ce samedi soir, lorsque la pr\u00e9sentatrice de <strong>Quelle \u00c9poque<\/strong> lui a \u00e0 nouveau diffus\u00e9 les images de son d\u00e9part.\u00a0<\/p>\n<p>Une \u00e9mission qui a accompagn\u00e9 sa vie pendant plus de 31 ans, et qui l&rsquo;\u00e9meut encore<\/p>\n<p><strong>\u00ab\u00a0\u00c7a vous \u00e9meut encore ?\u00a0\u00bb<\/strong>, lui a demand\u00e9 L\u00e9a Salam\u00e9, surprise par l\u2019\u00e9motion de son invit\u00e9. \u00ab\u00a0Oh oui\u2026 Moi, je suis comme Booder, vous faites \u00e7a (un claquement de doigts:ndlr), je pleure. Mais \u00e7a (les images de son d\u00e9part:ndlr), \u00e7a marche \u00e0 tous les coups\u00a0\u00bb, a confirm\u00e9 William Leymergie \u00e0 son homologue. \u00ab\u00a0Pourquoi ?\u00a0\u00bb, a rench\u00e9ri la compagne de Rapha\u00ebl Glucksmann avant que l\u2019ancien pr\u00e9sentateur de T\u00e9l\u00e9matin ne r\u00e9torque : <strong>\u00ab\u00a0Parce que je me souviens de ce jour. C&rsquo;est un jour assez douloureux. Je ne pensais pas\u00a0\u00bb.\u00a0<\/strong><\/p>\n<p>\u00ab\u00a0Regardez, vous voyez tous ces gens-l\u00e0 ? Je les ai tous embauch\u00e9s, un par un. Je les connais donc tous et je les aime tous. Donc, en face de moi, ils pleurent en me disant : \u2018Au revoir, \u00e0 bient\u00f4t\u2019. <strong>Qu&rsquo;est-ce que vous voulez que je fasse ? Je m&rsquo;\u00e9croule<\/strong>. Et 10 ans plus tard, revoir \u00e7a, je suis content de les voir, je suis retourn\u00e9 les voir. Ils m&rsquo;ont invit\u00e9 \u00e0 T\u00e9l\u00e9matin. Pour les 40 ans de T\u00e9l\u00e9matin. Mais l\u00e0, pareil, je me suis&#8230; Je n&rsquo;ai pas cess\u00e9 d&#8217;embrasser des gens pendant une heure et demie et j&rsquo;\u00e9tais fou de joie\u00a0\u00bb, a poursuivi William Leymergie, tr\u00e8s \u00e9mu.<\/p>\n<p>En effet, pour le producteur de t\u00e9l\u00e9vision de 78 ans, <strong>T\u00e9l\u00e9matin<\/strong> repr\u00e9sente <strong>un peu plus de 31 ans de sa vie<\/strong>, \u00ab\u00a0tous les jours\u00a0\u00bb. Toutes les personnes qui travaillent sur cette matinale, des ing\u00e9s sons aux maquilleuses, ont une place importante dans son c\u0153ur et n\u2019en sortiront jamais.<\/p>\n<p>\n          Hits &amp; People en continu\n        <\/p>\n<p>\n          Public Radio\n        <\/p>\n<p>      Mentionn\u00e9s dans cet article<\/p>\n<p>      Sur le m\u00eame sujet<\/p>\n","protected":false},"excerpt":{"rendered":"Vives \u00e9motions sur le plateau de Quelle \u00c9poque. Ce samedi 15 novembre 2025, comme chaque week-end, L\u00e9a Salam\u00e9&hellip;\n","protected":false},"author":2,"featured_media":537108,"comment_status":"","ping_status":"","sticky":false,"template":"","format":"standard","meta":{"footnotes":""},"categories":[1356],"tags":[27098,58,59,1011,27,3806,4495,32401,12959,252,1364,32400],"class_list":{"0":"post-537107","1":"post","2":"type-post","3":"status-publish","4":"format-standard","5":"has-post-thumbnail","7":"category-television","8":"tag-booder","9":"tag-divertissement","10":"tag-entertainment","11":"tag-fr","12":"tag-france","13":"tag-lea-salame","14":"tag-quelle-epoque","15":"tag-sophie-davant","16":"tag-telematin","17":"tag-television","18":"tag-tv","19":"tag-william-leymergie"},"share_on_mastodon":{"url":"https:\/\/pubeurope.com\/@fr\/115556694432313768","error":""},"_links":{"self":[{"href":"https:\/\/www.europesays.com\/fr\/wp-json\/wp\/v2\/posts\/537107","targetHints":{"allow":["GET"]}}],"collection":[{"href":"https:\/\/www.europesays.com\/fr\/wp-json\/wp\/v2\/posts"}],"about":[{"href":"https:\/\/www.europesays.com\/fr\/wp-json\/wp\/v2\/types\/post"}],"author":[{"embeddable":true,"href":"https:\/\/www.europesays.com\/fr\/wp-json\/wp\/v2\/users\/2"}],"replies":[{"embeddable":true,"href":"https:\/\/www.europesays.com\/fr\/wp-json\/wp\/v2\/comments?post=537107"}],"version-history":[{"count":0,"href":"https:\/\/www.europesays.com\/fr\/wp-json\/wp\/v2\/posts\/537107\/revisions"}],"wp:featuredmedia":[{"embeddable":true,"href":"https:\/\/www.europesays.com\/fr\/wp-json\/wp\/v2\/media\/537108"}],"wp:attachment":[{"href":"https:\/\/www.europesays.com\/fr\/wp-json\/wp\/v2\/media?parent=537107"}],"wp:term":[{"taxonomy":"category","embeddable":true,"href":"https:\/\/www.europesays.com\/fr\/wp-json\/wp\/v2\/categories?post=537107"},{"taxonomy":"post_tag","embeddable":true,"href":"https:\/\/www.europesays.com\/fr\/wp-json\/wp\/v2\/tags?post=537107"}],"curies":[{"name":"wp","href":"https:\/\/api.w.org\/{rel}","templated":true}]}}