{"id":537111,"date":"2025-11-16T01:07:36","date_gmt":"2025-11-16T01:07:36","guid":{"rendered":"https:\/\/www.europesays.com\/fr\/537111\/"},"modified":"2025-11-16T01:07:36","modified_gmt":"2025-11-16T01:07:36","slug":"kpop-demon-hunters-2-la-bande-annonce-la-plus-regardee-par-les-fans","status":"publish","type":"post","link":"https:\/\/www.europesays.com\/fr\/537111\/","title":{"rendered":"KPop Demon Hunters 2 : la bande-annonce la plus regard\u00e9e par les fans"},"content":{"rendered":"<p><b>KPop Demon Hunters 2<\/b> ne sortira pas avant 2029, mais le film suscite d\u00e9j\u00e0 une forte attente. Depuis l\u2019annonce de la suite, les fans esp\u00e8rent d\u00e9couvrir une premi\u00e8re bande-annonce officielle. En attendant, YouTube et TikTok se remplissent de vid\u00e9os non officielles, souvent si abouties qu\u2019elles donnent l\u2019impression d\u2019un vrai teaser produit par Netflix.<\/p>\n<p>Ces <strong>fan-trailers<\/strong> reprennent les \u00e9l\u00e9ments marquants du premier volet : l\u2019\u00e9nergie pop, les combats stylis\u00e9s et l\u2019ambiance urbaine satur\u00e9e de n\u00e9ons. Certains d\u00e9passent d\u00e9j\u00e0 le million de vues. J\u2019ai parcouru les plateformes pour rep\u00e9rer les cr\u00e9ations les plus regard\u00e9es et les plus cr\u00e9dibles, celles qui entretiennent la curiosit\u00e9 autour du film.<\/p>\n<p>Des cr\u00e9ations qui entretiennent la hype<\/p>\n<p>En l\u2019absence d\u2019images officielles, les amateurs d\u2019animation se sont empar\u00e9s du sujet. Ils combinent des extraits du premier film, des montages in\u00e9dits et des musiques remix\u00e9es pour produire des <b>bandes-annonces convaincantes<\/b>. Le r\u00e9sultat tient parfois du court-m\u00e9trage : montage pr\u00e9cis, rythme ma\u00eetris\u00e9, transitions inspir\u00e9es des clips <a href=\"https:\/\/worldofgeek.fr\/kpopped\/\" rel=\"nofollow noopener\" target=\"_blank\">K-pop<\/a>. Ces vid\u00e9os donnent une id\u00e9e de ce que pourrait \u00eatre le ton du futur film.<\/p>\n<p>On y retrouve <b>Mira<\/b>, <b>Zoey<\/b> et <b>Rumi<\/b>, souvent mises en sc\u00e8ne dans des univers retravaill\u00e9s, entre sc\u00e8nes de concert et affrontements mystiques. Les cr\u00e9ateurs imaginent de nouvelles chor\u00e9graphies, ajoutent des effets lumineux et jouent sur la musique pour amplifier l\u2019\u00e9motion. Ce m\u00e9lange d\u2019action et d\u2019esth\u00e9tique musicale rappelle pourquoi la franchise a marqu\u00e9 le public d\u00e8s sa sortie.<\/p>\n<p>Les fan-trailers les plus regard\u00e9s (non officiel)<\/p>\n<p>Plusieurs montages se d\u00e9marquent par leur qualit\u00e9. Le plus populaire, intitul\u00e9 \u00ab\u00a0<a href=\"https:\/\/worldofgeek.fr\/kpop-demon-hunters-2029-court-metrage\/\" rel=\"nofollow noopener\" target=\"_blank\">KPop Demon Hunters<\/a> 2 (2027)\u00ab\u00a0, d\u00e9passe les trois millions de vues. Il suit une structure classique de teaser : ouverture lente, mont\u00e9e en tension et final musical explosif. D\u2019autres optent pour un ton plus introspectif ou \u00e9motionnel, mais tous partagent un m\u00eame soin du d\u00e9tail.<\/p>\n<\/p>\n<\/p>\n<p>Ces vid\u00e9os d\u00e9montrent la ma\u00eetrise technique des fans et leur compr\u00e9hension de l\u2019univers. Elles s\u2019imposent comme des cr\u00e9ations \u00e0 part enti\u00e8re, entre hommage et anticipation.<\/p>\n<p>Une passion mondiale avant la sortie<\/p>\n<p>Les commentaires affluent sous chaque vid\u00e9o, souvent r\u00e9dig\u00e9s en plusieurs langues. Des spectateurs du monde entier partagent th\u00e9ories, analyses et comparaisons. L\u2019attente se transforme en \u00e9change collectif. Cette dynamique illustre la place qu\u2019a pris <b>KPop Demon Hunters<\/b> dans la culture pop : plus qu\u2019un film, un rep\u00e8re visuel et musical partag\u00e9.<\/p>\n<p>Les fans cr\u00e9ent d\u00e9sormais un imaginaire parall\u00e8le autour de la franchise. Leurs montages, souvent r\u00e9alis\u00e9s avec des outils accessibles, montrent \u00e0 quel point la fronti\u00e8re entre cr\u00e9ateur et spectateur s\u2019efface. En attendant la bande-annonce officielle, ce sont eux qui fa\u00e7onnent la perception du futur film.<\/p>\n<p>Un aper\u00e7u avant l\u2019heure<\/p>\n<p>Aucune date pr\u00e9cise n\u2019a encore \u00e9t\u00e9 annonc\u00e9e pour la diffusion du premier teaser officiel, mais l\u2019attente continue de cro\u00eetre. Ces vid\u00e9os non officielles permettent de maintenir l\u2019attention du public et de prolonger l\u2019univers du film entre deux annonces. Elles rappellent aussi la capacit\u00e9 du public \u00e0 s\u2019approprier les \u0153uvres qu\u2019il aime, \u00e0 en prolonger la vie et \u00e0 en nourrir le mythe.<\/p>\n<p>En regardant ces montages, on per\u00e7oit \u00e0 la fois l\u2019impatience et l\u2019enthousiasme d\u2019une g\u00e9n\u00e9ration qui ne veut plus se contenter d\u2019attendre. Les fans de <b>Huntr\/x<\/b> ont d\u00e9j\u00e0 trouv\u00e9 leur mani\u00e8re de c\u00e9l\u00e9brer le retour du trio, avant m\u00eame que les studios n\u2019appuient sur \u201clecture\u201d.<\/p>\n","protected":false},"excerpt":{"rendered":"KPop Demon Hunters 2 ne sortira pas avant 2029, mais le film suscite d\u00e9j\u00e0 une forte attente. Depuis&hellip;\n","protected":false},"author":2,"featured_media":537112,"comment_status":"","ping_status":"","sticky":false,"template":"","format":"standard","meta":{"footnotes":""},"categories":[1354],"tags":[58,59,1346,1011,27,1360],"class_list":{"0":"post-537111","1":"post","2":"type-post","3":"status-publish","4":"format-standard","5":"has-post-thumbnail","7":"category-films","8":"tag-divertissement","9":"tag-entertainment","10":"tag-films","11":"tag-fr","12":"tag-france","13":"tag-movies"},"share_on_mastodon":{"url":"https:\/\/pubeurope.com\/@fr\/115556702430782735","error":""},"_links":{"self":[{"href":"https:\/\/www.europesays.com\/fr\/wp-json\/wp\/v2\/posts\/537111","targetHints":{"allow":["GET"]}}],"collection":[{"href":"https:\/\/www.europesays.com\/fr\/wp-json\/wp\/v2\/posts"}],"about":[{"href":"https:\/\/www.europesays.com\/fr\/wp-json\/wp\/v2\/types\/post"}],"author":[{"embeddable":true,"href":"https:\/\/www.europesays.com\/fr\/wp-json\/wp\/v2\/users\/2"}],"replies":[{"embeddable":true,"href":"https:\/\/www.europesays.com\/fr\/wp-json\/wp\/v2\/comments?post=537111"}],"version-history":[{"count":0,"href":"https:\/\/www.europesays.com\/fr\/wp-json\/wp\/v2\/posts\/537111\/revisions"}],"wp:featuredmedia":[{"embeddable":true,"href":"https:\/\/www.europesays.com\/fr\/wp-json\/wp\/v2\/media\/537112"}],"wp:attachment":[{"href":"https:\/\/www.europesays.com\/fr\/wp-json\/wp\/v2\/media?parent=537111"}],"wp:term":[{"taxonomy":"category","embeddable":true,"href":"https:\/\/www.europesays.com\/fr\/wp-json\/wp\/v2\/categories?post=537111"},{"taxonomy":"post_tag","embeddable":true,"href":"https:\/\/www.europesays.com\/fr\/wp-json\/wp\/v2\/tags?post=537111"}],"curies":[{"name":"wp","href":"https:\/\/api.w.org\/{rel}","templated":true}]}}