{"id":537119,"date":"2025-11-16T01:11:12","date_gmt":"2025-11-16T01:11:12","guid":{"rendered":"https:\/\/www.europesays.com\/fr\/537119\/"},"modified":"2025-11-16T01:11:12","modified_gmt":"2025-11-16T01:11:12","slug":"lalerte-brutale-dun-superordinateur-sur-le-futur-de-la-terre","status":"publish","type":"post","link":"https:\/\/www.europesays.com\/fr\/537119\/","title":{"rendered":"l\u2019alerte brutale d\u2019un superordinateur sur le futur de la Terre"},"content":{"rendered":"<p>Selon des mod\u00e9lisations climatiques, la formation d\u2019un supercontinent, nomm\u00e9 Pang\u00e9e Ultima, pourrait survenir dans environ 250 millions d\u2019ann\u00e9es. Cette immense masse continentale, r\u00e9sultant de la convergence des continents actuels, g\u00e9n\u00e9rerait un climat extr\u00eame caract\u00e9ris\u00e9 par des temp\u00e9ratures \u00e9lev\u00e9es et une s\u00e9cheresse prononc\u00e9e.<\/p>\n<p>Une Terre unifi\u00e9e\u2026 mais inhospitali\u00e8re<\/p>\n<p>Les chercheurs pr\u00e9disent que ce supercontinent serait marqu\u00e9 par des temp\u00e9ratures oscillant entre 40 et 50 degr\u00e9s Celsius, avec des extr\u00eames quotidiens encore plus \u00e9lev\u00e9s. Ces conditions seraient exacerb\u00e9es par une augmentation du taux de dioxyde de carbone dans l\u2019atmosph\u00e8re, due \u00e0 des \u00e9ruptions volcaniques plus fr\u00e9quentes et une intensification de l\u2019\u00e9nergie \u00e9mise par un soleil plus lumineux.<\/p>\n<p>Alexander Farnsworth, chercheur principal de l\u2019\u00e9tude publi\u00e9e dans <a href=\"https:\/\/www.nature.com\/articles\/s41561-023-01259-3?utm_medium=affiliate&amp;utm_source=commission_junction&amp;utm_campaign=CONR_PF018_ECOM_GL_PBOK_ALWYS_DEEPLINK&amp;utm_content=textlink&amp;utm_term=PID100021860&amp;CJEVENT=a26b5bf10b7711ef818301cc0a18b8fc\" target=\"_blank\" rel=\"noopener\">Nature<\/a>, explique que cette combinaison de facteurs cr\u00e9erait un environnement pratiquement invivable pour les humains et les autres mammif\u00e8res. La capacit\u00e9 de ces esp\u00e8ces \u00e0 r\u00e9guler leur temp\u00e9rature corporelle par la transpiration serait compromise, rendant la survie presque impossible face \u00e0 une chaleur et une humidit\u00e9 extr\u00eames.<\/p>\n<p>Bien que ces pr\u00e9dictions concernent un futur tr\u00e8s lointain, les auteurs de l\u2019\u00e9tude mettent en garde contre un rel\u00e2chement dans la lutte contre les changements climatiques actuels. Les effets d\u00e9j\u00e0 observables du r\u00e9chauffement climatique, comme les vagues de chaleur extr\u00eames, ont un impact direct sur la sant\u00e9 humaine et la biodiversit\u00e9. Eunice Lo, co-auteure de l\u2019\u00e9tude, souligne l\u2019urgence d\u2019atteindre les objectifs de z\u00e9ro \u00e9mission nette pour \u00e9viter que les cons\u00e9quences pr\u00e9vues pour la Pang\u00e9e Ultima ne deviennent une r\u00e9alit\u00e9 \u00e0 une \u00e9chelle temporelle beaucoup plus courte.<\/p>\n<p>La n\u00e9cessit\u00e9 d\u2019une action imm\u00e9diate est d\u2019autant plus pressante que le dernier rapport de l\u2019ONU r\u00e9v\u00e8le que, sans une r\u00e9duction significative du r\u00e9chauffement global, des milliards d\u2019individus et de nombreuses esp\u00e8ces ne seront plus capables de s\u2019adapter. Benjamin Mills, co-auteur du rapport, ajoute que m\u00eame en arr\u00eatant aujourd\u2019hui l\u2019exploitation des combustibles fossiles, le niveau de CO2 pourrait doubler par rapport aux niveaux actuels, une perspective qui pourrait se concr\u00e9tiser bien plus t\u00f4t en absence de mesures efficaces.<\/p>\n<p>L\u2019\u00e9tude des chercheurs de l\u2019Universit\u00e9 de Bristol porte certes sur des \u00e9v\u00e9nements futurs \u00e0 une \u00e9chelle de temps g\u00e9ologique. Mais elle sert de rappel poignant des d\u00e9fis imm\u00e9diats auxquels nous sommes confront\u00e9s. La possibilit\u00e9 d\u2019un avenir o\u00f9 notre plan\u00e8te deviendrait hostile \u00e0 la vie telle que nous la connaissons met en perspective l\u2019importance cruciale des efforts d\u00e9ploy\u00e9s aujourd\u2019hui pour mod\u00e9rer les changements climatiques. Elle renforce en tout cas l\u2019urgence d\u2019une action climatique soutenue et imm\u00e9diate, essentielle pour pr\u00e9server les conditions de vie sur Terre.<\/p>\n<blockquote>\n<p class=\"text-base text-neutral-700 dark:text-neutral-300\">\ud83d\udfe3 Pour ne manquer aucune news sur le Journal du Geek, abonnez-vous sur <a href=\"https:\/\/news.google.com\/publications\/CAAqBwgKMNr_hAswwYyCAw?hl=fr&amp;gl=FR&amp;ceid=FR%3Afr\" target=\"_blank\" rel=\"noopener\">Google Actualit\u00e9s<\/a> et sur <a href=\"https:\/\/whatsapp.com\/channel\/0029VaClM5y4tRry12tb7D2h\" target=\"_blank\" rel=\"noopener\">notre WhatsApp<\/a>. Et si vous nous adorez, on a <a href=\"https:\/\/www.journaldugeek.com\/newsletter\/\" target=\"_blank\" rel=\"noopener\">une newsletter tous les matins<\/a>.<\/p>\n<\/blockquote>\n","protected":false},"excerpt":{"rendered":"Selon des mod\u00e9lisations climatiques, la formation d\u2019un supercontinent, nomm\u00e9 Pang\u00e9e Ultima, pourrait survenir dans environ 250 millions d\u2019ann\u00e9es.&hellip;\n","protected":false},"author":2,"featured_media":537120,"comment_status":"","ping_status":"","sticky":false,"template":"","format":"standard","meta":{"footnotes":""},"categories":[7],"tags":[436,1011,27,5852,34903,43,40,41,39,42,44],"class_list":{"0":"post-537119","1":"post","2":"type-post","3":"status-publish","4":"format-standard","5":"has-post-thumbnail","7":"category-sciences-et-technologies","8":"tag-environnement","9":"tag-fr","10":"tag-france","11":"tag-futur","12":"tag-prevision","13":"tag-science","14":"tag-science-and-technology","15":"tag-sciences","16":"tag-sciences-et-technologies","17":"tag-technologies","18":"tag-technology"},"share_on_mastodon":{"url":"https:\/\/pubeurope.com\/@fr\/115556718036720328","error":""},"_links":{"self":[{"href":"https:\/\/www.europesays.com\/fr\/wp-json\/wp\/v2\/posts\/537119","targetHints":{"allow":["GET"]}}],"collection":[{"href":"https:\/\/www.europesays.com\/fr\/wp-json\/wp\/v2\/posts"}],"about":[{"href":"https:\/\/www.europesays.com\/fr\/wp-json\/wp\/v2\/types\/post"}],"author":[{"embeddable":true,"href":"https:\/\/www.europesays.com\/fr\/wp-json\/wp\/v2\/users\/2"}],"replies":[{"embeddable":true,"href":"https:\/\/www.europesays.com\/fr\/wp-json\/wp\/v2\/comments?post=537119"}],"version-history":[{"count":0,"href":"https:\/\/www.europesays.com\/fr\/wp-json\/wp\/v2\/posts\/537119\/revisions"}],"wp:featuredmedia":[{"embeddable":true,"href":"https:\/\/www.europesays.com\/fr\/wp-json\/wp\/v2\/media\/537120"}],"wp:attachment":[{"href":"https:\/\/www.europesays.com\/fr\/wp-json\/wp\/v2\/media?parent=537119"}],"wp:term":[{"taxonomy":"category","embeddable":true,"href":"https:\/\/www.europesays.com\/fr\/wp-json\/wp\/v2\/categories?post=537119"},{"taxonomy":"post_tag","embeddable":true,"href":"https:\/\/www.europesays.com\/fr\/wp-json\/wp\/v2\/tags?post=537119"}],"curies":[{"name":"wp","href":"https:\/\/api.w.org\/{rel}","templated":true}]}}