{"id":537122,"date":"2025-11-16T01:13:16","date_gmt":"2025-11-16T01:13:16","guid":{"rendered":"https:\/\/www.europesays.com\/fr\/537122\/"},"modified":"2025-11-16T01:13:16","modified_gmt":"2025-11-16T01:13:16","slug":"la-defense-de-taiwan-provoque-un-grave-refroidissement-entre-le-japon-et-la-chine-liberation","status":"publish","type":"post","link":"https:\/\/www.europesays.com\/fr\/537122\/","title":{"rendered":"La d\u00e9fense de Taiwan provoque un grave refroidissement entre le Japon et la Chine \u2013 Lib\u00e9ration"},"content":{"rendered":"<p class=\"sc-cPiKLX AiZTS text-element\">A-t-elle vraiment r\u00e9fl\u00e9chi aux cons\u00e9quences de ses propos ? C\u2019est la question que se posent des politologues japonais, apr\u00e8s avoir entendu la <a href=\"https:\/\/www.liberation.fr\/international\/asie-pacifique\/avec-la-nationaliste-sanae-takaichi-le-japon-a-droite-toute-20251021_COWFZA7ICBD2JPT2GQV27EZH7I\/\" target=\"_blank\" rel=\"noopener\" title=\"https:\/\/www.liberation.fr\/international\/asie-pacifique\/avec-la-nationaliste-sanae-takaichi-le-japon-a-droite-toute-20251021_COWFZA7ICBD2JPT2GQV27EZH7I\/\">Premi\u00e8re ministre japonaise<\/a>, Sanae Takaichi, le 7 novembre, d\u00e9rouler de bout en bout l\u2019hypoth\u00e8se d\u2019une attaque <a href=\"https:\/\/www.liberation.fr\/international\/asie-pacifique\/francois-wu-vice-ministre-des-affaires-etrangeres-taiwanais-la-chine-essaye-de-faire-tomber-taiwan-depuis-linterieur-20250821_CIT4WJAETFDHJH4KFR7HRA53FM\/\" target=\"_blank\" rel=\"noopener\" title=\"https:\/\/www.liberation.fr\/international\/asie-pacifique\/francois-wu-vice-ministre-des-affaires-etrangeres-taiwanais-la-chine-essaye-de-faire-tomber-taiwan-depuis-linterieur-20250821_CIT4WJAETFDHJH4KFR7HRA53FM\/\">de Taiwan par la Chine<\/a> et l\u2019intervention possible du Japon pour d\u00e9fendre ses int\u00e9r\u00eats existentiels. Surtout que ces propos ont \u00e9t\u00e9 tenus dans l\u2019enceinte du Parlement en r\u00e9ponse \u00e0 des questions d\u2019un \u00e9lu d\u2019opposition, Katsuya Okada, un ex-ministre des Affaires \u00e9trang\u00e8res tr\u00e8s au fait du sujet. Les d\u00e9clarations de la nouvelle cheffe de gouvernement ont d\u00e9clench\u00e9 une spirale diplomatique r\u00e9gionale.<\/p>\n<p class=\"sc-cPiKLX AiZTS text-element\">Sp\u00e9cialiste de la d\u00e9fense, le journal<\/p>\n","protected":false},"excerpt":{"rendered":"A-t-elle vraiment r\u00e9fl\u00e9chi aux cons\u00e9quences de ses propos ? C\u2019est la question que se posent des politologues japonais,&hellip;\n","protected":false},"author":2,"featured_media":537123,"comment_status":"","ping_status":"","sticky":false,"template":"","format":"standard","meta":{"footnotes":""},"categories":[5],"tags":[11,309,1011,27,14,2070,12,22053,28],"class_list":{"0":"post-537122","1":"post","2":"type-post","3":"status-publish","4":"format-standard","5":"has-post-thumbnail","7":"category-international","8":"tag-actualites","9":"tag-chine","10":"tag-fr","11":"tag-france","12":"tag-international","13":"tag-japon","14":"tag-news","15":"tag-taiwan","16":"tag-world"},"share_on_mastodon":{"url":"https:\/\/pubeurope.com\/@fr\/115556725826748295","error":""},"_links":{"self":[{"href":"https:\/\/www.europesays.com\/fr\/wp-json\/wp\/v2\/posts\/537122","targetHints":{"allow":["GET"]}}],"collection":[{"href":"https:\/\/www.europesays.com\/fr\/wp-json\/wp\/v2\/posts"}],"about":[{"href":"https:\/\/www.europesays.com\/fr\/wp-json\/wp\/v2\/types\/post"}],"author":[{"embeddable":true,"href":"https:\/\/www.europesays.com\/fr\/wp-json\/wp\/v2\/users\/2"}],"replies":[{"embeddable":true,"href":"https:\/\/www.europesays.com\/fr\/wp-json\/wp\/v2\/comments?post=537122"}],"version-history":[{"count":0,"href":"https:\/\/www.europesays.com\/fr\/wp-json\/wp\/v2\/posts\/537122\/revisions"}],"wp:featuredmedia":[{"embeddable":true,"href":"https:\/\/www.europesays.com\/fr\/wp-json\/wp\/v2\/media\/537123"}],"wp:attachment":[{"href":"https:\/\/www.europesays.com\/fr\/wp-json\/wp\/v2\/media?parent=537122"}],"wp:term":[{"taxonomy":"category","embeddable":true,"href":"https:\/\/www.europesays.com\/fr\/wp-json\/wp\/v2\/categories?post=537122"},{"taxonomy":"post_tag","embeddable":true,"href":"https:\/\/www.europesays.com\/fr\/wp-json\/wp\/v2\/tags?post=537122"}],"curies":[{"name":"wp","href":"https:\/\/api.w.org\/{rel}","templated":true}]}}