{"id":537128,"date":"2025-11-16T01:16:22","date_gmt":"2025-11-16T01:16:22","guid":{"rendered":"https:\/\/www.europesays.com\/fr\/537128\/"},"modified":"2025-11-16T01:16:22","modified_gmt":"2025-11-16T01:16:22","slug":"la-ricamarie-tissage-colore-recherche-de-nouveaux-benevoles","status":"publish","type":"post","link":"https:\/\/www.europesays.com\/fr\/537128\/","title":{"rendered":"La Ricamarie. Tissage Color\u00e9 recherche de nouveaux b\u00e9n\u00e9voles"},"content":{"rendered":"<p>Pr\u00e8s de 70 personnes \u00e9taient pr\u00e9sentes jeudi soir, en majorit\u00e9 du quartier, \u00e0 l\u2019assembl\u00e9e g\u00e9n\u00e9rale de Tissage Color\u00e9. Une satisfaction pour cette association pr\u00e9sente depuis plus de trente ans dans le quartier du Montcel. Premier effet de la vitalit\u00e9 de l\u2019association et de son engagement fort aupr\u00e8s des populations\u00a0: \u00ab\u00a0On sent ici que c\u2019est du quotidien, du&#8230;<\/p>\n","protected":false},"excerpt":{"rendered":"Pr\u00e8s de 70 personnes \u00e9taient pr\u00e9sentes jeudi soir, en majorit\u00e9 du quartier, \u00e0 l\u2019assembl\u00e9e g\u00e9n\u00e9rale de Tissage Color\u00e9.&hellip;\n","protected":false},"author":2,"featured_media":537129,"comment_status":"","ping_status":"","sticky":false,"template":"","format":"standard","meta":{"footnotes":""},"categories":[9653],"tags":[1111,11,2430,7539,1777,674,1011,27,11324,11325,12,25,4001,104,1631],"class_list":{"0":"post-537128","1":"post","2":"type-post","3":"status-publish","4":"format-standard","5":"has-post-thumbnail","7":"category-saint-etienne","8":"tag-actu","9":"tag-actualites","10":"tag-auvergne-rhone-alpes","11":"tag-edition-loire-sud","12":"tag-eu","13":"tag-europe","14":"tag-fr","15":"tag-france","16":"tag-la-ricamarie","17":"tag-la-ricamarie-ville","18":"tag-news","19":"tag-republique-francaise","20":"tag-saint-etienne","21":"tag-societe","22":"tag-vie-associative"},"share_on_mastodon":{"url":"https:\/\/pubeurope.com\/@fr\/115556737646639529","error":""},"_links":{"self":[{"href":"https:\/\/www.europesays.com\/fr\/wp-json\/wp\/v2\/posts\/537128","targetHints":{"allow":["GET"]}}],"collection":[{"href":"https:\/\/www.europesays.com\/fr\/wp-json\/wp\/v2\/posts"}],"about":[{"href":"https:\/\/www.europesays.com\/fr\/wp-json\/wp\/v2\/types\/post"}],"author":[{"embeddable":true,"href":"https:\/\/www.europesays.com\/fr\/wp-json\/wp\/v2\/users\/2"}],"replies":[{"embeddable":true,"href":"https:\/\/www.europesays.com\/fr\/wp-json\/wp\/v2\/comments?post=537128"}],"version-history":[{"count":0,"href":"https:\/\/www.europesays.com\/fr\/wp-json\/wp\/v2\/posts\/537128\/revisions"}],"wp:featuredmedia":[{"embeddable":true,"href":"https:\/\/www.europesays.com\/fr\/wp-json\/wp\/v2\/media\/537129"}],"wp:attachment":[{"href":"https:\/\/www.europesays.com\/fr\/wp-json\/wp\/v2\/media?parent=537128"}],"wp:term":[{"taxonomy":"category","embeddable":true,"href":"https:\/\/www.europesays.com\/fr\/wp-json\/wp\/v2\/categories?post=537128"},{"taxonomy":"post_tag","embeddable":true,"href":"https:\/\/www.europesays.com\/fr\/wp-json\/wp\/v2\/tags?post=537128"}],"curies":[{"name":"wp","href":"https:\/\/api.w.org\/{rel}","templated":true}]}}