{"id":537131,"date":"2025-11-16T01:19:21","date_gmt":"2025-11-16T01:19:21","guid":{"rendered":"https:\/\/www.europesays.com\/fr\/537131\/"},"modified":"2025-11-16T01:19:21","modified_gmt":"2025-11-16T01:19:21","slug":"nancy-dans-le-grand-est-un-tiers-des-salaries-sont-des-ouvriers","status":"publish","type":"post","link":"https:\/\/www.europesays.com\/fr\/537131\/","title":{"rendered":"Nancy. Dans le Grand Est, un tiers des salari\u00e9s sont des ouvriers"},"content":{"rendered":"<p> Avec une inflation sup\u00e9rieure \u00e0 la hausse des revenus du priv\u00e9, une enqu\u00eate de l\u2019Insee r\u00e9v\u00e8le qu\u2019en 2023, la baisse du pouvoir d\u2019achat atteint 0,6\u00a0% dans les entreprises du priv\u00e9 du Grand Est. C\u2019est autour d\u2019\u00c9pernay et de Strasbourg que les salaires sont les plus \u00e9lev\u00e9s.<\/p>\n<p>&#13;<br \/>\n              Antoine P\u00e9try &#8211; &#13;<br \/>\n        &#13;<br \/>\n          06 oct. 2025 \u00e0 17:38&#13;<br \/>\n    &#13;<br \/>\n        &#8211; Temps de lecture : &#13;<br \/>\n  &#13;\n<\/p>\n<p>                    &#13;<br \/>\n    &#13;<br \/>\n    &#13;<br \/>\n    <a href=\"https:\/\/cdn-s-www.estrepublicain.fr\/images\/7B0A7308-8735-44D3-99A0-2B374F09ABA6\/NW_raw\/dans-le-prive-la-perte-du-pouvoir-d-achat-en-2023-est-de-0-6-en-moyenne-photo-alexandre-marchi-1759779315.jpg\" title=\"Dans le priv\u00e9, la perte du pouvoir d\u2019achat en 2023 est de 0,6 % en moyenne. Photo Alexandre Marchi.\" class=\"chocolat-image GA-tracking\" data-ga_type=\"click\" data-ga_category=\"D\u00e9tail\" data-ga_action=\"zoomer\" data-ga_label=\"aggrandir image\" target=\"_blank\" rel=\"noopener\">&#13;<br \/>\n        <img src=\"https:\/\/www.europesays.com\/fr\/wp-content\/uploads\/2025\/11\/dans-le-prive-la-perte-du-pouvoir-d-achat-en-2023-est-de-0-6-en-moyenne-photo-alexandre-marchi-17597.jpeg\"   alt=\"Dans le priv\u00e9, la perte du pouvoir d\u2019achat en 2023 est de 0,6 % en moyenne. Photo Alexandre Marchi.\" fetchpriority=\"high\" decoding=\"async\" data-mobile=\"NW_detail_M|1759779315\" data-base=\"NW_detail|1759779315\"\/>&#13;<br \/>\n    <\/a>&#13;<br \/>\n    Dans le priv\u00e9, la perte du pouvoir d\u2019achat en 2023 est de 0,6 % en moyenne. Photo Alexandre Marchi.<\/p>\n","protected":false},"excerpt":{"rendered":"Avec une inflation sup\u00e9rieure \u00e0 la hausse des revenus du priv\u00e9, une enqu\u00eate de l\u2019Insee r\u00e9v\u00e8le qu\u2019en 2023,&hellip;\n","protected":false},"author":2,"featured_media":537132,"comment_status":"","ping_status":"","sticky":false,"template":"","format":"standard","meta":{"footnotes":""},"categories":[9635],"tags":[1111,11,33,1704,1777,674,1011,27,775,3457,1702,1703,12,2922,3456,25],"class_list":{"0":"post-537131","1":"post","2":"type-post","3":"status-publish","4":"format-standard","5":"has-post-thumbnail","7":"category-nancy","8":"tag-actu","9":"tag-actualites","10":"tag-economie","11":"tag-edition-nancy-et-agglomeration","12":"tag-eu","13":"tag-europe","14":"tag-fr","15":"tag-france","16":"tag-grand-est","17":"tag-meurthe-et-moselle","18":"tag-nancy","19":"tag-nancy-ville-54b","20":"tag-news","21":"tag-pouvoir-dachat","22":"tag-region-lorraine","23":"tag-republique-francaise"},"share_on_mastodon":{"url":"https:\/\/pubeurope.com\/@fr\/115556749619877600","error":""},"_links":{"self":[{"href":"https:\/\/www.europesays.com\/fr\/wp-json\/wp\/v2\/posts\/537131","targetHints":{"allow":["GET"]}}],"collection":[{"href":"https:\/\/www.europesays.com\/fr\/wp-json\/wp\/v2\/posts"}],"about":[{"href":"https:\/\/www.europesays.com\/fr\/wp-json\/wp\/v2\/types\/post"}],"author":[{"embeddable":true,"href":"https:\/\/www.europesays.com\/fr\/wp-json\/wp\/v2\/users\/2"}],"replies":[{"embeddable":true,"href":"https:\/\/www.europesays.com\/fr\/wp-json\/wp\/v2\/comments?post=537131"}],"version-history":[{"count":0,"href":"https:\/\/www.europesays.com\/fr\/wp-json\/wp\/v2\/posts\/537131\/revisions"}],"wp:featuredmedia":[{"embeddable":true,"href":"https:\/\/www.europesays.com\/fr\/wp-json\/wp\/v2\/media\/537132"}],"wp:attachment":[{"href":"https:\/\/www.europesays.com\/fr\/wp-json\/wp\/v2\/media?parent=537131"}],"wp:term":[{"taxonomy":"category","embeddable":true,"href":"https:\/\/www.europesays.com\/fr\/wp-json\/wp\/v2\/categories?post=537131"},{"taxonomy":"post_tag","embeddable":true,"href":"https:\/\/www.europesays.com\/fr\/wp-json\/wp\/v2\/tags?post=537131"}],"curies":[{"name":"wp","href":"https:\/\/api.w.org\/{rel}","templated":true}]}}