{"id":537139,"date":"2025-11-16T01:26:16","date_gmt":"2025-11-16T01:26:16","guid":{"rendered":"https:\/\/www.europesays.com\/fr\/537139\/"},"modified":"2025-11-16T01:26:16","modified_gmt":"2025-11-16T01:26:16","slug":"le-trafic-de-dechets-vers-lafrique-enfin-sanctionne","status":"publish","type":"post","link":"https:\/\/www.europesays.com\/fr\/537139\/","title":{"rendered":"le trafic de d\u00e9chets vers l&rsquo;Afrique enfin sanctionn\u00e9 ?"},"content":{"rendered":"<p><img loading=\"lazy\" decoding=\"async\" width=\"696\" height=\"392\" class=\"entry-thumb\" src=\"https:\/\/www.europesays.com\/fr\/wp-content\/uploads\/2025\/11\/arton44175-696x392.jpg\"   alt=\"Des sacs plastiques\" title=\"Des sacs plastiques\"\/>Des sacs plastiques coinc\u00e9s dans les branches des arbres<\/p>\n<p>Le tribunal de Rouen, en Normandie \u2013 France, a rendu,\u00a0 jeudi 13 novembre, un verdict historique dans la lutte contre l\u2019exportation ill\u00e9gale de d\u00e9chets fran\u00e7ais vers l\u2019Afrique. Des trafiquants originaires du Mali et du Nigeria ont \u00e9t\u00e9 condamn\u00e9s \u00e0 des peines allant de 6 \u00e0 12 mois de prison avec sursis et \u00e0 des amendes comprises entre 9 730 et 261 000 euros, pour un montant total avoisinant le million d\u2019euros. Cette d\u00e9cision judiciaire, bien que symboliquement forte, soul\u00e8ve la question de l\u2019efficacit\u00e9 r\u00e9elle de la justice face \u00e0 un ph\u00e9nom\u00e8ne syst\u00e9mique qui perdure depuis des d\u00e9cennies.<\/p>\n<p>Une condamnation qui r\u00e9v\u00e8le l\u2019ampleur du probl\u00e8me<\/p>\n<p>Cette affaire de trafic de d\u00e9chet jug\u00e9e \u00e0 Rouen n\u2019est que la partie \u00e9merg\u00e9e d\u2019un iceberg bien plus vaste. Le fait que les pr\u00e9venus soient originaires de pays africains illustre la complexit\u00e9 des r\u00e9seaux impliqu\u00e9s, o\u00f9 victimes et complices se confondent parfois. Ces condamnations, aussi n\u00e9cessaires soient-elles, posent la question de la responsabilit\u00e9 des donneurs d\u2019ordre fran\u00e7ais et europ\u00e9ens qui alimentent ce syst\u00e8me.<\/p>\n<p>La France, comme d\u2019autres pays d\u00e9velopp\u00e9s, continue d\u2019<a href=\"https:\/\/www.afrik.com\/traite-mondial-contre-la-pollution-plastique-l-afrique-veut-peser-contre-le-colonialisme-des-dechets\" target=\"_blank\" rel=\"noopener\">exporter une partie substantielle de ses d\u00e9chets vers l\u2019Afrique<\/a>, perp\u00e9tuant une forme moderne de colonialisme environnemental. Les amendes prononc\u00e9es \u00e0 Rouen, bien qu\u2019importantes pour des individus, restent d\u00e9risoires au regard des profits g\u00e9n\u00e9r\u00e9s par ce commerce illicite et des co\u00fbts environnementaux et sanitaires support\u00e9s par les populations africaines.<\/p>\n<p>Une r\u00e9alit\u00e9 complexe aux multiples visages<\/p>\n<p>Le ph\u00e9nom\u00e8ne des exportations de d\u00e9chets fran\u00e7ais vers l\u2019Afrique englobe diff\u00e9rents types de flux : les d\u00e9chets \u00e9lectroniques, les plastiques, les textiles usag\u00e9s, et m\u00eame certains d\u00e9chets dangereux. Chaque cat\u00e9gorie suit ses propres circuits, avec des acteurs et des motivations sp\u00e9cifiques.<\/p>\n<p>Les d\u00e9chets \u00e9lectroniques repr\u00e9sentent une probl\u00e9matique particuli\u00e8rement pr\u00e9occupante. Sous couvert de dons d\u2019\u00e9quipements informatiques ou de ventes d\u2019occasion, des milliers de tonnes d\u2019appareils en fin de vie quittent chaque ann\u00e9e les ports fran\u00e7ais, notamment celui de Rouen, pour rejoindre des d\u00e9charges \u00e0 ciel ouvert au Ghana, au Nigeria ou en C\u00f4te d\u2019Ivoire. Sur place, ces \u00e9quipements sont d\u00e9mantel\u00e9s dans des conditions sanitaires d\u00e9sastreuses, exposant les populations locales, souvent des enfants, \u00e0 des substances toxiques comme le plomb, le mercure ou les retardateurs de flamme brom\u00e9s (m\u00e9langes de produits chimiques).<\/p>\n<p>Le secteur textile illustre une autre facette du probl\u00e8me. Les v\u00eatements collect\u00e9s dans les bornes de recyclage fran\u00e7aises, cens\u00e9s alimenter une \u00e9conomie circulaire vertueuse, finissent massivement sur les march\u00e9s africains. Si une partie trouve effectivement une seconde vie, des volumes croissants terminent dans des d\u00e9charges sauvages, contribuant \u00e0 la pollution des sols et des eaux. Le Kenya, le Rwanda et l\u2019Ouganda ont d\u2019ailleurs r\u00e9cemment tent\u00e9 d\u2019interdire ces importations, se heurtant \u00e0 des pressions commerciales internationales.<\/p>\n<p>Les m\u00e9canismes d\u2019un syst\u00e8me dysfonctionnel que les condamnations ne suffisent pas \u00e0 enrayer<\/p>\n<p>Les condamnations de Rouen, bien que salutaires, ne s\u2019attaquent qu\u2019aux sympt\u00f4mes d\u2019un mal plus profond. Cette situation perdure gr\u00e2ce \u00e0 plusieurs facteurs structurels. D\u2019abord, le co\u00fbt du traitement des d\u00e9chets en France reste \u00e9lev\u00e9, cr\u00e9ant une incitation \u00e9conomique forte \u00e0 l\u2019exportation vers des pays o\u00f9 les normes environnementales sont moins strictes ou moins appliqu\u00e9es. Les <a href=\"https:\/\/www.afrik.com\/l-afrique-de-l-ouest-ensevelie-sous-les-dechets-electroniques\" target=\"_blank\" rel=\"noopener\">entreprises de recyclage fran\u00e7aises<\/a>, confront\u00e9es \u00e0 des marges serr\u00e9es, peuvent \u00eatre tent\u00e9es de revendre leurs stocks \u00e0 des interm\u00e9diaires peu scrupuleux plut\u00f4t que d\u2019assumer les co\u00fbts d\u2019un traitement conforme.<\/p>\n<p>La r\u00e9glementation internationale, notamment la Convention de B\u00e2le qui encadre les mouvements transfrontaliers de d\u00e9chets dangereux, souffre de lacunes importantes. Les contr\u00f4les aux fronti\u00e8res restent insuffisants, et les d\u00e9clarations douani\u00e8res sont facilement contourn\u00e9es. Un d\u00e9chet peut ainsi \u00eatre d\u00e9clar\u00e9 comme \u00ab\u00a0mati\u00e8re premi\u00e8re secondaire\u00a0\u00bb ou \u00ab\u00a0\u00e9quipement d\u2019occasion\u00a0\u00bb pour \u00e9chapper aux restrictions. Le fait m\u00eame que de tels trafics aient pu op\u00e9rer depuis Rouen, un port majeur sous surveillance douani\u00e8re, interroge sur l\u2019efficacit\u00e9 des contr\u00f4les.<\/p>\n<p>La corruption dans certains ports africains facilite \u00e9galement ces trafics. Des r\u00e9seaux organis\u00e9s, impliquant parfois des acteurs fran\u00e7ais et africains, comme le montre l\u2019affaire jug\u00e9e \u00e0 Rouen, ont d\u00e9velopp\u00e9 des fili\u00e8res sophistiqu\u00e9es pour contourner les contr\u00f4les. Les autorit\u00e9s fran\u00e7aises peinent \u00e0 tracer ces flux une fois qu\u2019ils ont quitt\u00e9 le territoire national, rendant difficile l\u2019application du principe de responsabilit\u00e9 \u00e9largie du producteur.<\/p>\n<p>Les cons\u00e9quences dramatiques pour les populations africaines<\/p>\n<p>Au-del\u00e0 des sommes prononc\u00e9es par le tribunal de Rouen, les impacts r\u00e9els de ces exportations sur les populations africaines sont incommensurables. Sur le plan sanitaire, l\u2019exposition aux substances toxiques provoque des maladies respiratoires, des cancers, des probl\u00e8mes neurologiques et des malformations cong\u00e9nitales. Les communaut\u00e9s vivant pr\u00e8s des d\u00e9charges subissent une contamination chronique de leur environnement.<\/p>\n<p>Sur le plan environnemental, la contamination des sols, des nappes phr\u00e9atiques et des \u00e9cosyst\u00e8mes c\u00f4tiers compromet durablement les capacit\u00e9s agricoles et halieutiques de r\u00e9gions enti\u00e8res. Les fum\u00e9es toxiques issues du br\u00fblage des c\u00e2bles pour r\u00e9cup\u00e9rer le cuivre contribuent \u00e0 la pollution atmosph\u00e9rique locale et aux \u00e9missions de gaz \u00e0 effet de serre.<\/p>\n<p>Lire aussi:\u00a0Cameroun : l\u2019art du d\u00e9chet<\/p>\n<p>Les condamnations de Rouen constituent un signal encourageant mais tardif. La question des d\u00e9chets export\u00e9s vers l\u2019Afrique ne peut \u00eatre dissoci\u00e9e du contexte historique des relations franco-africaines. Elle perp\u00e9tue une forme d\u2019exploitation qui rappelle les sch\u00e9mas coloniaux, o\u00f9 les ressources africaines \u00e9taient extraites tandis que le continent servait de d\u00e9bouch\u00e9 pour les surplus europ\u00e9ens. Aujourd\u2019hui, ce sont les externalit\u00e9s n\u00e9gatives de la soci\u00e9t\u00e9 de consommation fran\u00e7aise qui sont transf\u00e9r\u00e9es vers l\u2019Afrique.<\/p>\n<p>Le million d\u2019euros d\u2019amendes prononc\u00e9 aujourd\u2019hui n\u2019est qu\u2019un premier pas vers la reconnaissance d\u2019une dette environnementale bien plus consid\u00e9rable.<\/p>\n","protected":false},"excerpt":{"rendered":"Des sacs plastiques coinc\u00e9s dans les branches des arbres Le tribunal de Rouen, en Normandie \u2013 France, a&hellip;\n","protected":false},"author":2,"featured_media":537140,"comment_status":"","ping_status":"","sticky":false,"template":"","format":"standard","meta":{"footnotes":""},"categories":[9587],"tags":[1111,11,879,65625,51,1777,674,1011,27,303,12,5161,25,9590],"class_list":{"0":"post-537139","1":"post","2":"type-post","3":"status-publish","4":"format-standard","5":"has-post-thumbnail","7":"category-rouen","8":"tag-actu","9":"tag-actualites","10":"tag-afrique","11":"tag-afrique-vs-sacs-plastiques","12":"tag-ecologie","13":"tag-eu","14":"tag-europe","15":"tag-fr","16":"tag-france","17":"tag-justice","18":"tag-news","19":"tag-normandie","20":"tag-republique-francaise","21":"tag-rouen"},"share_on_mastodon":{"url":"https:\/\/pubeurope.com\/@fr\/115556777661936389","error":""},"_links":{"self":[{"href":"https:\/\/www.europesays.com\/fr\/wp-json\/wp\/v2\/posts\/537139","targetHints":{"allow":["GET"]}}],"collection":[{"href":"https:\/\/www.europesays.com\/fr\/wp-json\/wp\/v2\/posts"}],"about":[{"href":"https:\/\/www.europesays.com\/fr\/wp-json\/wp\/v2\/types\/post"}],"author":[{"embeddable":true,"href":"https:\/\/www.europesays.com\/fr\/wp-json\/wp\/v2\/users\/2"}],"replies":[{"embeddable":true,"href":"https:\/\/www.europesays.com\/fr\/wp-json\/wp\/v2\/comments?post=537139"}],"version-history":[{"count":0,"href":"https:\/\/www.europesays.com\/fr\/wp-json\/wp\/v2\/posts\/537139\/revisions"}],"wp:featuredmedia":[{"embeddable":true,"href":"https:\/\/www.europesays.com\/fr\/wp-json\/wp\/v2\/media\/537140"}],"wp:attachment":[{"href":"https:\/\/www.europesays.com\/fr\/wp-json\/wp\/v2\/media?parent=537139"}],"wp:term":[{"taxonomy":"category","embeddable":true,"href":"https:\/\/www.europesays.com\/fr\/wp-json\/wp\/v2\/categories?post=537139"},{"taxonomy":"post_tag","embeddable":true,"href":"https:\/\/www.europesays.com\/fr\/wp-json\/wp\/v2\/tags?post=537139"}],"curies":[{"name":"wp","href":"https:\/\/api.w.org\/{rel}","templated":true}]}}