{"id":53714,"date":"2025-04-26T06:30:07","date_gmt":"2025-04-26T06:30:07","guid":{"rendered":"https:\/\/www.europesays.com\/fr\/53714\/"},"modified":"2025-04-26T06:30:07","modified_gmt":"2025-04-26T06:30:07","slug":"week-end-des-26-et-27-avril-six-idees-de-sorties-en-ile-de-france","status":"publish","type":"post","link":"https:\/\/www.europesays.com\/fr\/53714\/","title":{"rendered":"Week-end des 26 et 27\u00a0avril\u00a0: six id\u00e9es de sorties en \u00cele-de-France"},"content":{"rendered":"<p class=\"paragraph text_align_left\">F\u00e9d\u00e9rer les amoureux de la petite reine le temps d\u2019un week-end, pour tester plus de 450 nouveaux mod\u00e8les de v\u00e9los, \u00e9changer sur les pratiques, trouver des accessoires utiles ou futiles aupr\u00e8s de 100 exposants. <a href=\"https:\/\/www.leparisien.fr\/info-paris-ile-de-france-oise\/transports\/velo-in-paris-courses-defis-conferences-le-salon-se-mue-en-veritable-festival-27-05-2023-WJX734IVLZAHBCWH4ZKQFANAVY.php\" target=\"_blank\" rel=\"nofollow noopener\">Le festival V\u00e9lo in Paris<\/a> met en lumi\u00e8re la pluralit\u00e9 des pratiques : v\u00e9lo urbain, \u00e9lectrique, cargo, cyclotourisme ou encore le handiv\u00e9lo.<\/p>\n<p class=\"paragraph text_align_left\">Le public peut essayer <a href=\"https:\/\/www.leparisien.fr\/biclou\/\" target=\"_blank\" rel=\"nofollow noopener\">les deux-roues<\/a> sur une piste s\u00e9curis\u00e9e de 1 km, une course de draisiennes ravira les plus petits, et des animations autour de la s\u00e9curit\u00e9 routi\u00e8re rassureront les parents.<\/p>\n","protected":false},"excerpt":{"rendered":"F\u00e9d\u00e9rer les amoureux de la petite reine le temps d\u2019un week-end, pour tester plus de 450 nouveaux mod\u00e8les&hellip;\n","protected":false},"author":2,"featured_media":53715,"comment_status":"","ping_status":"","sticky":false,"template":"","format":"standard","meta":{"footnotes":""},"categories":[1592],"tags":[1111,11,872,1777,674,1011,27,662,12,626,25,6047],"class_list":{"0":"post-53714","1":"post","2":"type-post","3":"status-publish","4":"format-standard","5":"has-post-thumbnail","7":"category-ile-de-france","8":"tag-actu","9":"tag-actualites","10":"tag-culture-et-loisirs","11":"tag-eu","12":"tag-europe","13":"tag-fr","14":"tag-france","15":"tag-ile-de-france","16":"tag-news","17":"tag-paris","18":"tag-republique-francaise","19":"tag-sortir-en-region-parisienne"},"share_on_mastodon":{"url":"https:\/\/pubeurope.com\/@fr\/114402861322856132","error":""},"_links":{"self":[{"href":"https:\/\/www.europesays.com\/fr\/wp-json\/wp\/v2\/posts\/53714","targetHints":{"allow":["GET"]}}],"collection":[{"href":"https:\/\/www.europesays.com\/fr\/wp-json\/wp\/v2\/posts"}],"about":[{"href":"https:\/\/www.europesays.com\/fr\/wp-json\/wp\/v2\/types\/post"}],"author":[{"embeddable":true,"href":"https:\/\/www.europesays.com\/fr\/wp-json\/wp\/v2\/users\/2"}],"replies":[{"embeddable":true,"href":"https:\/\/www.europesays.com\/fr\/wp-json\/wp\/v2\/comments?post=53714"}],"version-history":[{"count":0,"href":"https:\/\/www.europesays.com\/fr\/wp-json\/wp\/v2\/posts\/53714\/revisions"}],"wp:featuredmedia":[{"embeddable":true,"href":"https:\/\/www.europesays.com\/fr\/wp-json\/wp\/v2\/media\/53715"}],"wp:attachment":[{"href":"https:\/\/www.europesays.com\/fr\/wp-json\/wp\/v2\/media?parent=53714"}],"wp:term":[{"taxonomy":"category","embeddable":true,"href":"https:\/\/www.europesays.com\/fr\/wp-json\/wp\/v2\/categories?post=53714"},{"taxonomy":"post_tag","embeddable":true,"href":"https:\/\/www.europesays.com\/fr\/wp-json\/wp\/v2\/tags?post=53714"}],"curies":[{"name":"wp","href":"https:\/\/api.w.org\/{rel}","templated":true}]}}