{"id":537143,"date":"2025-11-16T01:28:20","date_gmt":"2025-11-16T01:28:20","guid":{"rendered":"https:\/\/www.europesays.com\/fr\/537143\/"},"modified":"2025-11-16T01:28:20","modified_gmt":"2025-11-16T01:28:20","slug":"les-joueurs-du-rc-vannes-surpris-par-lengouement-du-match-au-roazhon-park","status":"publish","type":"post","link":"https:\/\/www.europesays.com\/fr\/537143\/","title":{"rendered":"les joueurs du RC Vannes surpris par l&rsquo;engouement du match au Roazhon Park"},"content":{"rendered":"<p>                    Par<br \/>\n        <strong><br \/>\n            <a href=\"https:\/\/actu.fr\/auteur\/redaction-morbihan\" title=\"Consulter tous les articles de R\u00e9daction Morbihan\" target=\"_blank\" rel=\"noopener\">R\u00e9daction Morbihan<\/a><br \/>\n                    <\/strong><\/p>\n<p>        Publi\u00e9 le<\/p>\n<p>            15 nov. 2025 \u00e0 9h19        <\/p>\n<p>Vannes-Grenoble. Un choc de haut de tableau au <a href=\"https:\/\/actu.fr\/bretagne\/vannes_56260\/rien-dofficiel-un-match-du-rugby-club-vannes-delocalise-a-rennes-en-pro-d2_63307594.html\" target=\"_blank\" rel=\"noopener\">Roazhon Park<\/a>, devant pr\u00e8s de <b>30\u2009000\u00a0personnes<\/b>, le tout un dimanche soir le<b> 16\u00a0novembre 2025<\/b>\u2009: cette affiche symbolise la lumi\u00e8re qui \u00e9claire de plus en plus la<b> Pro D2<\/b>, au gr\u00e9 d\u2019une <a href=\"https:\/\/actu.fr\/sports\/rugby\/pro-d2\/diffusion-exceptionnelle-15000-billets-vendus-en-30-mn-vannes-grenoble-symbole-de-l-engouement-pour-la-pro-d2_63441047.html\" target=\"_blank\" rel=\"noopener\">popularit\u00e9 <\/a>exponentielle.<\/p>\n<p>De la Pro D2 en prime-time<\/p>\n<p class=\" wall-content\">Le cr\u00e9neau habituellement r\u00e9serv\u00e9 par le diffuseur historique du rugby fran\u00e7ais<b> Canal+<\/b>\u00a0aux matches de gala de Top\u00a014 fera cette fois-ci la part belle \u00e0 deux clubs ambitieux de deuxi\u00e8me division, dans un <a href=\"https:\/\/actu.fr\/tag\/roazhon-park\" target=\"_blank\" rel=\"noopener\">Roazhon Park<\/a> de Rennes comble, dont les places se sont arrach\u00e9es en quelques minutes. \u00ab\u2009On a \u00e9t\u00e9 surpris de voir les places partir aussi rapidement\u2009\u00bb, indique \u00e0 Actu Morbihan Anthony Bouthier lors d\u2019une <a href=\"https:\/\/www.tiktok.com\/@actumorbihan\/video\/7567013799035735298?refer=embed\" target=\"_blank\" rel=\"noopener\">conf\u00e9rence <\/a>de presse d\u2019avant-match. Maxime Lafage est sur la m\u00eame ligne\u2009:<\/p>\n<blockquote class=\"ac-article-quote wall-content\">\n<p>C\u2019est assez impressionnant que les billets s\u2019arrachent aussi rapidement. C\u2019est assez spectaculaire. On a eu des demandes pour avoir des places.<\/p>\n<p>Maxime Lafage, demi d\u2019ouverture du RCV<\/p><\/blockquote>\n<blockquote class=\"tiktok-embed\" cite=\"https:\/\/www.tiktok.com\/@actumorbihan\/video\/7572858359615982871\" data-video-id=\"7572858359615982871\" data-embed-from=\"oembed\" style=\"max-width:605px; min-width:325px;\"><p>\n<a target=\"_blank\" title=\"@actumorbihan\" href=\"https:\/\/www.tiktok.com\/@actumorbihan?refer=embed\" rel=\"noopener\">@actumorbihan<\/a> <\/p>\n<p>\ud83c\udfc9 Interview du joueur du RC Vannes Maxime Lafage avant le choc de Pro D2 contre Grenoble au Roazhon Park le dimanche 16 novembre 2025 <\/p>\n<p> <a target=\"_blank\" title=\"\u266c son original - Actu Morbihan\" href=\"https:\/\/www.tiktok.com\/music\/son-original-7572858534490409750?refer=embed\" rel=\"noopener\">\u266c son original \u2013 Actu Morbihan<\/a> <\/p>\n<\/blockquote>\n<p class=\" wall-content\">\u00ab\u2009Je crois que le match Vannes-Grenoble, c\u2019est un peu le reflet de notre Pro D2\u2009: on ne conna\u00eet pas de limites, \u00e7a monte, \u00e7a monte, et pour l\u2019instant, \u00e7a continue de monter chaque ann\u00e9e\u2009\u00bb, sourit aupr\u00e8s de l\u2019AFP Mauricio Reggiardo, manager d\u2019Agen \u00e9galement pass\u00e9 par le banc de Provence Rugby.<\/p>\n<p>Pr\u00e8s de 30\u2009000\u00a0personnes au Roazhon Park<\/p>\n<p class=\" wall-content\">Le duel d\u00e9localis\u00e9 entre le leader breton du championnat et les Is\u00e9rois, finalistes malheureux des trois derni\u00e8res saisons, se placera sur le podium des records d\u2019affluence \u00e0 ce niveau, apr\u00e8s deux r\u00e9ceptions du LOU \u00e0 Gerland en 2011 contre Oyonnax (37.816 spectateurs) et en 2010 (30.803 spectateurs), contre le FCG.<\/p>\n<p class=\" wall-content\">M\u00eame s\u2019il aborde le match comme un autre, pour le demi d\u2019ouverture de Vannes Maxime Lafage, ce sera un \u00ab\u2009\u00e9v\u00e9nement sp\u00e9cial [\u2026] avec une belle f\u00eate pour le rugby breton.\u2009\u00bb<\/p>\n<blockquote class=\"ac-article-quote wall-content\">\n<p>Pour les buteurs, avec le silence dans un stade de 30\u2009000\u00a0personnes, cela va \u00eatre tr\u00e8s particulier. On a h\u00e2te d\u2019y \u00eatre.<\/p>\n<p>Maxime Lafage<\/p><\/blockquote>\n<p>Votre r\u00e9gion, votre actu !<\/p>\n<p>Recevez chaque jour les infos qui comptent pour vous.<\/p>\n<p>\t<a href=\"https:\/\/actu.fr\/newsletter\" class=\"ac-btn ac-btn--corner ac-btn--medium ac-btn--blue800\" target=\"_blank\" rel=\"noopener\">S&rsquo;incrire<\/a><br \/>\nDes audiences en hausse<\/p>\n<p class=\" wall-content\">L\u2019engouement est net, visible. De 4\u2009699\u00a0spectateurs par match de moyenne lors de la saison 2021-2022 \u00e0 la sortie du Covid-19, la fr\u00e9quentation des 16 stades est pass\u00e9e \u00e0 <b>5\u2009959\u00a0spectateurs de moyenne lors de la saison 2024-2025.<\/b><\/p>\n<p class=\" wall-content\">Une hausse de 26,8\u2009% qui suit la tendance que conna\u00eet le Top\u00a014 et traduit un attrait croissant pour ce championnat, tir\u00e9 par des locomotives historiques du rugby hexagonal comme Biarritz et ses cinq titres de champion de France, ou B\u00e9ziers et ses 11 Brennus.<\/p>\n<p class=\" wall-content\">Les audiences restent stables, avec environ 720\u2009000 t\u00e9l\u00e9spectateurs lors de la finale qui avait oppos\u00e9 les deux clubs en 2024 (Vannes-Grenoble), comme la suivante en juin, entre Grenoble et Montauban.<\/p>\n<p>Le RCV cartonne niveau audience<\/p>\n<p class=\" wall-content\">Le RC Vannes r\u00e9alise souvent de bonnes audiences. Canal +\u00a0a engag\u00e9 des \u00e9changes d\u00e8s le d\u00e9but de saison avec le club breton pour un \u00e9ventuel prime-time\u00a0le week-end.<\/p>\n<p class=\" wall-content\">\u00ab\u00a0C\u2019est un \u00e9v\u00e9nement pour le club. Cela met en lumi\u00e8re le championnat de Pro D2, \u00e0 juste titre\u00a0\u00bb, explique l\u2019entra\u00eeneur du RCV Jean-No\u00ebl Spitzer.<\/p>\n<blockquote class=\"tiktok-embed\" cite=\"https:\/\/www.tiktok.com\/@actumorbihan\/video\/7572624749659049238\" data-video-id=\"7572624749659049238\" data-embed-from=\"oembed\" style=\"max-width:605px; min-width:325px;\"><p>\n<a target=\"_blank\" title=\"@actumorbihan\" href=\"https:\/\/www.tiktok.com\/@actumorbihan?refer=embed\" rel=\"noopener\">@actumorbihan<\/a> <\/p>\n<p>\ud83c\udfc9\ud83d\udce3 L\u2019entra\u00eeneur principal du RC Vannes Jean-No\u00ebl Spitzer s\u2019exprime en conf\u00e9rence de presse avant la d\u00e9localisation du match contre Grenoble au Roazhon Park le dimanche 16 novembre 2025. Le Breton \u00e9voque aussi le revers \u00e0 Nevers. <a title=\"vannes\" target=\"_blank\" href=\"https:\/\/www.tiktok.com\/tag\/vannes?refer=embed\" rel=\"noopener\">#vannes<\/a> <a title=\"rugby\" target=\"_blank\" href=\"https:\/\/www.tiktok.com\/tag\/rugby?refer=embed\" rel=\"noopener\">#rugby<\/a> <a title=\"prod2\" target=\"_blank\" href=\"https:\/\/www.tiktok.com\/tag\/prod2?refer=embed\" rel=\"noopener\">#prod2<\/a> <a title=\"grenoble\" target=\"_blank\" href=\"https:\/\/www.tiktok.com\/tag\/grenoble?refer=embed\" rel=\"noopener\">#grenoble<\/a> <\/p>\n<p> <a target=\"_blank\" title=\"\u266c son original - Actu Morbihan\" href=\"https:\/\/www.tiktok.com\/music\/son-original-7572624915583781654?refer=embed\" rel=\"noopener\">\u266c son original \u2013 Actu Morbihan<\/a> <\/p>\n<\/blockquote>\n<p class=\" wall-content\">\u00ab\u2009Dans cette continuit\u00e9, nous offrons, chaque fois que cela est possible, \u00e0 la Pro D2 une large visibilit\u00e9 sur les cr\u00e9neaux horaires habituellement r\u00e9serv\u00e9s au TOP\u00a014\u2009\u00bb, dit \u00e0 l\u2019AFP le directeur des sports de Canal+\u00a0Thomas S\u00e9n\u00e9cal, \u00e9voquant la diffusion de <b>Brive-Vannes <\/b>un samedi soir d\u00e8s la premi\u00e8re journ\u00e9e en septembre.<\/p>\n<p class=\" wall-content\">\u00ab\u2009Il y a l\u2019engouement du public parce qu\u2019il y a de plus en plus de spectacle, c\u2019est un championnat o\u00f9 tout le monde peut monter ou presque, il est passionnant pour le maintien et pour la qualification\u2009\u00bb, souligne Xavier P\u00e9m\u00e9ja, directeur sportif de Nevers.<\/p>\n<p class=\" wall-content\">\u00ab\u2009Je crois que la plus grosse \u00e9volution du championnat, c\u2019est la comp\u00e9titivit\u00e9 et le nombre d\u2019\u00e9quipes qui, au d\u00e9but d\u2019ann\u00e9e, postulent \u00e0 une place dans le top 6\u2009\u00bb, compl\u00e8te Mauricio Reggiardo.<\/p>\n<p class=\" wall-content\">De l\u2019enjeu, des grands clubs, du suspense et quelques vedettes en fin de carri\u00e8re, comme le Gallois aux 121 s\u00e9lections George North \u00e0 Provence Rugby, l\u2019ex-Toulousain Richie Arnold et l\u2019ancien international anglais (78 s\u00e9l.) Jonny May \u00e0 Angoul\u00eame, tandis que de jeunes talents profitent de la Pro D2 pour \u00e9clore, comme Ugo Seunes, pass\u00e9 d\u2019Aurillac au Racing 92 cet \u00e9t\u00e9 et appel\u00e9 par Fabien Galthi\u00e9 lors de la tourn\u00e9e d\u2019automne. On peut citer les internationaux Argentins au RCV (Gorrissen et Pedemonte).<\/p>\n<p class=\" wall-content\">\u00ab\u2009On s\u2019aper\u00e7oit que les joueurs voient ce championnat comme un tremplin pour partir en Top\u00a014, on r\u00e9cup\u00e8re des jeunes de tr\u00e8s grande qualit\u00e9 qui sont un peu bouch\u00e9s en top\u00a014 ce qui est normal, \u00e7a fait monter le niveau du championnat\u2009\u00bb, estime Xavier P\u00e9m\u00e9ja.<\/p>\n<p class=\" wall-content\">\u00ab\u2009C\u2019est bien s\u00fbr une rampe de lancement mais aussi une formidable comp\u00e9tition \u00e0 part enti\u00e8re, qui forme, qui r\u00e9v\u00e8le, qui consolide et qui propose un bon \u00e9quilibre entre stars de ce jeu ou jeunes talents en formation ou en consolidation\u2009\u00bb, selon Yann Roubert.<\/p>\n<p class=\" wall-content\">Avec <a href=\"https:\/\/www.afp.com\/fr\" target=\"_blank\" rel=\"noopener\">AFP<\/a><\/p>\n<p class=\" wall-content\">Personnalisez votre actualit\u00e9 en ajoutant vos villes et m\u00e9dias en favori avec <a href=\"https:\/\/moncompte.actu.fr\" title=\"D\u00e9couvez Mon Actu\" rel=\"nofollow noopener\" data-trk=\"{&quot;cta&quot;:{&quot;action&quot;:&quot;https:\\\/\\\/moncompte.actu.fr&quot;,&quot;category&quot;:&quot;mon compte&quot;,&quot;from&quot;:&quot;article footer&quot;,&quot;name&quot;:&quot;Mon actu&quot;,&quot;type&quot;:&quot;cta&quot;}}\" target=\"_blank\">Mon Actu<\/a>.<\/p>\n<p>                    <script async src=\"\/\/www.tiktok.com\/embed.js\"><\/script><\/p>\n","protected":false},"excerpt":{"rendered":"Par R\u00e9daction Morbihan Publi\u00e9 le 15 nov. 2025 \u00e0 9h19 Vannes-Grenoble. Un choc de haut de tableau au&hellip;\n","protected":false},"author":2,"featured_media":537144,"comment_status":"","ping_status":"","sticky":false,"template":"","format":"standard","meta":{"footnotes":""},"categories":[9566],"tags":[1111,11,2430,1777,674,26025,1011,27,2731,12,25,7091,60],"class_list":{"0":"post-537143","1":"post","2":"type-post","3":"status-publish","4":"format-standard","5":"has-post-thumbnail","7":"category-grenoble","8":"tag-actu","9":"tag-actualites","10":"tag-auvergne-rhone-alpes","11":"tag-eu","12":"tag-europe","13":"tag-fc-grenoble-rugby","14":"tag-fr","15":"tag-france","16":"tag-grenoble","17":"tag-news","18":"tag-republique-francaise","19":"tag-roazhon-park","20":"tag-sports"},"share_on_mastodon":{"url":"https:\/\/pubeurope.com\/@fr\/115556784802566677","error":""},"_links":{"self":[{"href":"https:\/\/www.europesays.com\/fr\/wp-json\/wp\/v2\/posts\/537143","targetHints":{"allow":["GET"]}}],"collection":[{"href":"https:\/\/www.europesays.com\/fr\/wp-json\/wp\/v2\/posts"}],"about":[{"href":"https:\/\/www.europesays.com\/fr\/wp-json\/wp\/v2\/types\/post"}],"author":[{"embeddable":true,"href":"https:\/\/www.europesays.com\/fr\/wp-json\/wp\/v2\/users\/2"}],"replies":[{"embeddable":true,"href":"https:\/\/www.europesays.com\/fr\/wp-json\/wp\/v2\/comments?post=537143"}],"version-history":[{"count":0,"href":"https:\/\/www.europesays.com\/fr\/wp-json\/wp\/v2\/posts\/537143\/revisions"}],"wp:featuredmedia":[{"embeddable":true,"href":"https:\/\/www.europesays.com\/fr\/wp-json\/wp\/v2\/media\/537144"}],"wp:attachment":[{"href":"https:\/\/www.europesays.com\/fr\/wp-json\/wp\/v2\/media?parent=537143"}],"wp:term":[{"taxonomy":"category","embeddable":true,"href":"https:\/\/www.europesays.com\/fr\/wp-json\/wp\/v2\/categories?post=537143"},{"taxonomy":"post_tag","embeddable":true,"href":"https:\/\/www.europesays.com\/fr\/wp-json\/wp\/v2\/tags?post=537143"}],"curies":[{"name":"wp","href":"https:\/\/api.w.org\/{rel}","templated":true}]}}