{"id":537157,"date":"2025-11-16T01:37:15","date_gmt":"2025-11-16T01:37:15","guid":{"rendered":"https:\/\/www.europesays.com\/fr\/537157\/"},"modified":"2025-11-16T01:37:15","modified_gmt":"2025-11-16T01:37:15","slug":"basket-n1f-nantes-a-perdu-le-nord-au-hainaut-sport","status":"publish","type":"post","link":"https:\/\/www.europesays.com\/fr\/537157\/","title":{"rendered":"Basket. N1F\u00a0: Nantes a perdu le Nord au Hainaut . Sport"},"content":{"rendered":"<p>Les Nantaises ne prenaient pas le meilleur d\u00e9part et \u00e9taient oblig\u00e9es de courir apr\u00e8s le score (9-3, 3\u2019) mais pas pour longtemps car Ouraga envoyait deux tirs bonifi\u00e9s (9-8, 5\u2019). Ce match de premi\u00e8re partie de tableau \u00e9tait bien engag\u00e9 alors que les Nordistes reprenaient leur ascendant (16-8, 7\u2019). L\u2019adresse fuyait l\u2019ALPCM compliquant ses affaires mais elle trouvait des solutions dans la peinture pour prendre la t\u00eate pour la premi\u00e8re fois (18-20, 13\u2019).<\/p>\n<p>\u00ab\u00a0Servons-nous\u00a0de ce match pour avancer\u00a0\u00bb<\/p>\n<p>La reprise \u00e9tait une copie conforme du d\u00e9but de match. Nantes \u00e9tait de nouveau \u00e0 la tra\u00eene et cela se corsait (40-31, 23\u2019). Cette fois, les Nordistes ne lui laissaient pas l\u2019espoir de revenir en bonifiant leur avance. Il y avait encore beaucoup de temps mais la mission des \u00e9quipi\u00e8res de Laure Dauvin se compliquait d\u2019autant qu\u2019elles avaient de plus en plus de mal \u00e0 trouver le chemin du panier. Les dix derni\u00e8res minutes n\u2019allaient rien changer pour les Nantaises<\/p>\n<p>Johann Beaune, l\u2019entra\u00eeneur lig\u00e9rien, est d\u00e9\u00e7u du score final\u00a0: <strong>\u00ab\u00a0Le d\u00e9but du match a \u00e9t\u00e9 compliqu\u00e9 d\u2019autant plus que nous laissons quelques lancers francs en route. Apr\u00e8s, c\u2019est la premi\u00e8re fois cette saison que nous avons une intensit\u00e9 d\u00e9fensive si forte et sur toute la rencontre. Servons-nous de ce match pour avancer.\u00a0\u00bb<\/strong><\/p>\n<p><strong>Lire aussi\u00a0:<\/strong> <a href=\"https:\/\/nantes.maville.com\/sport\/detail_-loire-atlantique-basket.-n1f-l-alpcm-nantes-doit-conforter-sa-place-de-dauphin-_8-7015759_actu.Htm\" target=\"_self\" rel=\"noopener\">l\u2019ALPCM Nantes doit conforter sa place de dauphin<\/a><\/p>\n<p><strong>HAINAUT &#8211; NANTES\u00a0: 72-57<\/strong> (18-12, 14-17, 20-9, 20-19)<\/p>\n<p><strong>HAINAUT\u00a0:<\/strong> Kapinga 7, Delaruelle 1, Mahobah 12, Tir\u00e9ra 19, Hill 8, puis Mfonow 2, Adonis 10, Plust 2, Guennoc 7, Hirigoyen 4. <br \/>Entra\u00eeneur\u00a0: Vincent Verryser.<\/p>\n<p><strong>NANTES\u00a0:<\/strong> Bnuenamieu 1, Fleury 3, Ducret 6, Ouraga 11, Lailler 6, puis Konat\u00e9 1, Dauvin 12, Ouattara, Sahly\u00a06. Entra\u00eeneur\u00a0: Johann Beaune.<\/p>\n<p>\u00a0<\/p>\n","protected":false},"excerpt":{"rendered":"Les Nantaises ne prenaient pas le meilleur d\u00e9part et \u00e9taient oblig\u00e9es de courir apr\u00e8s le score (9-3, 3\u2019)&hellip;\n","protected":false},"author":2,"featured_media":537158,"comment_status":"","ping_status":"","sticky":false,"template":"","format":"standard","meta":{"footnotes":""},"categories":[2818],"tags":[1111,11,3809,1465,1777,674,63,1011,27,1792,1922,766,12,2636,25,6689,479,517,1470,9693],"class_list":{"0":"post-537157","1":"post","2":"type-post","3":"status-publish","4":"format-standard","5":"has-post-thumbnail","7":"category-nantes","8":"tag-actu","9":"tag-actualites","10":"tag-ball","11":"tag-basket","12":"tag-eu","13":"tag-europe","14":"tag-football","15":"tag-fr","16":"tag-france","17":"tag-handball","18":"tag-info","19":"tag-nantes","20":"tag-news","21":"tag-pays-de-la-loire","22":"tag-republique-francaise","23":"tag-roche","24":"tag-rugby","25":"tag-sport","26":"tag-volley","27":"tag-yon"},"share_on_mastodon":{"url":"https:\/\/pubeurope.com\/@fr\/115556820215732678","error":""},"_links":{"self":[{"href":"https:\/\/www.europesays.com\/fr\/wp-json\/wp\/v2\/posts\/537157","targetHints":{"allow":["GET"]}}],"collection":[{"href":"https:\/\/www.europesays.com\/fr\/wp-json\/wp\/v2\/posts"}],"about":[{"href":"https:\/\/www.europesays.com\/fr\/wp-json\/wp\/v2\/types\/post"}],"author":[{"embeddable":true,"href":"https:\/\/www.europesays.com\/fr\/wp-json\/wp\/v2\/users\/2"}],"replies":[{"embeddable":true,"href":"https:\/\/www.europesays.com\/fr\/wp-json\/wp\/v2\/comments?post=537157"}],"version-history":[{"count":0,"href":"https:\/\/www.europesays.com\/fr\/wp-json\/wp\/v2\/posts\/537157\/revisions"}],"wp:featuredmedia":[{"embeddable":true,"href":"https:\/\/www.europesays.com\/fr\/wp-json\/wp\/v2\/media\/537158"}],"wp:attachment":[{"href":"https:\/\/www.europesays.com\/fr\/wp-json\/wp\/v2\/media?parent=537157"}],"wp:term":[{"taxonomy":"category","embeddable":true,"href":"https:\/\/www.europesays.com\/fr\/wp-json\/wp\/v2\/categories?post=537157"},{"taxonomy":"post_tag","embeddable":true,"href":"https:\/\/www.europesays.com\/fr\/wp-json\/wp\/v2\/tags?post=537157"}],"curies":[{"name":"wp","href":"https:\/\/api.w.org\/{rel}","templated":true}]}}