{"id":537167,"date":"2025-11-16T01:43:29","date_gmt":"2025-11-16T01:43:29","guid":{"rendered":"https:\/\/www.europesays.com\/fr\/537167\/"},"modified":"2025-11-16T01:43:29","modified_gmt":"2025-11-16T01:43:29","slug":"sortir-a-lille-et-dans-ses-alentours-ce-dimanche-16-novembre-voici-nos-10-idees","status":"publish","type":"post","link":"https:\/\/www.europesays.com\/fr\/537167\/","title":{"rendered":"Sortir \u00e0 Lille et dans ses alentours ce dimanche 16 novembre : voici nos 10 id\u00e9es"},"content":{"rendered":"<p>                    Par<br \/>\n        <strong><br \/>\n            <a href=\"https:\/\/actu.fr\/auteur\/nicolas-demollien\" title=\"Consulter tous les articles de Nicolas Demollien\" rel=\"nofollow noopener\" target=\"_blank\">Nicolas Demollien<\/a><br \/>\n                    <\/strong><\/p>\n<p>        Publi\u00e9 le<\/p>\n<p>            15 nov. 2025 \u00e0 16h42        <\/p>\n<p>Vous manquez d\u2019inspiration pour occuper votre <b>dimanche 16 novembre 2025<\/b> ? Nous pouvons vous aider gr\u00e2ce \u00e0 notre <b>s\u00e9lection de 10 id\u00e9es de sorties<\/b> \u00e0 <a href=\"https:\/\/actu.fr\/hauts-de-france\/lille_59350\" rel=\"nofollow noopener\" target=\"_blank\">Lille<\/a> (Nord) mais aussi dans ses alentours. De quoi passer un bon moment, et ce que vous soyez <b>seul, en famille ou entre amis<\/b>.<\/p>\n<p>10 id\u00e9es de sorties \u00e0 Lille pour ce dimanche\u00a0<\/p>\n<ul class=\" wall-content\">\n<li><a href=\"https:\/\/actu.fr\/loisirs-culture\/nord-voici-les-brocantes-vide-greniers-et-bourses-aux-jouets-organises-samedi-15-et-dimanche-16-novembre_63425004.html\" rel=\"nofollow noopener\" target=\"_blank\">Nord : voici les brocantes, vide-greniers et bourses aux jouets organis\u00e9s samedi 15 et dimanche 16 novembre<\/a><\/li>\n<\/ul>\n<p class=\" wall-content\">Avis aux amateurs de chine et de bonnes affaires\u2009! Samedi\u00a015 et dimanche 16\u00a0novembre 2025, plusieurs brocantes et autres bourses aux jouets sont organis\u00e9es dans le Nord. D\u00e9tails.<\/p>\n<ul class=\" wall-content\">\n<li><a href=\"https:\/\/actu.fr\/hauts-de-france\/villeneuve-d-ascq_59009\/le-chti-bazar-debarque-a-villeneuve-dascq-tout-le-week-end-de-quoi-sagit-il_63416798.html\" rel=\"nofollow noopener\" target=\"_blank\">Le Ch\u2019ti Bazar d\u00e9barque \u00e0 Villeneuve-d\u2019Ascq tout le week-end : de quoi s\u2019agit-il ?<\/a><\/li>\n<\/ul>\n<p class=\" wall-content\">Ev\u00e9nement \u00e0 Villeneuve-d\u2019Ascq (Nord) ces samedi 15 et dimanche 16 novembre 2025 avec le Ch\u2019ti Bazar. Un march\u00e9 et une v\u00e9ritable c\u00e9l\u00e9bration des arts textiles ! D\u00e9tails.<\/p>\n<ul class=\" wall-content\">\n<li><a href=\"https:\/\/actu.fr\/loisirs-culture\/a-deux-heures-de-lille-lun-des-plus-beaux-marches-de-noel-de-belgique-lance-ce-week-end-dans-une-abbaye_63436388.html\" rel=\"nofollow noopener\" target=\"_blank\">A deux heures de Lille, l\u2019un des plus beaux march\u00e9s de No\u00ebl de Belgique lanc\u00e9 ce week-end dans une abbaye<\/a><\/li>\n<\/ul>\n<p class=\" wall-content\">C\u2019est de l\u2019avis g\u00e9n\u00e9ral l\u2019un des plus beaux de Belgique. A deux heures de Lille (Nord), un magnifique march\u00e9 de No\u00ebl est lanc\u00e9 dans une abbaye vendredi 14 novembre 2025. D\u00e9tails.<\/p>\n<p>Votre r\u00e9gion, votre actu !<\/p>\n<p>Recevez chaque jour les infos qui comptent pour vous.<\/p>\n<p>\t<a href=\"https:\/\/actu.fr\/newsletter\" class=\"ac-btn ac-btn--corner ac-btn--medium ac-btn--blue800\" rel=\"nofollow noopener\" target=\"_blank\">S&rsquo;incrire<\/a><\/p>\n<ul class=\" wall-content\">\n<li><a href=\"https:\/\/actu.fr\/hauts-de-france\/lievin_62510\/dans-cette-ville-du-pas-de-calais-quatre-bourses-aux-jouets-sont-organisees-le-meme-jour-ce-dimanche_63436254.html\" rel=\"nofollow noopener\" target=\"_blank\">Dans cette ville du Pas-de-Calais, quatre bourses aux jouets sont organis\u00e9es le m\u00eame jour ce dimanche !<\/a><\/li>\n<\/ul>\n<p class=\" wall-content\">Vous allez avoir l\u2019embarras du choix si vous aimez chiner ! Ce dimanche 16 novembre 2025, cette ville du Pas-de-Calais va accueillir pas moins de quatre bourses aux jouets.<\/p>\n<ul class=\" wall-content\">\n<li><a href=\"https:\/\/actu.fr\/loisirs-culture\/belgique-a-une-heure-de-lille-le-sommet-de-ce-terril-offre-une-vue-exceptionnelle-apres-une-belle-balade_62589997.html\" rel=\"nofollow noopener\" target=\"_blank\">Belgique. \u00c0 une heure de Lille, le sommet de ce terril offre une vue exceptionnelle apr\u00e8s une belle balade<\/a><\/li>\n<\/ul>\n<p class=\" wall-content\">Vous aimez randonner ? \u00c0 une heure de Lille (Nord), en Belgique, le sommet d\u2019un terril offre une vue exceptionnelle sur le patrimoine de la ville de Mons. On vous emm\u00e8ne !<\/p>\n<ul class=\" wall-content\">\n<li><a href=\"https:\/\/actu.fr\/hauts-de-france\/roubaix_59512\/mcarthurglen-annonce-une-petite-revolution-sur-ses-horaires-douverture-a-roubaix_60823515.html\" rel=\"nofollow noopener\" target=\"_blank\">McArthurGlen annonce une petite r\u00e9volution sur ses horaires d\u2019ouverture \u00e0 Roubaix<\/a><\/li>\n<\/ul>\n<p class=\" wall-content\">Le centre commercial outlet McArthurGlen de Roubaix (Nord) annonce une grande nouvelle en mars 2024 : il va y avoir un changement notable dans ses horaires d\u2019ouverture.<\/p>\n<ul class=\" wall-content\">\n<li><a href=\"https:\/\/actu.fr\/loisirs-culture\/a-une-heure-de-lille-farniente-et-detente-dans-la-reine-des-villes-balneaires_61109987.html\" rel=\"nofollow noopener\" target=\"_blank\">\u00c0 une heure de Lille, farniente et d\u00e9tente dans la reine des villes baln\u00e9aires<\/a><\/li>\n<\/ul>\n<p class=\" wall-content\">Un sacr\u00e9 d\u00e9paysement \u00e0 seulement une heure de Lille (Nord). On vous emm\u00e8ne dans celle qui est surnomm\u00e9e \u00ab\u00a0la reine des villes baln\u00e9aires\u00a0\u00bb, avec ses plages et son magnifique port.<\/p>\n<ul class=\" wall-content\">\n<li><a href=\"https:\/\/actu.fr\/societe\/a-une-heure-de-lille-cette-gare-figure-parmi-les-sept-plus-belles-du-monde-avec-sa-galerie-monumentale_63386011.html\" rel=\"nofollow noopener\" target=\"_blank\">A une heure de Lille, cette gare figure parmi les sept plus belles du monde avec sa galerie monumentale<\/a><\/li>\n<\/ul>\n<p class=\" wall-content\">Elle vaut vraiment le coup d\u2019\u0153il ! En Belgique, \u00e0 environ une heure de Lille (Nord), cette gare vient d\u2019\u00eatre nomm\u00e9e parmi les sept plus belles du monde selon le Prix Versailles.<\/p>\n<ul class=\" wall-content\">\n<li><a href=\"https:\/\/actu.fr\/hauts-de-france\/roubaix_59512\/roubaix-une-expo-remarquable-pour-celebrer-les-100-ans-de-lart-deco-au-musee-de-la-piscine_63364885.html\" rel=\"nofollow noopener\" target=\"_blank\">Roubaix. Une expo remarquable pour c\u00e9l\u00e9brer les 100 ans de l\u2019Art d\u00e9co au mus\u00e9e de La Piscine<\/a><\/li>\n<\/ul>\n<p class=\" wall-content\">Jusqu\u2019au 11 janvier 2026, d\u00e9couvrez l\u2019univers de la peintre Odette Pauvert au mus\u00e9e La Piscine \u00e0 Roubaix. Artiste oubli\u00e9e, elle a \u00e9t\u00e9 une figure de proue des Arts d\u00e9coratifs.<\/p>\n<ul class=\" wall-content\">\n<li><a href=\"https:\/\/actu.fr\/hauts-de-france\/mons-en-baroeul_59410\/patrimoine-un-parcours-pagnerre-inaugure-a-mons-en-baroeul-sur-les-pas-dun-architecte_63348547.html\" rel=\"nofollow noopener\" target=\"_blank\">Patrimoine. Un \u00ab\u00a0parcours Pagnerre\u00a0\u00bb inaugur\u00e9 \u00e0 Mons-en-Bar\u0153ul, sur les pas d\u2019un architecte<\/a><\/li>\n<\/ul>\n<p class=\" wall-content\">Gabriel Pagnerre est \u00e0 l\u2019honneur \u00e0 Mons-en-Bar\u0153ul, pr\u00e8s de Lille (Nord), gr\u00e2ce \u00e0 un parcours p\u00e9destre d\u00e9di\u00e9 \u00e0 l\u2019architecte monsois qui fit les beaux jours de la ville.<\/p>\n<p class=\" wall-content\">Personnalisez votre actualit\u00e9 en ajoutant vos villes et m\u00e9dias en favori avec <a href=\"https:\/\/moncompte.actu.fr\" title=\"D\u00e9couvez Mon Actu\" rel=\"nofollow noopener\" data-trk=\"{&quot;cta&quot;:{&quot;action&quot;:&quot;https:\\\/\\\/moncompte.actu.fr&quot;,&quot;category&quot;:&quot;mon compte&quot;,&quot;from&quot;:&quot;article footer&quot;,&quot;name&quot;:&quot;Mon actu&quot;,&quot;type&quot;:&quot;cta&quot;}}\" target=\"_blank\">Mon Actu<\/a>.<\/p>\n","protected":false},"excerpt":{"rendered":"Par Nicolas Demollien Publi\u00e9 le 15 nov. 2025 \u00e0 16h42 Vous manquez d\u2019inspiration pour occuper votre dimanche 16&hellip;\n","protected":false},"author":2,"featured_media":537168,"comment_status":"","ping_status":"","sticky":false,"template":"","format":"standard","meta":{"footnotes":""},"categories":[2815],"tags":[1111,11,1777,674,1011,27,811,1307,1652,12,25],"class_list":{"0":"post-537167","1":"post","2":"type-post","3":"status-publish","4":"format-standard","5":"has-post-thumbnail","7":"category-lille","8":"tag-actu","9":"tag-actualites","10":"tag-eu","11":"tag-europe","12":"tag-fr","13":"tag-france","14":"tag-hauts-de-france","15":"tag-lille","16":"tag-loisirs-culture","17":"tag-news","18":"tag-republique-francaise"},"share_on_mastodon":{"url":"https:\/\/pubeurope.com\/@fr\/115556843810530946","error":""},"_links":{"self":[{"href":"https:\/\/www.europesays.com\/fr\/wp-json\/wp\/v2\/posts\/537167","targetHints":{"allow":["GET"]}}],"collection":[{"href":"https:\/\/www.europesays.com\/fr\/wp-json\/wp\/v2\/posts"}],"about":[{"href":"https:\/\/www.europesays.com\/fr\/wp-json\/wp\/v2\/types\/post"}],"author":[{"embeddable":true,"href":"https:\/\/www.europesays.com\/fr\/wp-json\/wp\/v2\/users\/2"}],"replies":[{"embeddable":true,"href":"https:\/\/www.europesays.com\/fr\/wp-json\/wp\/v2\/comments?post=537167"}],"version-history":[{"count":0,"href":"https:\/\/www.europesays.com\/fr\/wp-json\/wp\/v2\/posts\/537167\/revisions"}],"wp:featuredmedia":[{"embeddable":true,"href":"https:\/\/www.europesays.com\/fr\/wp-json\/wp\/v2\/media\/537168"}],"wp:attachment":[{"href":"https:\/\/www.europesays.com\/fr\/wp-json\/wp\/v2\/media?parent=537167"}],"wp:term":[{"taxonomy":"category","embeddable":true,"href":"https:\/\/www.europesays.com\/fr\/wp-json\/wp\/v2\/categories?post=537167"},{"taxonomy":"post_tag","embeddable":true,"href":"https:\/\/www.europesays.com\/fr\/wp-json\/wp\/v2\/tags?post=537167"}],"curies":[{"name":"wp","href":"https:\/\/api.w.org\/{rel}","templated":true}]}}