{"id":537169,"date":"2025-11-16T01:44:15","date_gmt":"2025-11-16T01:44:15","guid":{"rendered":"https:\/\/www.europesays.com\/fr\/537169\/"},"modified":"2025-11-16T01:44:15","modified_gmt":"2025-11-16T01:44:15","slug":"marseille-confidentiels-hassen-hammou-invite-a-quitter-eelv-par-sandrine-rousseau","status":"publish","type":"post","link":"https:\/\/www.europesays.com\/fr\/537169\/","title":{"rendered":"Marseille confidentiels. Hassen Hammou invit\u00e9 \u00e0 quitter EELV par Sandrine Rousseau"},"content":{"rendered":"<p>Retrouvez tous les jours les \u00ab\u00a0Marseille confidentiels\u00a0\u00bb. Des news autour de la vie politique dans la cit\u00e9 phoc\u00e9enne.<\/p>\n<p>Hassen Hammou invit\u00e9 \u00e0 quitter EELV par Sandrine Rousseau<\/p>\n<p>D\u00e9missionnera, d\u00e9missionnera pas\u00a0? <a href=\"https:\/\/www.laprovence.com\/article\/politique\/96206719938803\/hassen-hammou-convoque-par-la-justice-pour-corruption-de-mineur-le-chef-de-file-eelv-a-marseille-se-met-en-retrait\" target=\"_blank\" rel=\"noopener\">Hassen Hammou est en zone de turbulence<\/a> depuis plusieurs semaines et l\u2019annonce par La Provence de la tenue de son proc\u00e8s pour \u00ab\u00a0corruption de mineur\u00a0\u00bb ce jeudi 13\u00a0novembre devant le tribunal correctionnel de Marseille. Le parquet a requis 18 mois de prison avec sursis probatoire et une interdiction professionnelle de rentrer en contact avec des mineurs. D\u00e9sign\u00e9 chef de file d\u2019EELV pour les municipales puis suspendu du parti, il est \u00e9galement membre du bureau politique national depuis le printemps, comme repr\u00e9sentant de la motion Radicalement v\u00f4tre de Sandrine Rousseau.<\/p>\n<p>\u00c0 l\u2019issue de l\u2019audience, la d\u00e9put\u00e9e EELV de Paris, dont l\u2019assistant parlementaire avait fait le d\u00e9placement \u00e0 Marseille, en a tir\u00e9 les conclusions <a href=\"https:\/\/www.laprovence.com\/article\/politique\/8369722039106\/municipales-2026-a-marseille-apres-laffaire-hassen-hammou-eelv-veut-prendre-son-temps\" target=\"_blank\" rel=\"noopener\">vis-\u00e0-vis d\u2019Hassen Hammou<\/a>. \u00ab\u00a0Au vu de la gravit\u00e9 des faits reproch\u00e9s et de l\u2019absence de plus d\u2019\u00e9l\u00e9ments sur cette affaire en cours, je lui ai demand\u00e9 de d\u00e9missionner du bureau politique des \u00c9cologistes, \u00e9crit-elle dans un message diffus\u00e9 en interne. Il ne s\u2019agit certes qu&#8230;<\/p>\n","protected":false},"excerpt":{"rendered":"Retrouvez tous les jours les \u00ab\u00a0Marseille confidentiels\u00a0\u00bb. Des news autour de la vie politique dans la cit\u00e9 phoc\u00e9enne.&hellip;\n","protected":false},"author":2,"featured_media":537170,"comment_status":"","ping_status":"","sticky":false,"template":"","format":"standard","meta":{"footnotes":""},"categories":[2814],"tags":[17,1111,11,1770,1777,674,1011,27,58925,58924,508,884,1123,12,882,17606,16,25,37462],"class_list":{"0":"post-537169","1":"post","2":"type-post","3":"status-publish","4":"format-standard","5":"has-post-thumbnail","7":"category-marseille","8":"tag-17","9":"tag-actu","10":"tag-actualites","11":"tag-corruption","12":"tag-eu","13":"tag-europe","14":"tag-fr","15":"tag-france","16":"tag-hammou","17":"tag-hassen","18":"tag-invite","19":"tag-marseille","20":"tag-mineur","21":"tag-news","22":"tag-provence-alpes-cote-dazur","23":"tag-quitter","24":"tag-region","25":"tag-republique-francaise","26":"tag-soupconne"},"share_on_mastodon":{"url":"https:\/\/pubeurope.com\/@fr\/115556847715532418","error":""},"_links":{"self":[{"href":"https:\/\/www.europesays.com\/fr\/wp-json\/wp\/v2\/posts\/537169","targetHints":{"allow":["GET"]}}],"collection":[{"href":"https:\/\/www.europesays.com\/fr\/wp-json\/wp\/v2\/posts"}],"about":[{"href":"https:\/\/www.europesays.com\/fr\/wp-json\/wp\/v2\/types\/post"}],"author":[{"embeddable":true,"href":"https:\/\/www.europesays.com\/fr\/wp-json\/wp\/v2\/users\/2"}],"replies":[{"embeddable":true,"href":"https:\/\/www.europesays.com\/fr\/wp-json\/wp\/v2\/comments?post=537169"}],"version-history":[{"count":0,"href":"https:\/\/www.europesays.com\/fr\/wp-json\/wp\/v2\/posts\/537169\/revisions"}],"wp:featuredmedia":[{"embeddable":true,"href":"https:\/\/www.europesays.com\/fr\/wp-json\/wp\/v2\/media\/537170"}],"wp:attachment":[{"href":"https:\/\/www.europesays.com\/fr\/wp-json\/wp\/v2\/media?parent=537169"}],"wp:term":[{"taxonomy":"category","embeddable":true,"href":"https:\/\/www.europesays.com\/fr\/wp-json\/wp\/v2\/categories?post=537169"},{"taxonomy":"post_tag","embeddable":true,"href":"https:\/\/www.europesays.com\/fr\/wp-json\/wp\/v2\/tags?post=537169"}],"curies":[{"name":"wp","href":"https:\/\/api.w.org\/{rel}","templated":true}]}}