{"id":537173,"date":"2025-11-16T01:46:19","date_gmt":"2025-11-16T01:46:19","guid":{"rendered":"https:\/\/www.europesays.com\/fr\/537173\/"},"modified":"2025-11-16T01:46:19","modified_gmt":"2025-11-16T01:46:19","slug":"13-interpellations-et-un-point-de-deal-demantele","status":"publish","type":"post","link":"https:\/\/www.europesays.com\/fr\/537173\/","title":{"rendered":"13 interpellations et un point de deal d\u00e9mantel\u00e9"},"content":{"rendered":"<p itemprop=\"description\"><strong>La police nationale a men\u00e9 une importante op\u00e9ration de s\u00e9curisation \u00e0 Meyzieu entre mercredi et vendredi, dans le cadre du plan d\u2019action d\u00e9partemental d\u00e9di\u00e9 au renforcement de la s\u00e9curit\u00e9 du quotidien.<\/strong><\/p>\n<p>Une mobilisation d\u2019ampleur qui a conduit \u00e0 13 interpellations et au d\u00e9mant\u00e8lement d\u2019un point de deal situ\u00e9 pr\u00e8s du centre commercial des Plant\u00e9es.<\/p>\n<p>Au total, 269 policiers ont \u00e9t\u00e9 d\u00e9ploy\u00e9s : effectifs de la direction interd\u00e9partementale du Rh\u00f4ne, unit\u00e9s d\u00e9partementales, CRS 83, police aux fronti\u00e8res, mais aussi douaniers, agents de la police municipale, contr\u00f4leurs de la RATP et agents de la DDPP.<\/p>\n<p>Les forces de l\u2019ordre ont proc\u00e9d\u00e9 \u00e0 787 contr\u00f4les sur la commune. Le bilan fait \u00e9tat de 124 infractions constat\u00e9es, dont des d\u00e9lits routiers et des tapages, ainsi que 12 amendes forfaitaires d\u00e9lictuelles pour consommation de stup\u00e9fiants.<\/p>\n<p>L\u2019op\u00e9ration antidrogue men\u00e9e aux Plant\u00e9es a abouti \u00e0 la saisie de 3,5 kilos d\u2019herbe et de r\u00e9sine de cannabis, d\u2019un v\u00e9hicule et de pr\u00e8s de 20 000 euros en num\u00e9raire.<\/p>\n<p>C\u00f4t\u00e9 commerces, six \u00e9tablissements ont \u00e9t\u00e9 contr\u00f4l\u00e9s :\u00a0<a href=\"https:\/\/www.lyonmag.com\/article\/148250\/des-blattes-ecrasees-des-denrees-perimees-deux-restaurants-de-meyzieu-fermes-en-urgence-a-cause-de-leur-hygiene-deplorable\" target=\"_blank\" rel=\"noopener\">deux fermetures administratives<\/a> ont \u00e9t\u00e9 prononc\u00e9es contre des restaurants, une proc\u00e9dure a \u00e9t\u00e9 engag\u00e9e pour non-pr\u00e9sentation de registre, un commerce a re\u00e7u une mise en garde pour sa gestion de stock de cigarettes et une personne a \u00e9t\u00e9 interpell\u00e9e pour r\u00e9bellion.<\/p>\n<p>La pr\u00e9f\u00e8te du Rh\u00f4ne, Fabienne Buccio, a salu\u00e9 l\u2019action des services mobilis\u00e9s, soulignant leur engagement \u00ab\u00a0au service des habitants de Meyzieu\u00a0\u00bb.<\/p>\n<p>Cette op\u00e9ration ville s\u00e9curit\u00e9 renforc\u00e9e fait suite \u00e0 des dispositifs similaires r\u00e9cemment men\u00e9s aux Terreaux, \u00e0 la Guilloti\u00e8re, Part-Dieu, V\u00e9nissieux, Bron, Villeurbanne, Rillieux-la-Pape ou encore Oullins-Pierre-B\u00e9nite.<\/p>\n","protected":false},"excerpt":{"rendered":"La police nationale a men\u00e9 une importante op\u00e9ration de s\u00e9curisation \u00e0 Meyzieu entre mercredi et vendredi, dans le&hellip;\n","protected":false},"author":2,"featured_media":537174,"comment_status":"","ping_status":"","sticky":false,"template":"","format":"standard","meta":{"footnotes":""},"categories":[1889],"tags":[1111,11,2813,2190,2430,1109,251,1112,2811,1777,674,118,1011,27,1922,1110,1114,2428,2810,12,241,316,25,2812,517,800],"class_list":{"0":"post-537173","1":"post","2":"type-post","3":"status-publish","4":"format-standard","5":"has-post-thumbnail","7":"category-lyon","8":"tag-actu","9":"tag-actualites","10":"tag-article","11":"tag-asvel","12":"tag-auvergne-rhone-alpes","13":"tag-breves","14":"tag-culture","15":"tag-depeches","16":"tag-economique","17":"tag-eu","18":"tag-europe","19":"tag-faits-divers","20":"tag-fr","21":"tag-france","22":"tag-info","23":"tag-informations","24":"tag-infos","25":"tag-lyon","26":"tag-lyonmag","27":"tag-news","28":"tag-ol","29":"tag-politique","30":"tag-republique-francaise","31":"tag-sociale","32":"tag-sport","33":"tag-transports"},"share_on_mastodon":{"url":"https:\/\/pubeurope.com\/@fr\/115556855580100471","error":""},"_links":{"self":[{"href":"https:\/\/www.europesays.com\/fr\/wp-json\/wp\/v2\/posts\/537173","targetHints":{"allow":["GET"]}}],"collection":[{"href":"https:\/\/www.europesays.com\/fr\/wp-json\/wp\/v2\/posts"}],"about":[{"href":"https:\/\/www.europesays.com\/fr\/wp-json\/wp\/v2\/types\/post"}],"author":[{"embeddable":true,"href":"https:\/\/www.europesays.com\/fr\/wp-json\/wp\/v2\/users\/2"}],"replies":[{"embeddable":true,"href":"https:\/\/www.europesays.com\/fr\/wp-json\/wp\/v2\/comments?post=537173"}],"version-history":[{"count":0,"href":"https:\/\/www.europesays.com\/fr\/wp-json\/wp\/v2\/posts\/537173\/revisions"}],"wp:featuredmedia":[{"embeddable":true,"href":"https:\/\/www.europesays.com\/fr\/wp-json\/wp\/v2\/media\/537174"}],"wp:attachment":[{"href":"https:\/\/www.europesays.com\/fr\/wp-json\/wp\/v2\/media?parent=537173"}],"wp:term":[{"taxonomy":"category","embeddable":true,"href":"https:\/\/www.europesays.com\/fr\/wp-json\/wp\/v2\/categories?post=537173"},{"taxonomy":"post_tag","embeddable":true,"href":"https:\/\/www.europesays.com\/fr\/wp-json\/wp\/v2\/tags?post=537173"}],"curies":[{"name":"wp","href":"https:\/\/api.w.org\/{rel}","templated":true}]}}