{"id":537175,"date":"2025-11-16T01:47:43","date_gmt":"2025-11-16T01:47:43","guid":{"rendered":"https:\/\/www.europesays.com\/fr\/537175\/"},"modified":"2025-11-16T01:47:43","modified_gmt":"2025-11-16T01:47:43","slug":"un-an-apres-une-greve-de-140-jours-les-pompiers-de-nouveau-dans-la-rue","status":"publish","type":"post","link":"https:\/\/www.europesays.com\/fr\/537175\/","title":{"rendered":"un an apr\u00e8s une gr\u00e8ve de 140 jours, les pompiers de nouveau dans la rue"},"content":{"rendered":"<p>\n    Les sapeurs-pompiers de la m\u00e9tropole de Lyon et du d\u00e9partement du Rh\u00f4ne seront en gr\u00e8ve ce lundi pour demander de meilleures conditions de travail et salariales.<\/p>\n<p class=\"fig-paragraph\">Un an apr\u00e8s\u00a0<a href=\"http:\/\/www.lefigaro.fr\/lyon\/j-arrete-de-m-alimenter-apres-48-jours-de-greve-des-pompiers-lyonnais-entament-une-greve-de-la-faim-20241118\" data-fig-type=\"NewsFlash\" data-gtm-custom-categorie=\"navigation\" data-gtm-custom-action=\"crossclick\" data-gtm-custom-label=\"Contextuel\" data-gtm-event=\"customEventSPE\" data-fig-domain=\"LEFIGARO\" target=\"_blank\" rel=\"noopener\">un mouvement social qui aura dur\u00e9 plus de quatre mois<\/a>, ponctu\u00e9 par une action retentissante lors de la\u00a0<a href=\"http:\/\/www.lefigaro.fr\/lyon\/a-lyon-une-fete-des-lumieres-entre-austerite-budgetaire-et-retour-aux-traditions-20251105\" data-fig-type=\"NewsFlash\" data-gtm-custom-categorie=\"navigation\" data-gtm-custom-action=\"crossclick\" data-gtm-custom-label=\"Contextuel\" data-gtm-event=\"customEventSPE\" data-fig-domain=\"LEFIGARO\" target=\"_blank\" rel=\"noopener\">F\u00eate des lumi\u00e8res<\/a>\u00a0et des gr\u00e8ves de la faim, les pompiers lyonnais ont lanc\u00e9 un nouvel appel \u00e0 la gr\u00e8ve pour ce lundi 17 novembre. Les soldats du feu, qui r\u00e9clament depuis de nombreuses ann\u00e9es des \u00abeffectifs suppl\u00e9mentaires et une am\u00e9lioration de leur pouvoir d\u2019achat et de leurs conditions de travail\u00bb se rassembleront \u00e0 7 heures du matin devant le si\u00e8ge de la m\u00e9tropole de Lyon, principal financeur du SDMIS (80%) avant de rejoindre l\u2019h\u00f4tel du d\u00e9partement du Rh\u00f4ne, autre financeur de leur service (20%).<\/p>\n<p class=\"fig-body-link\">\n            \u00c0 lire aussi<br \/>\n        <a class=\"fig-body-link__link\" href=\"http:\/\/www.lefigaro.fr\/lyon\/immolation-par-le-feu-et-manifestation-sauvage-les-images-des-pompiers-en-greve-a-lyon-20241205\" data-fig-type=\"NewsFlash\" data-gtm-custom-categorie=\"navigation\" data-gtm-custom-action=\"crossclick\" data-gtm-custom-label=\"Contextuel\" data-gtm-event=\"customEventSPE\" data-fig-domain=\"LEFIGARO\" target=\"_blank\" rel=\"noopener\"><\/p>\n<p>        \u00abImmolation par le feu\u00bb et manifestation sauvage\u00a0: les images des pompiers en gr\u00e8ve \u00e0 Lyon<br \/>\n    <\/a>\n<\/p>\n<p>Une s\u00e9rie d\u2019agressions r\u00e9centes<\/p>\n<p class=\"fig-paragraph\">Ce mouvement intervient apr\u00e8s\u00a0<a href=\"http:\/\/www.lefigaro.fr\/lyon\/pres-de-lyon-agresses-par-une-foule-hostile-des-pompiers-obliges-de-se-refugier-dans-un-commissariat-20251105\" data-fig-type=\"NewsFlash\" data-gtm-custom-categorie=\"navigation\" data-gtm-custom-action=\"crossclick\" data-gtm-custom-label=\"Contextuel\" data-gtm-event=\"customEventSPE\" data-fig-domain=\"LEFIGARO\" target=\"_blank\" rel=\"noopener\">une s\u00e9rie d\u2019agressions de pompiers dans la m\u00e9tropole de Lyon<\/a>. D\u00e9but novembre, un \u00e9quipage qui intervenait \u00e0 V\u00e9nissieux a \u00e9t\u00e9 agress\u00e9 par une foule hostile alors qu\u2019ils portaient secours \u00e0 un homme victime de convulsions. Les sapeurs-pompiers et le personnel du Samu avaient alors \u00e9t\u00e9 contraints d\u2019abandonner l\u2019ambulance sur les lieux de l\u2019intervention pour se mettre \u00e0 l\u2019abri dans le commissariat de police le plus proche.<\/p>\n<p>                                    <a class=\"fig-a11y-skip a11y-hidden\" href=\"#fig-a11y-skip-main-inarticle\"><br \/>\n        Passer la publicit\u00e9<br \/>\n    <\/a><\/p>\n<p class=\"fig-paragraph\">\u00abNos revendications ne sont pas corporatistes\u00a0: elles concernent la s\u00e9curit\u00e9 de tous. Des moyens humains et mat\u00e9riels suffisants garantissent des interventions plus rapides, plus s\u00fbres et plus efficaces pour chaque habitant du Rh\u00f4ne et de la M\u00e9tropole\u00bb, a d\u00e9clar\u00e9 le syndicat Solidaires Sud.<\/p>\n<p>Une gr\u00e8ve de 140 jours l\u2019an dernier<\/p>\n<p class=\"fig-paragraph\">L\u2019an dernier, le mouvement, commenc\u00e9 en octobre,\u00a0<a href=\"http:\/\/www.lefigaro.fr\/lyon\/apres-plus-de-quatre-mois-de-greve-les-pompiers-lyonnais-obtiennent-quelques-recrutements-20250219\" data-fig-type=\"NewsFlash\" data-gtm-custom-categorie=\"navigation\" data-gtm-custom-action=\"crossclick\" data-gtm-custom-label=\"Contextuel\" data-gtm-event=\"customEventSPE\" data-fig-domain=\"LEFIGARO\" target=\"_blank\" rel=\"noopener\">avait finalement dur\u00e9 140 jours<\/a>\u00a0et s\u2019\u00e9tait ponctu\u00e9 par quelques avanc\u00e9es \u00abmineures\u00bb selon les pompiers lyonnais, qui avaient obtenu dix nominations au grade d\u2019adjudant ainsi que 16 embauches, dont 15 de sapeurs-pompiers, cibl\u00e9es sur les casernes en tension de la banlieue lyonnaise (\u00e0 Villeurbanne, D\u00e9cines, Tassin et Feyzin).<\/p>\n<p class=\"fig-paragraph\">Dans un contexte d\u2019effectifs insuffisants et d\u2019allongement des d\u00e9lais d\u2019intervention, les manifestants avaient d\u00e9j\u00e0 donn\u00e9 rendez-vous \u00e0 l\u2019automne 2025. Pour le moment, le pr\u00e9avis de gr\u00e8ve d\u00e9butera le lundi 17 novembre \u00e0 7 heures et se terminera le mardi 18 \u00e0 8 heures. Il pourrait toutefois s\u2019\u00e9tendre dans un contexte d\u2019\u00e9lections m\u00e9tropolitaines et municipales \u00e0 venir en mars 2026.<\/p>\n","protected":false},"excerpt":{"rendered":"Les sapeurs-pompiers de la m\u00e9tropole de Lyon et du d\u00e9partement du Rh\u00f4ne seront en gr\u00e8ve ce lundi pour&hellip;\n","protected":false},"author":2,"featured_media":537176,"comment_status":"","ping_status":"","sticky":false,"template":"","format":"standard","meta":{"footnotes":""},"categories":[1889],"tags":[1111,11,2430,1777,674,1011,27,6151,2428,12,4775,25],"class_list":{"0":"post-537175","1":"post","2":"type-post","3":"status-publish","4":"format-standard","5":"has-post-thumbnail","7":"category-lyon","8":"tag-actu","9":"tag-actualites","10":"tag-auvergne-rhone-alpes","11":"tag-eu","12":"tag-europe","13":"tag-fr","14":"tag-france","15":"tag-greve","16":"tag-lyon","17":"tag-news","18":"tag-pompier","19":"tag-republique-francaise"},"share_on_mastodon":{"url":"https:\/\/pubeurope.com\/@fr\/115556859469595882","error":""},"_links":{"self":[{"href":"https:\/\/www.europesays.com\/fr\/wp-json\/wp\/v2\/posts\/537175","targetHints":{"allow":["GET"]}}],"collection":[{"href":"https:\/\/www.europesays.com\/fr\/wp-json\/wp\/v2\/posts"}],"about":[{"href":"https:\/\/www.europesays.com\/fr\/wp-json\/wp\/v2\/types\/post"}],"author":[{"embeddable":true,"href":"https:\/\/www.europesays.com\/fr\/wp-json\/wp\/v2\/users\/2"}],"replies":[{"embeddable":true,"href":"https:\/\/www.europesays.com\/fr\/wp-json\/wp\/v2\/comments?post=537175"}],"version-history":[{"count":0,"href":"https:\/\/www.europesays.com\/fr\/wp-json\/wp\/v2\/posts\/537175\/revisions"}],"wp:featuredmedia":[{"embeddable":true,"href":"https:\/\/www.europesays.com\/fr\/wp-json\/wp\/v2\/media\/537176"}],"wp:attachment":[{"href":"https:\/\/www.europesays.com\/fr\/wp-json\/wp\/v2\/media?parent=537175"}],"wp:term":[{"taxonomy":"category","embeddable":true,"href":"https:\/\/www.europesays.com\/fr\/wp-json\/wp\/v2\/categories?post=537175"},{"taxonomy":"post_tag","embeddable":true,"href":"https:\/\/www.europesays.com\/fr\/wp-json\/wp\/v2\/tags?post=537175"}],"curies":[{"name":"wp","href":"https:\/\/api.w.org\/{rel}","templated":true}]}}