{"id":537181,"date":"2025-11-16T01:52:15","date_gmt":"2025-11-16T01:52:15","guid":{"rendered":"https:\/\/www.europesays.com\/fr\/537181\/"},"modified":"2025-11-16T01:52:15","modified_gmt":"2025-11-16T01:52:15","slug":"le-siege-de-rmc-bfm-evacue-apres-une-alerte-a-la-bombe-les-directs-suspendus","status":"publish","type":"post","link":"https:\/\/www.europesays.com\/fr\/537181\/","title":{"rendered":"Le si\u00e8ge de RMC BFM \u00e9vacu\u00e9 apr\u00e8s une\u00a0alerte \u00e0 la bombe, les directs suspendus"},"content":{"rendered":"<p>Les locaux du groupe <a href=\"https:\/\/www.20minutes.fr\/dossier\/rmc\" class=\"c-link c-link--is-underlined\" rel=\"nofollow noopener\" target=\"_blank\">RMC<\/a> <a href=\"https:\/\/www.20minutes.fr\/dossier\/bfm_tv\" class=\"c-link c-link--is-underlined\" rel=\"nofollow noopener\" target=\"_blank\">BFM TV<\/a>, situ\u00e9s dans le 15e\u00a0arrondissement de <a href=\"https:\/\/www.20minutes.fr\/paris\/\" class=\"c-link c-link--is-underlined\" rel=\"nofollow noopener\" target=\"_blank\">Paris<\/a>, ont \u00e9t\u00e9 \u00e9vacu\u00e9s ce samedi apr\u00e8s-midi et les directs des antennes suspendus apr\u00e8s une \u00ab\u00a0alerte de <a href=\"https:\/\/www.20minutes.fr\/societe\/securite\/\" class=\"c-link c-link--is-underlined\" rel=\"nofollow noopener\" target=\"_blank\">s\u00e9curit\u00e9<\/a>\u00a0\u00bb, ont annonc\u00e9 les deux m\u00e9dias sur X.<\/p>\n<p>\u00ab\u00a0Nos locaux ont \u00e9t\u00e9 \u00e9vacu\u00e9s suite \u00e0 une alerte de s\u00e9curit\u00e9. Les forces de l\u2019ordre sont sur place pour mener les v\u00e9rifications\u00a0\u00bb, ont annonc\u00e9 la radio et la cha\u00eene d\u2019information en continu. \u00ab\u00a0Nos programmes sont temporairement perturb\u00e9s sur l\u2019ensemble des antennes RMC et BFM TV. Nos \u00e9quipes se mobilisent pour un retour \u00e0 l\u2019antenne au plus vite\u00a0\u00bb, a ajout\u00e9 la cha\u00eene d\u2019information en continu.<\/p>\n<p>Des chiens de d\u00e9tection d\u2019explosifs d\u00e9ploy\u00e9s<\/p>\n<p>D\u2019apr\u00e8s des informations de nos confr\u00e8res du <a href=\"https:\/\/www.leparisien.fr\/culture-loisirs\/tv\/alerte-a-la-bombe-chez-bfmtv-le-direct-interrompu-15-11-2025-2E2KSLBGZNBGTJ6MHEJ4G73WD4.php?ts=1763223949122\" rel=\"nofollow noopener\" target=\"_blank\" class=\"c-link c-link--is-underlined\">Parisien<\/a>, l\u2019intervention des forces de l\u2019ordre aurait \u00e9t\u00e9 d\u00e9cid\u00e9e apr\u00e8s qu\u2019un internaute a affirm\u00e9 que le b\u00e2timent allait sauter \u00e0 15h15. Des chiens de d\u00e9tection d\u2019explosifs sont sur place, selon une source polici\u00e8re. Des inspections \u00e9taient en cours peu avant 17 heures, selon une autre <a href=\"https:\/\/www.20minutes.fr\/dossier\/police\" class=\"c-link c-link--is-underlined\" rel=\"nofollow noopener\" target=\"_blank\">source polici\u00e8re<\/a>.<\/p>\n<blockquote class=\"twitter-tweet\" align=\"center\" data-lang=\"fr_FR\">\n<p lang=\"fr\" dir=\"ltr\">Nos locaux ont \u00e9t\u00e9 \u00e9vacu\u00e9s suite \u00e0 une alerte de s\u00e9curit\u00e9. <\/p>\n<p>Les forces de l\u2019ordre sont sur place pour mener les v\u00e9rifications. <\/p>\n<p>Nos programmes sont temporairement perturb\u00e9s sur l\u2019ensemble des antennes RMC BFM. <\/p>\n<p>Nos \u00e9quipes se mobilisent pour un retour \u00e0 l\u2019antenne au plus vite.\u2026<\/p>\n<p>\u2014 RMC (@RMCInfo) <a href=\"https:\/\/twitter.com\/RMCInfo\/status\/1989722969929593300?ref_src=twsrc%5Etfw\" rel=\"nofollow noopener\" target=\"_blank\">November 15, 2025<\/a><\/p><\/blockquote>\n<p class=\"mb-xxl@xs color-ultramarine font-weight-semi-bold@xs font-source-serif-pro heading-s@xs\">L\u2019acc\u00e8s \u00e0 ce contenu a \u00e9t\u00e9 bloqu\u00e9 afin de respecter votre choix de consentement<\/p>\n<p class=\"mb-m@xs text-l@xs\">En cliquant sur\u00ab J\u2019accepte \u00bb, vous acceptez le d\u00e9p\u00f4t de cookies par des services externes et aurez ainsi acc\u00e8s aux contenus de nos partenaires.<\/p>\n<p class=\"mb-xl@xs text-s@xs\">Plus d\u2019informations sur la page<a href=\"https:\/\/www.20minutes.fr\/gestion-cookies\" class=\"mx-xxs@xs color-ultramarine\" rel=\"nofollow noopener\" target=\"_blank\">Politique de gestion des cookies<\/a><\/p>\n<p>J\u2019accepte<\/p>\n<p>Contact\u00e9, le groupe a pr\u00e9cis\u00e9 que \u00ab\u00a0l\u2019ensemble des collaborateurs du groupe ont \u00e9t\u00e9 \u00e9vacu\u00e9s par mesure de s\u00e9curit\u00e9\u00a0\u00bb, mais n\u2019\u00e9tait pas en mesure de pr\u00e9ciser leur nombre exact.<\/p>\n<p>Le direct de BFM TV a \u00e9t\u00e9 interrompu aux alentours de 15h20 pour laisser place \u00e0 de la publicit\u00e9 puis \u00e0 des documentaires.<\/p>\n<p><script async src=\"https:\/\/platform.twitter.com\/widgets.js\" charset=\"utf-8\"><\/script><\/p>\n","protected":false},"excerpt":{"rendered":"Les locaux du groupe RMC BFM TV, situ\u00e9s dans le 15e\u00a0arrondissement de Paris, ont \u00e9t\u00e9 \u00e9vacu\u00e9s ce samedi&hellip;\n","protected":false},"author":2,"featured_media":537182,"comment_status":"","ping_status":"","sticky":false,"template":"","format":"standard","meta":{"footnotes":""},"categories":[1888],"tags":[1111,1928,47,11,1927,37571,10831,1777,674,118,1011,27,662,12,1926,626,1925,1072,25,10319],"class_list":{"0":"post-537181","1":"post","2":"type-post","3":"status-publish","4":"format-standard","5":"has-post-thumbnail","7":"category-paris","8":"tag-actu","9":"tag-actu-paris","10":"tag-actualite","11":"tag-actualites","12":"tag-actualites-paris","13":"tag-alerte-a-la-bombe","14":"tag-bfmtv","15":"tag-eu","16":"tag-europe","17":"tag-faits-divers","18":"tag-fr","19":"tag-france","20":"tag-ile-de-france","21":"tag-news","22":"tag-news-paris","23":"tag-paris","24":"tag-paris-news","25":"tag-police","26":"tag-republique-francaise","27":"tag-rmc"},"share_on_mastodon":{"url":"https:\/\/pubeurope.com\/@fr\/115556879212013377","error":""},"_links":{"self":[{"href":"https:\/\/www.europesays.com\/fr\/wp-json\/wp\/v2\/posts\/537181","targetHints":{"allow":["GET"]}}],"collection":[{"href":"https:\/\/www.europesays.com\/fr\/wp-json\/wp\/v2\/posts"}],"about":[{"href":"https:\/\/www.europesays.com\/fr\/wp-json\/wp\/v2\/types\/post"}],"author":[{"embeddable":true,"href":"https:\/\/www.europesays.com\/fr\/wp-json\/wp\/v2\/users\/2"}],"replies":[{"embeddable":true,"href":"https:\/\/www.europesays.com\/fr\/wp-json\/wp\/v2\/comments?post=537181"}],"version-history":[{"count":0,"href":"https:\/\/www.europesays.com\/fr\/wp-json\/wp\/v2\/posts\/537181\/revisions"}],"wp:featuredmedia":[{"embeddable":true,"href":"https:\/\/www.europesays.com\/fr\/wp-json\/wp\/v2\/media\/537182"}],"wp:attachment":[{"href":"https:\/\/www.europesays.com\/fr\/wp-json\/wp\/v2\/media?parent=537181"}],"wp:term":[{"taxonomy":"category","embeddable":true,"href":"https:\/\/www.europesays.com\/fr\/wp-json\/wp\/v2\/categories?post=537181"},{"taxonomy":"post_tag","embeddable":true,"href":"https:\/\/www.europesays.com\/fr\/wp-json\/wp\/v2\/tags?post=537181"}],"curies":[{"name":"wp","href":"https:\/\/api.w.org\/{rel}","templated":true}]}}