{"id":537183,"date":"2025-11-16T01:53:17","date_gmt":"2025-11-16T01:53:17","guid":{"rendered":"https:\/\/www.europesays.com\/fr\/537183\/"},"modified":"2025-11-16T01:53:17","modified_gmt":"2025-11-16T01:53:17","slug":"lfi-mise-sur-des-gros-noms-pour-les-municipales-2026-a-paris","status":"publish","type":"post","link":"https:\/\/www.europesays.com\/fr\/537183\/","title":{"rendered":"LFI mise sur des gros noms pour les municipales 2026 \u00e0 Paris"},"content":{"rendered":"<p>                    Par<br \/>\n        <strong><br \/>\n            <a href=\"https:\/\/actu.fr\/auteur\/dorinegoth\" title=\"Consulter tous les articles de Dorine Goth\" target=\"_blank\" rel=\"noopener\">Dorine Goth<\/a><br \/>\n                    <\/strong><\/p>\n<p>        Publi\u00e9 le<\/p>\n<p>            15 nov. 2025 \u00e0 9h18        <\/p>\n<p><a href=\"https:\/\/actu.fr\/tag\/la-france-insoumise-lfi\" target=\"_blank\" rel=\"noopener\">La France insoumise<\/a> se lance dans la bataille parisienne. Apr\u00e8s avoir lanc\u00e9 officiellement la <a href=\"https:\/\/actu.fr\/ile-de-france\/paris_75056\/municipales-2026-lfi-investit-officiellement-sophia-chikirou-pour-un-nouveau-paris-populaire_63439814.html\" target=\"_blank\" rel=\"noopener\">candidature de <strong>Sophia Chikirou<\/strong><\/a> \u00e0 la mairie, le parti politique de Jean-Luc M\u00e9lenchon a r\u00e9v\u00e9l\u00e9, vendredi 14\u00a0novembre 2025, <strong>les t\u00eates de listes<\/strong> pour les arrondissements de Paris. Si la d\u00e9put\u00e9e a revendiqu\u00e9 des candidats \u00ab\u2009\u00e0 l\u2019image du nouveau Paris populaire\u2009\u00bb, le slogan de sa campagne, le parti mise aussi sur quelques noms bien connus du grand public. Parmi eux, <strong>Bruno Gaccio<\/strong>, ancienne plume des <a href=\"https:\/\/actu.fr\/societe\/canal-annonce-fin-guignols-linfo-apres-30-ans-dexistence_17082642.html\" target=\"_blank\" rel=\"noopener\">Guignols de l\u2019info<\/a> et <strong>Dani\u00e8le Obono<\/strong>, d\u00e9put\u00e9e de Paris.<\/p>\n<p>LFI vise les municipales<\/p>\n<p class=\" wall-content\">Pour ces municipales, l\u2019enjeu est de taille. Pour l\u2019heure, seules trois communes en France sont dirig\u00e9es par des maires insoumis\u2009: Faches Thumesnil (Nord), Grabels (H\u00e9rault) et Ch\u00e2teldon (Puy-de-D\u00f4me). Paris constitue un terrain de conqu\u00eate alors qu\u2019aux derni\u00e8res l\u00e9gislatives, cinq circonscriptions sur dix-huit ont \u00e9t\u00e9 rafl\u00e9es par le parti d\u2019extr\u00eame gauche. Sophia Chikirou est pour l\u2019heure cr\u00e9dit\u00e9e de 12\u2009% des intentions de vote face \u00e0 trois autres candidats de gauche\u2009: Ian Brossat (PCF), David Belliard (EELV) et Emmanuel Gr\u00e9goire (PS).<\/p>\n<p class=\" wall-content\">Sophia Chikirou, jaug\u00e9e entre 10 et 15\u2009% dans les sondages, va affronter au premier tour trois autres candidats, sauf \u00e9ventuelle fusion des listes.<\/p>\n<p>Des figures LFI<\/p>\n<p class=\" wall-content\">Pour les arrondissements, LFI parie d\u00e9j\u00e0 sur ses figures. Les d\u00e9put\u00e9s <strong>Rodrigo Arenas<\/strong> et <strong>Dani\u00e8le Obono<\/strong>, sont candidats respectivement dans les 14e et 18e arrondissements. Pour le 7e, l\u2019arrondissement de Rachida Dati, le parti compte sur <strong>Bruno Gaccio<\/strong>. L\u2019ancienne plume des Guignols de l\u2019info se lance pour la premi\u00e8re fois dans une campagne municipale.<\/p>\n<p class=\" wall-content\">Dans le 13e arrondissement, c\u2019est le m\u00e9diatique m\u00e9decin urgentiste <strong><a href=\"https:\/\/actu.fr\/ile-de-france\/bobigny_93008\/covid-19-en-seine-saint-denis-un-medecin-urgentiste-de-bobigny-conseille-de-se-faire-tester-avant-noel_38050677.html\" target=\"_blank\" rel=\"noopener\">Christophe Prudhomme<\/a> <\/strong>qui aura la charge de faire basculer ce bastion des socialistes depuis plus de 20\u00a0ans. Et le 20e voit la candidature de <strong><a href=\"https:\/\/cinema.actu.fr\/personne\/72348\" target=\"_blank\" rel=\"noopener\">Sophie de la Rochefoucauld<\/a><\/strong>, suppl\u00e9ante de Sophia Chikirou et actrice du petit \u00e9cran.<\/p>\n<p>Des inconnus du public<\/p>\n<p class=\" wall-content\">LFI pr\u00e9sente aussi des profils moins m\u00e9diatiques. La liste compte notamment <strong>Marion Beauvalet<\/strong> pour le 10e arrondissement. La chercheuse sur le temps de travail \u00e9tait pr\u00e9sente fin octobre \u00e0 New York pour suivre <a href=\"https:\/\/actu.fr\/monde\/opposant-farouche-a-donald-trump-socialiste-qui-est-zohran-mamdani-favori-pour-devenir-maire-de-new-york_63389564.html\" target=\"_blank\" rel=\"noopener\">la campagne de Zohran Mamdani<\/a> et participer aux derniers jours de mobilisation.<\/p>\n<p class=\" wall-content\">Ailleurs, place \u00e0 <strong>C\u00e9dric Panizzi<\/strong>, entrepreneur sp\u00e9cialis\u00e9 dans les sports de combats, pour le centre, <strong>Coline Bouret,<\/strong> charg\u00e9e de mission \u00e0 la France insoumise pour le 6e, <strong>Sonia Chaouche,<\/strong> cheffe de service \u00e9ducatif pour le 8e, E<strong>mbla Fautra,<\/strong> cheffe de projet dans une entreprise pour le 9e et <strong>Sabrina Nouri,<\/strong> f\u00e9ministe et coordinatrice du livre \u00ab\u2009Egalit\u00e9 femmes-hommes\u2009\u00bb pour la campagne de Jean-Luc M\u00e9lenchon pour le 11e arrondissement.<\/p>\n<p>Votre r\u00e9gion, votre actu !<\/p>\n<p>Recevez chaque jour les infos qui comptent pour vous.<\/p>\n<p>\t<a href=\"https:\/\/actu.fr\/newsletter\" class=\"ac-btn ac-btn--corner ac-btn--medium ac-btn--blue800\" target=\"_blank\" rel=\"noopener\">S&rsquo;incrire<\/a><\/p>\n<p class=\" wall-content\">Dans le 15e, LFI pr\u00e9sente <strong>Elsa Delann\u00e9e<\/strong>, une ing\u00e9nieure chez Stellantis.\u00a0L\u2019\u00e9tudiant, <strong>Oscar Maslard<\/strong>, aura la lourde t\u00e2che de faire campagne dans le tr\u00e8s \u00e0 droite 16e arrondissement. Dans le 19e, les \u00e9lecteurs retrouveront le com\u00e9dien et metteur en sc\u00e8ne<strong> Laurent Timsit<\/strong> administrateur du centre culturel et social de Rosa Parks.<\/p>\n<p class=\" wall-content\">Personnalisez votre actualit\u00e9 en ajoutant vos villes et m\u00e9dias en favori avec <a href=\"https:\/\/moncompte.actu.fr\" title=\"D\u00e9couvez Mon Actu\" rel=\"nofollow noopener\" data-trk=\"{&quot;cta&quot;:{&quot;action&quot;:&quot;https:\\\/\\\/moncompte.actu.fr&quot;,&quot;category&quot;:&quot;mon compte&quot;,&quot;from&quot;:&quot;article footer&quot;,&quot;name&quot;:&quot;Mon actu&quot;,&quot;type&quot;:&quot;cta&quot;}}\" target=\"_blank\">Mon Actu<\/a>.<\/p>\n","protected":false},"excerpt":{"rendered":"Par Dorine Goth Publi\u00e9 le 15 nov. 2025 \u00e0 9h18 La France insoumise se lance dans la bataille&hellip;\n","protected":false},"author":2,"featured_media":537184,"comment_status":"","ping_status":"","sticky":false,"template":"","format":"standard","meta":{"footnotes":""},"categories":[1888],"tags":[11,1777,674,1011,27,1023,3434,12,626,316,25],"class_list":{"0":"post-537183","1":"post","2":"type-post","3":"status-publish","4":"format-standard","5":"has-post-thumbnail","7":"category-paris","8":"tag-actualites","9":"tag-eu","10":"tag-europe","11":"tag-fr","12":"tag-france","13":"tag-la-france-insoumise-lfi","14":"tag-municipales-2026","15":"tag-news","16":"tag-paris","17":"tag-politique","18":"tag-republique-francaise"},"share_on_mastodon":{"url":"https:\/\/pubeurope.com\/@fr\/115556883109723241","error":""},"_links":{"self":[{"href":"https:\/\/www.europesays.com\/fr\/wp-json\/wp\/v2\/posts\/537183","targetHints":{"allow":["GET"]}}],"collection":[{"href":"https:\/\/www.europesays.com\/fr\/wp-json\/wp\/v2\/posts"}],"about":[{"href":"https:\/\/www.europesays.com\/fr\/wp-json\/wp\/v2\/types\/post"}],"author":[{"embeddable":true,"href":"https:\/\/www.europesays.com\/fr\/wp-json\/wp\/v2\/users\/2"}],"replies":[{"embeddable":true,"href":"https:\/\/www.europesays.com\/fr\/wp-json\/wp\/v2\/comments?post=537183"}],"version-history":[{"count":0,"href":"https:\/\/www.europesays.com\/fr\/wp-json\/wp\/v2\/posts\/537183\/revisions"}],"wp:featuredmedia":[{"embeddable":true,"href":"https:\/\/www.europesays.com\/fr\/wp-json\/wp\/v2\/media\/537184"}],"wp:attachment":[{"href":"https:\/\/www.europesays.com\/fr\/wp-json\/wp\/v2\/media?parent=537183"}],"wp:term":[{"taxonomy":"category","embeddable":true,"href":"https:\/\/www.europesays.com\/fr\/wp-json\/wp\/v2\/categories?post=537183"},{"taxonomy":"post_tag","embeddable":true,"href":"https:\/\/www.europesays.com\/fr\/wp-json\/wp\/v2\/tags?post=537183"}],"curies":[{"name":"wp","href":"https:\/\/api.w.org\/{rel}","templated":true}]}}