{"id":537185,"date":"2025-11-16T01:54:24","date_gmt":"2025-11-16T01:54:24","guid":{"rendered":"https:\/\/www.europesays.com\/fr\/537185\/"},"modified":"2025-11-16T01:54:24","modified_gmt":"2025-11-16T01:54:24","slug":"rachida-dati-candidate-lr-dans-la-capitale","status":"publish","type":"post","link":"https:\/\/www.europesays.com\/fr\/537185\/","title":{"rendered":"Rachida Dati, candidate LR dans la capitale"},"content":{"rendered":"<p><strong>LA TRIBUNE DIMANCHE \u2014\u00a0La limitation de la circulation des voitures et l\u2019essor de celle des v\u00e9los ont \u00e9t\u00e9 une des marques principales de l\u2019\u00e8re Delano\u00eb-Hidalgo. Voulez-vous mettre un terme \u00e0 cette r\u00e9volution\u2009?<\/strong><\/p>\n<p><strong>RACHIDA DATI \u2014\u00a0<\/strong>De quelle r\u00e9volution parlez-vous\u2009? Du chaos g\u00e9n\u00e9ralis\u00e9 dans nos rues\u2009? Des bus qui n\u2019arrivent plus \u00e0 circuler\u2009? Des personnes \u00e2g\u00e9es qui ont peur de traverser la chauss\u00e9e\u2009? Du bruit, de la pollution\u2009? <a href=\"https:\/\/www.google.com\/url?client=internal-element-cse&amp;cx=7224492ce357c42ad&amp;q=https:\/\/www.latribune.fr\/article\/la-tribune-dimanche\/politique\/93102496600297\/municipales-2026-a-lapproche-de-la-fin-de-son-mandat-anne-hidalgo-joue-la-carte-du-silence&amp;sa=U&amp;ved=2ahUKEwirv-mc6PSQAxXfdqQEHRoFCPMQFnoECAQQAg&amp;usg=AOvVaw3bvz1HEQqxXfEH2eAKbPcD&amp;fexp=73177438,73177439\" target=\"_blank\" rel=\"noopener\">Anne Hidalgo<\/a> et Emmanuel Gr\u00e9goire ont abord\u00e9 la question des mobilit\u00e9s avec un prisme id\u00e9ologique, ce n\u2019est d\u2019ailleurs pas ce qu\u2019avait initi\u00e9 <a href=\"https:\/\/www.google.com\/url?client=internal-element-cse&amp;cx=7224492ce357c42ad&amp;q=https:\/\/www.latribune.fr\/la-tribune-dimanche\/politique\/bertrand-delanoe-si-je-devais-demander-une-aide-active-a-mourir-je-voudrais-pouvoir-le-faire-moi-meme-1024684.html&amp;sa=U&amp;ved=2ahUKEwjN4fOv6PSQAxUoTaQEHfMxKHwQFnoECAcQAg&amp;usg=AOvVaw0zzK0KI2nhKvLAXsfRi3ww&amp;fexp=73177438,73177439\" target=\"_blank\" rel=\"noopener\">Bertrand Delano\u00eb<\/a>. Je veux que l\u2019organisation de l\u2019espace public parisien renoue avec le pragmatisme, le bon sens et le respect de tout le monde. Je ne veux plus que le fait de se d\u00e9placer dans Paris soit une source de stress. Je pars d\u2019un principe simple\u2009: 100\u202f% des Parisiens sont pi\u00e9tons \u00e0 un moment de la journ\u00e9e. Or le pi\u00e9ton a \u00e9t\u00e9 le grand oubli\u00e9 des mandatures Hidalgo. La majorit\u00e9 sortante se gargarise de faire des <a href=\"https:\/\/www.google.com\/url?client=internal-element-cse&amp;cx=7224492ce357c42ad&amp;q=https:\/\/www.latribune.fr\/regions\/ile-de-france\/hidalgo-veut-drastiquement-reduire-la-circulation-automobile-dans-le-coeur-de-paris-des-2022-884627.html&amp;sa=U&amp;ved=2ahUKEwjL57_C6PSQAxUgUqQEHYVHBIIQFnoECAcQAg&amp;usg=AOvVaw3lXtM2T0QFKKLkkbtNyZii&amp;fexp=73177438,73177439\" target=\"_blank\" rel=\"noopener\">zones pi\u00e9tonnes<\/a>, mais la plupart de ces zones ne leur sont absolument pas d\u00e9di\u00e9es\u2009! Nous allons sanctuariser la place du pi\u00e9ton dans Paris et mettre en place des voies transverses d\u00e9di\u00e9es aux pi\u00e9tons, ce qui n\u2019a jamais \u00e9t\u00e9 fait.<\/p>\n","protected":false},"excerpt":{"rendered":"LA TRIBUNE DIMANCHE \u2014\u00a0La limitation de la circulation des voitures et l\u2019essor de celle des v\u00e9los ont \u00e9t\u00e9&hellip;\n","protected":false},"author":2,"featured_media":537186,"comment_status":"","ping_status":"","sticky":false,"template":"","format":"standard","meta":{"footnotes":""},"categories":[1888],"tags":[17,11,65628,5108,5808,33380,1777,674,1011,27,757,3102,3228,12,626,33379,25,11277],"class_list":{"0":"post-537185","1":"post","2":"type-post","3":"status-publish","4":"format-standard","5":"has-post-thumbnail","7":"category-paris","8":"tag-17","9":"tag-actualites","10":"tag-apaiser","11":"tag-candidate","12":"tag-capitale","13":"tag-dati","14":"tag-eu","15":"tag-europe","16":"tag-fr","17":"tag-france","18":"tag-je","19":"tag-la-tribune-dimanche","20":"tag-lr","21":"tag-news","22":"tag-paris","23":"tag-rachida","24":"tag-republique-francaise","25":"tag-veux"},"share_on_mastodon":{"url":"https:\/\/pubeurope.com\/@fr\/115556887155113817","error":""},"_links":{"self":[{"href":"https:\/\/www.europesays.com\/fr\/wp-json\/wp\/v2\/posts\/537185","targetHints":{"allow":["GET"]}}],"collection":[{"href":"https:\/\/www.europesays.com\/fr\/wp-json\/wp\/v2\/posts"}],"about":[{"href":"https:\/\/www.europesays.com\/fr\/wp-json\/wp\/v2\/types\/post"}],"author":[{"embeddable":true,"href":"https:\/\/www.europesays.com\/fr\/wp-json\/wp\/v2\/users\/2"}],"replies":[{"embeddable":true,"href":"https:\/\/www.europesays.com\/fr\/wp-json\/wp\/v2\/comments?post=537185"}],"version-history":[{"count":0,"href":"https:\/\/www.europesays.com\/fr\/wp-json\/wp\/v2\/posts\/537185\/revisions"}],"wp:featuredmedia":[{"embeddable":true,"href":"https:\/\/www.europesays.com\/fr\/wp-json\/wp\/v2\/media\/537186"}],"wp:attachment":[{"href":"https:\/\/www.europesays.com\/fr\/wp-json\/wp\/v2\/media?parent=537185"}],"wp:term":[{"taxonomy":"category","embeddable":true,"href":"https:\/\/www.europesays.com\/fr\/wp-json\/wp\/v2\/categories?post=537185"},{"taxonomy":"post_tag","embeddable":true,"href":"https:\/\/www.europesays.com\/fr\/wp-json\/wp\/v2\/tags?post=537185"}],"curies":[{"name":"wp","href":"https:\/\/api.w.org\/{rel}","templated":true}]}}