{"id":537193,"date":"2025-11-16T01:58:14","date_gmt":"2025-11-16T01:58:14","guid":{"rendered":"https:\/\/www.europesays.com\/fr\/537193\/"},"modified":"2025-11-16T01:58:14","modified_gmt":"2025-11-16T01:58:14","slug":"londres-va-limiter-la-protection-accordee-aux-refugies","status":"publish","type":"post","link":"https:\/\/www.europesays.com\/fr\/537193\/","title":{"rendered":"Londres va limiter la protection accord\u00e9e aux r\u00e9fugi\u00e9s"},"content":{"rendered":"<p>Cette mesure devrait faire partie d\u2019une vaste r\u00e9forme du gouvernement travailliste visant \u00e0 r\u00e9duire le nombre de migrants arrivant au Royaume-Uni, et \u00e0 r\u00e9pondre aux critiques qui ont propuls\u00e9 le parti anti-immigration Reform UK de Nigel Farage en t\u00eate des sondages depuis des mois.<\/p>\n<p>L\u2019ensemble des mesures doivent \u00eatre d\u00e9taill\u00e9es, lundi, devant le Parlement par la ministre de l\u2019Int\u00e9rieur, Shabana Mahmood.<\/p>\n<p>\u00ab\u00a0Un \u00ab\u00a0billet en or\u00a0\u00bb a fait grimper les demandes d\u2019asile au Royaume-Uni, poussant les gens \u00e0 traverser l\u2019Europe, via des pays s\u00fbrs, pour monter \u00e0 bord d\u2019embarcations de fortune\u00a0\u00bb, a indiqu\u00e9 la ministre, cit\u00e9e samedi dans un communiqu\u00e9. \u00ab\u00a0Je vais mettre fin \u00e0 ce ticket en or.\u00a0\u00bb<\/p>\n<p>\u00ab\u00a0Gr\u00e2ce \u00e0 des conditions bien plus g\u00e9n\u00e9reuses au Royaume-Uni\u00a0\u00bb, les r\u00e9fugi\u00e9s peuvent actuellement demander \u00e0 s\u2019installer d\u00e9finitivement, sans frais, apr\u00e8s cinq ans au Royaume-Uni, \u00ab\u00a0sans avoir contribu\u00e9\u00a0\u00bb au pays, a indiqu\u00e9 le minist\u00e8re.<\/p>\n<p>Sous la pression du parti Reform UK<\/p>\n<p>Le nouveau syst\u00e8me r\u00e9duira la dur\u00e9e de leur s\u00e9jour de cinq ans \u00e0 30 mois, et multipliera par quatre, de cinq \u00e0 20 ans, le d\u00e9lai n\u00e9cessaire pour demander \u00e0 devenir r\u00e9sident permanent, a-t-il pr\u00e9cis\u00e9.<\/p>\n<p>Les r\u00e9fugi\u00e9s qui souhaitent devenir r\u00e9sidents permanents plus vite \u00ab\u00a0devront travailler ou \u00e9tudier\u00a0\u00bb, a-t-il encore ajout\u00e9.<\/p>\n<p>Arriv\u00e9 au pouvoir \u00e0 l\u2019\u00e9t\u00e9 2024, le gouvernement de Keir Starmer est sous pression quasi-quotidienne pour freiner les arriv\u00e9es de migrants et restreindre leurs droits.<\/p>\n<p>Cet \u00e9t\u00e9, de nombreuses manifestations ont eu lieu devant des h\u00f4tels h\u00e9bergeant des demandeurs d\u2019asile et une manifestation organis\u00e9e par l\u2019extr\u00eame droite \u00e0 Londres mi-septembre a r\u00e9uni jusqu\u2019\u00e0 150\u00a0000 personnes selon la police.<\/p>\n","protected":false},"excerpt":{"rendered":"Cette mesure devrait faire partie d\u2019une vaste r\u00e9forme du gouvernement travailliste visant \u00e0 r\u00e9duire le nombre de migrants&hellip;\n","protected":false},"author":2,"featured_media":537194,"comment_status":"","ping_status":"","sticky":false,"template":"","format":"standard","meta":{"footnotes":""},"categories":[1588],"tags":[11,765,1777,674,1061,74,12,316,473,1853,1851,1850,1852],"class_list":{"0":"post-537193","1":"post","2":"type-post","3":"status-publish","4":"format-standard","5":"has-post-thumbnail","7":"category-royaume-uni","8":"tag-actualites","9":"tag-en-continu","10":"tag-eu","11":"tag-europe","12":"tag-immigration","13":"tag-monde","14":"tag-news","15":"tag-politique","16":"tag-royaume-uni","17":"tag-royaume-uni-de-grande-bretagne-et-dirlande-du-nord","18":"tag-uk","19":"tag-united-kingdom","20":"tag-united-kingdom-of-great-britain-and-northern-ireland"},"share_on_mastodon":{"url":"https:\/\/pubeurope.com\/@fr\/115556902769993743","error":""},"_links":{"self":[{"href":"https:\/\/www.europesays.com\/fr\/wp-json\/wp\/v2\/posts\/537193","targetHints":{"allow":["GET"]}}],"collection":[{"href":"https:\/\/www.europesays.com\/fr\/wp-json\/wp\/v2\/posts"}],"about":[{"href":"https:\/\/www.europesays.com\/fr\/wp-json\/wp\/v2\/types\/post"}],"author":[{"embeddable":true,"href":"https:\/\/www.europesays.com\/fr\/wp-json\/wp\/v2\/users\/2"}],"replies":[{"embeddable":true,"href":"https:\/\/www.europesays.com\/fr\/wp-json\/wp\/v2\/comments?post=537193"}],"version-history":[{"count":0,"href":"https:\/\/www.europesays.com\/fr\/wp-json\/wp\/v2\/posts\/537193\/revisions"}],"wp:featuredmedia":[{"embeddable":true,"href":"https:\/\/www.europesays.com\/fr\/wp-json\/wp\/v2\/media\/537194"}],"wp:attachment":[{"href":"https:\/\/www.europesays.com\/fr\/wp-json\/wp\/v2\/media?parent=537193"}],"wp:term":[{"taxonomy":"category","embeddable":true,"href":"https:\/\/www.europesays.com\/fr\/wp-json\/wp\/v2\/categories?post=537193"},{"taxonomy":"post_tag","embeddable":true,"href":"https:\/\/www.europesays.com\/fr\/wp-json\/wp\/v2\/tags?post=537193"}],"curies":[{"name":"wp","href":"https:\/\/api.w.org\/{rel}","templated":true}]}}