{"id":53720,"date":"2025-04-26T06:33:11","date_gmt":"2025-04-26T06:33:11","guid":{"rendered":"https:\/\/www.europesays.com\/fr\/53720\/"},"modified":"2025-04-26T06:33:11","modified_gmt":"2025-04-26T06:33:11","slug":"seine-saint-denis-et-val-de-marne-les-librairies-independantes-entre-crise-diversification-de-survie-et-passion","status":"publish","type":"post","link":"https:\/\/www.europesays.com\/fr\/53720\/","title":{"rendered":"Seine-Saint-Denis et Val-de-Marne : les librairies ind\u00e9pendantes entre crise, diversification de survie et passion"},"content":{"rendered":"\n<p>Ce samedi 26 avril, c\u2019est la f\u00eate des librairies ind\u00e9pendantes. En France, 700 libraires offriront un livre et une rose aux chalands. L\u2019initiative, men\u00e9e en partenariat avec les \u00e9ditions Gallimard, permettra de faire d\u00e9couvrir cinq \u0153uvres de Gabriel Dufay,\u00a0Antoine Gin\u00e9sy,\u00a0Claire Morel,\u00a0Daniel Sangsue et\u00a0Vahram Muratyan, r\u00e9unies en un livre, titr\u00e9 \u201cEsprit, es-tu l\u00e0\u00a0?\u201d et tir\u00e9 \u00e0 26 000 exemplaires. La f\u00eate est organis\u00e9e en France par l\u2019association Verbes et la librairie parisienne des Abbesses, comme une d\u00e9clinaison de la Sant Jordi en Catalogne, journ\u00e9e durant laquelle les Catalans s\u2019offrent un livre et une rose.<\/p>\n<p><a href=\"https:\/\/www.google.com\/maps\/d\/u\/0\/viewer?mid=1lEO7J1StEgouogHfk1dOGAEQj_Ihb04&amp;ll=46.35503167418517%2C6.248059921879982&amp;z=6\" target=\"_blank\" rel=\"noreferrer noopener\">Voir toutes les librairies participantes<\/a><\/p>\n<p>\u201cOn est un commerce comme les autres\u00a0: si on ne vend pas nos livres, on ferme\u201d<\/p>\n<p>\u201cPour la visibilit\u00e9 des librairies ind\u00e9pendantes, c\u2019est \u00e9videmment un \u00e9v\u00e9nement important, mais il faudrait qu\u2019on lui donne plus d\u2019ampleur collectivement\u201c, pointe Amanda Spiegel, directrice de la librairie Folie d\u2019encres \u00e0 Montreuil. \u201c\u00c7a n\u2019a rien \u00e0 voir avec ce qui se passe \u00e0 Barcelone, o\u00f9 a \u00e9t\u00e9 cr\u00e9\u00e9 la Sant-Jordi. Cette f\u00eate est tr\u00e8s c\u00e9l\u00e9br\u00e9e en Occitanie, mais elle d\u00fb mal \u00e0 prendre dans le reste de la France\u201c, poursuit-elle. M\u00eame constat pour Jacques-\u00c9tienne Ully, patron d\u2019un r\u00e9seau des six librairies (cinq en Seine-Saint-Denis et une en Val-de-Marne) \u00e9galement fond\u00e9es sous la \u201cmarque\u201d Folie d\u2019Encres. \u201cOn est preneur de ce genre de rendez-vous. \u00c7a ne va pas changer grand-chose parce que ce n\u2019est pas une rose et un bouquin qui vont faire venir les gens. Mais, en termes de communication, c\u2019est tr\u00e8s bien, \u00e7a met un coup de projecteur sur le livre et le m\u00e9tier de libraire. Tr\u00e8s souvent, les gens ne r\u00e9alisent pas que l\u2019on est un commerce comme les autres : si on ne vend pas nos livres, on ferme\u201c, r\u00e9sume-t-il. \u201c\u00c7a demande beaucoup logistique et je pr\u00e9f\u00e8re m\u2019investir au quotidien pour faire venir de nouvelles personnes dans ma librairie\u201c, confie en revanche, Lucile Samark, fondatrice de la librairie Zeugma \u00e0 Montreuil.<\/p>\n<p>\u201cOn est dans une situation compl\u00e8tement d\u00e9lirante : les gens r\u00eavent de livres, veulent devenir libraires, mais n\u2019ach\u00e8tent plus de livres\u201c<\/p>\n<p>Pour de nombreux professionnels, la librairie ind\u00e9pendante va mal. Apr\u00e8s une bouff\u00e9e d\u2019air durant les deux ann\u00e9es de la crise Covid, la fili\u00e8re a encaiss\u00e9 de plein fouet la hausse des charges, notamment de l\u2019\u00e9lectricit\u00e9, des salaires, et l\u2019explosion des loyers. Face \u00e0 une inflation de plus de 4,5%, le prix du livre n\u2019a augment\u00e9 que de 2,7%, conduisant certains commerces \u00e0 devenir structurellement d\u00e9ficitaires. \u201cDepuis la loi Lang de 1982, le prix du livre est fixe. Or, les maisons d\u2019\u00e9dition accordent des remises trop faibles aux librairies ind\u00e9pendantes, de l\u2019ordre de 30 \u00e0 40%, alors qu\u2019elles devraient se situer de 36 \u00e0 46% pour couvrir l\u2019impact de l\u2019inflation\u201c, estime Amanda Spiegel qui rappelle que \u201cles librairies et les fleuristes sont les deux commerces qui r\u00e9alisent les plus faibles marges\u201c, de 1% en g\u00e9n\u00e9ral \u00e0 3% pour les plus grandes.<\/p>\n<p>Plus alarmant, signale celle qui porte aussi la casquette de vice-pr\u00e9sidente du Syndicat de la librairie fran\u00e7aise (SLF), \u201cselon la derni\u00e8re \u00e9tude du CNL [Centre national du livre], la lecture diminue chez tous les publics, y compris chez les 50-64 ans et dans tous les milieux sociaux\u201c. Le barom\u00e8tre bisannuel du CNL \u00e9tablit, en effet, que 63% des Fran\u00e7ais ont lu au moins cinq livres au cours des douze derniers mois, soit 6 points de moins qu\u2019en 2023. Une baisse plus marqu\u00e9e chez les 50-64 ans, les moins de 35 ans et les hommes. \u201cOn est dans une situation compl\u00e8tement d\u00e9lirante : les gens r\u00eavent de livres, veulent devenir libraires, mais n\u2019ach\u00e8tent plus de livres. En plus, on se retrouve \u00e0 g\u00e9rer une surproduction aberrante, sachant que l\u2019on n\u2019a pas trop le choix puisque quatre acteurs contr\u00f4lent 80% de la production\u201c, compl\u00e8te Jacques-\u00c9tienne Ully.<\/p>\n<p>Voir <a href=\"https:\/\/centrenationaldulivre.fr\/sites\/default\/files\/2025-04\/Barom%C3%A8tre%20Les%20Fran%C3%A7ais%20et%20la%20lecture%20Rapport%20complet%202025-04-08.pdf\" target=\"_blank\" rel=\"noreferrer noopener\">le barom\u00e8tre 2025 \u201cLes Fran\u00e7ais et la lecture\u201d du CNL<\/a><\/p>\n<p>Dans la pratique, ce n\u2019est pas la hausse du prix du livre, d\u2019environ un euro pour les livres de poche par exemple, qui d\u00e9tourne les gens de la lecture, observe Antonin Bonnet qui travaille depuis dix ans chez Folie d\u2019encres \u00e0 Montreuil, la premi\u00e8re librairie ind\u00e9pendante de Seine-Saint-Denis cr\u00e9\u00e9e par Jean-Michel Ozanne en 1981. \u201cD\u2019un point de vue sociologique, une librairie est un commerce de distinction, ce n\u2019est pas un commerce essentiel. M\u00eame s\u2019il n\u2019y a pas que des CSP+ plus qui ach\u00e8tent des livres, ce sont des gens qui, de part leur pouvoir d\u2019achat, font vivre les librairies\u201c, souligne-t-il.<\/p>\n<p><a href=\"https:\/\/94.citoyens.com\/wp-content\/blogs.dir\/2\/files\/2025\/04\/antonin-bonnet-libraire-a-folie-dencres-montreuil-scaled.jpeg\" target=\"_blank\" rel=\"noopener\">\u00a9 CH<img fetchpriority=\"high\" decoding=\"async\" width=\"1024\" height=\"683\" src=\"https:\/\/www.europesays.com\/fr\/wp-content\/uploads\/2025\/04\/antonin-bonnet-libraire-a-folie-dencres-montreuil-1024x683.jpeg\" alt=\"\" class=\"wp-image-342921\" style=\"width:847px;height:auto\"  \/><\/a>Antonin Bonnet, libraire a\u0300 Folie d\u2019encres Montreuil.Faire avec les r\u00e9seaux sociaux<\/p>\n<p>Pour Amanda Spiegel, ce sont \u201cles \u00e9crans et les r\u00e9seaux sociaux qui sont essentiellement la cause de l\u2019\u00e9rosion du temps de lecture\u201c.  Une tendance transg\u00e9n\u00e9rationnelle. \u201cLes nouvelles g\u00e9n\u00e9rations sont attir\u00e9es par l\u2019\u00e9cran, mais c\u2019est aussi de plus en plus vrai des retrait\u00e9s. Comme le temps de loisir n\u2019est pas extensible, les choix sont vite faits, pointe Jacques-\u00c9tienne Ully. Notre monde change tr\u00e8s vite alors que le livre est, par nature, tr\u00e8s stable. Nous devons donc trouver notre place dans ce nouvel \u00e9cosyst\u00e8me. <\/p>\n<p>\u201cTik Tok a fait d\u00e9couvrir des auteurs et des genres litt\u00e9raires\u201d, observe Lucile Samak, \u00e0 cet \u00e9gard. Un ph\u00e9nom\u00e8ne qui a m\u00eame conduit \u00e0 cr\u00e9er un nouveau vocable \u201cBooktok\u201d pour qualifier les vid\u00e9os d\u2019influenceurs TikTok qui font d\u00e9coller les ventes. Rien ne dit en revanche si ceux-ci sont achet\u00e9s en librairie\u2026<\/p>\n<p>De nombreux libraires aussi, se mettent aux r\u00e9seaux sociaux, pour prodiguer leurs conseils et inciter leurs lecteurs \u00e0 venir en boutique. C\u2019est le cas d\u2019Olivier Place, cog\u00e9rant de La Librairie du Village \u00e0 Cr\u00e9teil, qui pr\u00e9sente ses livres en vid\u00e9o sur Instagram. \u201cParfois, les gens me demandent les livres dont j\u2019ai parl\u00e9 dans mes vid\u00e9os, c\u2019est comme \u00e7a que je vois qu\u2019il y a un impact. Ils sont en demande de conseil. Je crois en ce que je dis \u00e0 propos des livres. C\u2019est notre principale valeur ajout\u00e9e en tant que libraire\u00a0!\u201d t\u00e9moigne le libraire cristolien.<\/p>\n<p>Lire :<a href=\"https:\/\/94.citoyens.com\/2025\/conseils-sur-instagram-rencontres-dedicaces-a-creteil-la-librairie-du-village-ne-lache-rien-pour-maintenir-la-clientele,25-04-2025.html\" target=\"_blank\" rel=\"noreferrer noopener\"> Conseils sur Instagram, rencontres d\u00e9dicaces\u2026 \u00e0 Cr\u00e9teil, la Librairie du Village ne l\u00e2che rien pour maintenir la client\u00e8le<\/a><\/p>\n<p>A Nogent-sur-Marne, la libraire Nogent Presse, dont l\u2019unique salari\u00e9e a d\u00fb partir travailler \u00e0 la boulangerie, laissant la g\u00e9rante tenir seule la boutique, en raison de la diminution de la fr\u00e9quentation, vient de lancer sa<a href=\"https:\/\/www.facebook.com\/profile.php?id=61574668052819\" target=\"_blank\" rel=\"noreferrer noopener\"> page Facebook <\/a>ce printemps pour garder le contact avec ses conseils et billets d\u2019humeur, d\u2019ordinaire affich\u00e9s sur la vitrine et tr\u00e8s appr\u00e9ci\u00e9s des passants.<\/p>\n<p>Lire : <a href=\"https:\/\/94.citoyens.com\/2023\/nogent-sur-marne-quand-la-libraire-doit-bosser-a-la-boulangerie-pour-passer-la-crise,06-12-2023.html\" target=\"_blank\" rel=\"noopener\">Nogent-sur-Marne\u00a0: quand la libraire doit travailler \u00e0 la boulangerie pour surmonter la crise<\/a><\/p>\n<p>\u201cIl faut suivre les \u00e9volutions de la soci\u00e9t\u00e9, mais est-ce qu\u2019on va survivre? Les chutes de lectures sont importantes et en face, le rouleau compresseur des Gafam [les g\u00e9ants de la tech am\u00e9ricain Google, Apple, Facebook, Amazon, Microsoft] est structurel\u201c, s\u2019inqui\u00e8te n\u00e9anmoins Antonin Bonnet.<\/p>\n<p>Ev\u00e9nementiel<\/p>\n<p>Pour donner envie aux lecteurs de passer la porte d\u2019une librairie plut\u00f4t que d\u2019acheter en deux clics un  livre sur une plate-forme,  les rencontres se multiplient aussi, avec les auteurs, offrant des moments uniques, privil\u00e9gi\u00e9s. Pour Gr\u00e9goire Orsingher, cr\u00e9ateur de Tome 47, une librairie d\u00e9di\u00e9e aux BD, mangas et romans graphiques \u00e0 Vitry-sur-Seine, ces moments permettent de renouveler l\u2019int\u00e9r\u00eat pour les ouvrages expos\u00e9s, tout en attirant un public plus large. La configuration de sa librairie a \u00e9t\u00e9 pens\u00e9e pour d\u00e9placer facilement les produits et d\u2019adapter l\u2019espace en fonction des formats d\u2019\u00e9v\u00e9nements. \u00ab\u202fOn peut accueillir une vingtaine de personnes sans trop de difficult\u00e9. S\u2019il faut plus, on pousse un peu les rayons, et \u00e7a passe\u202f\u00bb. Ces animations sont aussi l\u2019occasion de valoriser d\u2019autres titres du catalogue, en d\u00e9roulant une th\u00e9matique, ou de soutenir des \u00e9diteurs avec un peu moins de visibilit\u00e9, indique le libraire.\u00a0<\/p>\n<p>Lire : <a href=\"https:\/\/94.citoyens.com\/2025\/bd-mangas-romans-graphiques-la-librairie-tome-47-enracinee-avec-succes-a-vitry-sur-seine,25-04-2025.html\" target=\"_blank\" rel=\"noreferrer noopener\">BD, mangas, romans graphiques : la librairie Tome 47 enracin\u00e9e avec succ\u00e8s \u00e0 Vitry-sur-Seine<\/a><\/p>\n<p>Le pass culture, une aide bienvenue mais rabot\u00e9e<\/p>\n<p>Coup de pouce pour inciter, notamment, \u00e0 acheter des livres, le pass culture, victime de son succ\u00e8s et des difficult\u00e9s budg\u00e9taires de l\u2019Etat, a \u00e9t\u00e9 rabot\u00e9 depuis d\u00e9but mars concernant sa part individuelle, laquelle est pass\u00e9e de 300 \u00e0 150 euros, potentiellement bonifi\u00e9e en fonction de la situation sociale. Les 50 euros pour les jeunes de 15 et 16 ans ont par ailleurs \u00e9t\u00e9 supprim\u00e9s. Pour Christine Desmares, g\u00e9rante de la librairie du Plateau \u00e0 Chevilly-Larue, cette r\u00e9vision \u00e0 la baisse \u201crisque \u00e0 terme d\u2019engendrer de grosses pertes\u201d alors qu\u2019il permet \u201c\u00e0 certains jeunes de rentrer pour la premi\u00e8re fois dans une librairie.\u201d Ce samedi 12 avril, dans une des librairies ind\u00e9pendantes de Montreuil, \u00c9lo\u00efse, \u00e9tudiante, est, elle, venue \u201c\u00e9couler son pass culture\u201d avant de partir en vacances. \u201cOn est all\u00e9 \u00e0 la Fnac de Rosny 2, mais je pr\u00e9f\u00e8re revenir ici. On a v\u00e9cu pendant dix ans \u00e0 Montreuil et je reste \u00e0 tr\u00e8s attach\u00e9e \u00e0 cette librairie. Ils ont un choix diversifi\u00e9, ils ont tout lu et ils sont toujours \u00e0 l\u2019\u00e9coute\u201c, motive-t-elle.<\/p>\n<p>Les villes \u00e0 la rescousse<\/p>\n<p>Les municipalit\u00e9s, en revanche, sont de plus en plus nombreuses \u00e0 se mobiliser pour conserver ou accueillir une librairie en ville, afin de contribuer \u00e0 l\u2019animation culturelle locale et de diversifier l\u2019offre commer\u00e7ante. Achat de locaux pour les louer \u00e0 un libraire \u00e0 des loyers accessibles au d\u00e9marrage ou pr\u00e9emption de baux commerciaux pour les r\u00e9server \u00e0 cette activit\u00e9\u2026 les initiatives ne manquent pas, qui ont permis d\u2019implanter ou de faire revenir un certain nombre de libraires dans le Val-de-Marne. Ce fut le cas \u00e0 Champigny-sur-Marne il y a quelques ann\u00e9es, quand la ville<a href=\"https:\/\/94.citoyens.com\/2018\/libraire-de-champigny-marne-rouvrira-noel,18-09-2018.html\" target=\"_blank\" rel=\"noreferrer noopener\"> a rachet\u00e9 le droit au bail de la librairie Honor\u00e9, <\/a>d\u2019abord pour lui donner un peu marge de man\u0153uvre, puis, une fois celle-ci ferm\u00e9e, pour confier les clefs \u00e0 un autre libraire, Albert Zenouda. Depuis, <a href=\"https:\/\/94.citoyens.com\/2019\/demarrage-enthousiaste-pour-la-librairie-linstant-lire-a-champigny-sur-marne,16-05-2019.html\" target=\"_blank\" rel=\"noreferrer noopener\">la librairie est toujours en place<\/a>.<\/p>\n<p><a href=\"https:\/\/94.citoyens.com\/wp-content\/blogs.dir\/2\/files\/2019\/05\/instant-lire-librairie-champigny-mai-2019.jpg\" target=\"_blank\" rel=\"noopener\"><img loading=\"lazy\" decoding=\"async\" width=\"1024\" height=\"559\" src=\"https:\/\/www.europesays.com\/fr\/wp-content\/uploads\/2025\/04\/instant-lire-librairie-champigny-mai-2019-1024x559.jpg\" alt=\"\" class=\"wp-image-169063\"  \/><\/a>Librairie L\u2019instant lire \u00e0 Champigny-sur-Marne<\/p>\n<p> R\u00e9cemment, c\u2019est \u00e0 Charenton-le-Pont qu\u2019une nouvelle librairie ind\u00e9pendante a vu le jour, La vie imm\u00e9diate, cr\u00e9\u00e9e par Simon Payen et J\u00e9r\u00f4me Guichet dans un local de la ville, avec un loyer \u00e9volutif. Et d\u2019ici le mois de juin, c\u2019est au Kremlin-Bic\u00eatre que\u00a0Julien Doussinault ouvrira, \u00e9galement dans un local commercial rachet\u00e9 par la commune.<\/p>\n<p>Lire : <a href=\"https:\/\/94.citoyens.com\/2025\/la-vie-immediate-une-nouvelle-librairie-independante-a-charenton-le-pont,10-03-2025.html\" target=\"_blank\" rel=\"noreferrer noopener\">La Vie Imm\u00e9diate\u00a0: une nouvelle librairie ind\u00e9pendante \u00e0 Charenton-le-Pont<\/a><br \/>Et : <a href=\"https:\/\/94.citoyens.com\/2025\/la-grande-balade-au-kremlin-bicetre-une-nouvelle-librairie-independante-va-tracer-sa-route,24-04-2025.html\" target=\"_blank\" rel=\"noreferrer noopener\">La Grande balade au Kremlin-Bic\u00eatre\u00a0: une nouvelle librairie ind\u00e9pendante va tracer sa route<\/a><\/p>\n<p>Un sacr\u00e9 coup de pouce de d\u00e9part, gage \u00e9galement d\u2019un certain engagement des villes \u00e0 travailler avec leur libraire local, mais qui ne fait pas tout. La n\u00e9cessite d\u2019avoir un mod\u00e8le \u00e9conomique viable demeure et atteindre les objectifs reste un combat quotidien. A Chevilly-Larue, o\u00f9 Christine Desmares s\u2019est install\u00e9e il y a maintenant trois ans et demi, dans un local de la ville avec un loyer progressif au d\u00e9marrage, les partenariats locaux et la d\u00e9termination de la g\u00e9rante ont r\u00e9ussi \u00e0 faire tenir le commerce. Mais il n\u2019y a rien de trop. \u00a0Avec \u201c50 \u00e0 60 tickets un samedi de base\u201d\u00a0cela reste\u00a0\u201craide\u201d,\u00a0confie Christine Desmares. \u201cLes gens n\u2019ont pas les sous pour acheter des bouquins. Heureusement qu\u2019il y a une activit\u00e9 sur du long terme, avec les \u00e9tablissements, les hors les murs, car le trafic n\u2019est pas suffisant.\u201d<\/p>\n<p>Lire :<a href=\"https:\/\/94.citoyens.com\/2025\/a-chevilly-larue-la-librairie-independante-du-plateau-saccroche,25-04-2025.html\" target=\"_blank\" rel=\"noreferrer noopener\"> A Chevilly-Larue, la librairie du Plateau s\u2019accroche, d\u00e9fendant la lecture pour tous<\/a><\/p>\n<p>Diversification\u00a0: \u201cOn vend m\u00eame des chaussettes th\u00e9matiques\u00a0!\u201d<\/p>\n<p>Pour sortir de l\u2019orni\u00e8re, beaucoup de libraires s\u2019appuient aussi sur la diversification, pour ne pas vendre seulement des livres. \u201cBeaucoup de libraires font du hors livre\u00a0: papeterie, carterie, jeux, loisirs cr\u00e9atifs, qu\u2019on peut rattacher \u00e0 des rayons th\u00e9matiques. On fait, par exemple, des kits de camping au rayon voyages, des rouleaux \u00e0 p\u00e2tisserie au rayon cuisine. On vend m\u00eame des chaussettes th\u00e9matiques\u00a0! C\u2019est une p\u00e9riode complexe parce qu\u2019on est les gardiens d\u2019une image, mais pour moi le danger, c\u2019est de devenir une librairie-mus\u00e9e\u201c, t\u00e9moigne Jacques-Etienne Ully.  \u201cCe qui a vraiment chang\u00e9 la donne pour nous, c\u2019est l\u2019ouverture de Kraft en 2018, l\u2019annexe d\u00e9di\u00e9e \u00e0 la papeterie\u201c,  confie \u00e9galement Amanda Spiegel. \u00a0<\/p>\n<p>Taille critique<\/p>\n<p>Alors que la marge sur les livres est faible, l\u2019un des leviers est aussi, finalement, la qu\u00eate d\u2019une taille critique. C\u2019est ce qu\u2019a fait Jacques-\u00c9tienne Ully. Ancien cadre dans la communication, il a ouvert sa premi\u00e8re librairie \u00e0 Aulnay-sous-Bois en 2005 et en cr\u00e9\u00e9 cinq depuis. \u201cJe me suis form\u00e9 en 2004 chez Jean-Michel Ozanne qui a eu cette id\u00e9e de cr\u00e9er une p\u00e9pini\u00e8re de libraires dans un d\u00e9partement pauvre en librairies parce que le plus pauvre de France. Ce qui est dingue, c\u2019est qu\u2019il a fait don de sa marque, alors qu\u2019il aurait pu imposer une franchise comme cela se fait dans le commerce de d\u00e9tail\u201c, relate l\u2019entrepreneur de cinquante ans. Aujourd\u2019hui, le r\u00e9seau de Folies d\u2019encre compte 16 librairies ind\u00e9pendantes, dont les six qu\u2019il a cr\u00e9\u00e9es. Apr\u00e8s celle d\u2019Aulnay-sous-Bois, Jacques- Etienne Ully en a repris une en 2011 au Perreux-sur-Marne, en Val-de-Marne, qu\u2019il a d\u00e9m\u00e9nag\u00e9 en 2021 dans les anciens locaux de la Maison de la presse, puis une autre \u00e0 Gagny, en 2018, avant de racheter l\u2019ancienne librairie Arthur au Raincy en 2021, puis l\u2019ancienne Gulliver \u00e0 Villemomble en 2024. Entre temps, il a par ailleurs rachet\u00e9 le local voisin de sa librairie aulnaysienne pour cr\u00e9er un magasin papeterie et loisirs. \u201cCe r\u00e9seau nous permet d\u2019avoir un stock cons\u00e9quent et d\u2019\u00eatre tr\u00e8s flexible. Nous avons une navette interne qui nous permet m\u00eame d\u2019\u00eatre plus fort qu\u2019Amazon\u00a0!\u201d<\/p>\n<p><a href=\"https:\/\/94.citoyens.com\/wp-content\/blogs.dir\/2\/files\/2025\/04\/folie-dencres-aulnay.jpeg\" target=\"_blank\" rel=\"noopener\">\u00a9 Jacques-Etienne Ully<img loading=\"lazy\" decoding=\"async\" width=\"1024\" height=\"576\" src=\"https:\/\/www.europesays.com\/fr\/wp-content\/uploads\/2025\/04\/folie-dencres-aulnay-1024x576.jpeg\" alt=\"\" class=\"wp-image-342924\"  \/><\/a><\/p>\n<p>Avec pr\u00e8s de 400 m\u00e8tres carr\u00e9s de surface de vente, Folie d\u2019Encres Montreuil (qui ne fait pas partie du r\u00e9seau de J-E Ully) est devenue la plus grande librairie ind\u00e9pendante de la Seine-Saint-Denis, qui compte aujourd\u2019hui une vingtaine de structures. \u201cQuand je suis arriv\u00e9 ici, c\u2019\u00e9tait la seule \u00e0 Montreuil, aujourd\u2019hui il y a en six. \u00c0 l\u2019origine, c\u2019\u00e9tait une petite boutique dans la rue pi\u00e9tonne. Puis, elle a d\u00e9m\u00e9nag\u00e9 avenue de la R\u00e9sistance, sur un emplacement tr\u00e8s bien situ\u00e9 \u00e0 c\u00f4t\u00e9 du centre commercial, en plein quartier de la Croix de Chavaux\u201c, se souvient Antony Bonnet qui y travaille depuis dix ans. Sa proximit\u00e9 avec le conservatoire Pina Bausch, qui vient de rouvrir, lui permet d\u2019ailleurs d\u2019attirer une nouvelle client\u00e8le. Les segments qui marchent : les auteurs fran\u00e7ais et francophones comme Am\u00e9lie Nothomb, Virginie Despentes, Mona Chollet, les romans autobiographiques comme ceux de Vanessa Springora, les sujets de soci\u00e9t\u00e9 ou encore la new romance. Si la BD a un regain d\u2019attractivit\u00e9, le manga a tendance \u00e0 marquer le pas. \u201cOn est des vendeurs d\u2019id\u00e9es. Nous sommes des g\u00e9n\u00e9ralistes, il est donc important d\u2019avoir une diversit\u00e9 de propositions.\u201d<\/p>\n<p>Nouvelle r\u00e9volution de consommation : d\u00e9velopper l\u2019occasion<\/p>\n<p>Alors que la situation \u00e9conomique est d\u00e9j\u00e0 complexe, les libraires doivent aussi composer avec une autre tendance dans la consommation, bienvenue pour sauver la plan\u00e8te, celle de l\u2019\u00e9conomie circulaire et donc, du livre d\u2019occasion. De m\u00eame que les magasins de pr\u00eat-\u00e0-porter commencent \u00e0 proposer de la seconde main, l\u2019occasion commence \u00e0 pointer son nez en librairie. \u201cC\u2019est une r\u00e9volution parce que le m\u00e9tier du libraire ind\u00e9pendant, c\u2019est de vendre du neuf. Passer au livre d\u2019occasion suppose un v\u00e9ritable sacrifice parce que c\u2019est moins de place pour le neuf\u201c, souligne Amanda Spiegel. \u201cC\u2019est un autre mode de pens\u00e9e, une r\u00e9volution. Il s\u2019agit d\u2019une activit\u00e9 de d\u00e9p\u00f4t-vente, qui suppose de faire du tri. On peut appeler \u00e7a le livre circulaire. Comme les prix ne sont plus fixes, il faut aussi s\u2019\u00e9quiper d\u2019une imprimante pour les \u00e9tiquettes de prix et d\u2019un prologiciel pour veiller \u00e0 la tra\u00e7abilit\u00e9\u201c, abonde Jacques-\u00c9tienne Ully qui lancera sa nouvelle offre en mai dans sa librairie d\u2019Aulnay-sous-Bois. Pour lui, le ph\u00e9nom\u00e8ne de la seconde main est arriv\u00e9 de mani\u00e8re \u201csoudaine et violente\u201c, avec une progression \u00e0 deux chiffres. R\u00e9sultat : un livre sur quatre est aujourd\u2019hui vendu d\u2019occasion. Et les plateformes ne sont pas en reste pour prendre leur part du g\u00e2teau. \u201cQuand il n\u2019y avait pas d\u2019application, avoir un livre d\u2019occasion, c\u2019\u00e9tait compliqu\u00e9, voire impossible, il fallait chercher dans des bacs. Maintenant, on trouve quatre ou cinq sites qui vendent les livres que vous cherchez en occasion alors qu\u2019ils ont parfois trois mois\u00a0!\u201d<\/p>\n<p>Un m\u00e9tier passion parfois fantasm\u00e9<\/p>\n<p>Dans ce contexte, il faut sacr\u00e9ment s\u2019accrocher pour tenir, et sacr\u00e9ment l\u2019aimer. \u201cCe m\u00e9tier est tr\u00e8s fantasm\u00e9. Tout le monde pense au c\u00f4t\u00e9 romantique, au libraire qui lit, mais on passe l\u2019essentiel de notre temps sur l\u2019aspect commerce. On ouvre des cartons tous les jours, glisse Antonin Bonnet. Des coll\u00e8gues ont m\u00eame parfois mal au dos \u00e0 force de les porter. On g\u00e8re le stock. Ceci dit, ce que j\u2019aime dans ce m\u00e9tier, c\u2019est la polyvalence.\u201d, glisse Antonin Bonnet. La r\u00e9alit\u00e9 du libraire ind\u00e9pendant est aussi celle d\u2019une charge de travail lourde. Gr\u00e9goire Orsingher, le g\u00e9rant de la librairie Tome 47 de Vitry-sur-Seine, t\u00e9moigne ainsi travailler de 60 heures \u00e0 90 heures par semaine, tandis qu\u2019Olivier et Sylvie Place, g\u00e9rants de la Librairie du Village \u00e0 Cr\u00e9teil, estiment leur semaine autour de 75 heures. \u201cMais en vingt ans, j\u2019ai vu grandir des enfants\u201d, confie Jacques-Etienne Ully.<\/p>\n<p>Fondatrice de la librairie Zeugma de Montreuil en 2017, Lucile Samak, elle, a d\u00e9cid\u00e9 de revendre, \u201cnon pas pour une question financi\u00e8re mais pour faire radicalement autre chose.\u201d<\/p>\n<p>R\u00e9daction : Charles Henry, Staya Laval, Tom Chaurand et C\u00e9cile Dubois<\/p>\n","protected":false},"excerpt":{"rendered":"Ce samedi 26 avril, c\u2019est la f\u00eate des librairies ind\u00e9pendantes. En France, 700 libraires offriront un livre et&hellip;\n","protected":false},"author":2,"featured_media":53721,"comment_status":"","ping_status":"","sticky":false,"template":"","format":"standard","meta":{"footnotes":""},"categories":[1888],"tags":[11,14768,14769,13160,14770,14771,12644,6501,14772,251,14773,12393,14774,1777,674,4688,14775,14776,1011,27,14777,5667,14778,14779,14780,14781,14782,14783,14784,14785,14786,5672,12,3436,626,25,938,14787,1945,14788,14789,12654],"class_list":{"0":"post-53720","1":"post","2":"type-post","3":"status-publish","4":"format-standard","5":"has-post-thumbnail","7":"category-paris","8":"tag-actualites","9":"tag-albert-zenouda","10":"tag-amanda-spiegel","11":"tag-aulnay-sous-bois","12":"tag-champigny-sur-marne","13":"tag-charenton-le-pont","14":"tag-chevilly-larue","15":"tag-cnl","16":"tag-creteil","17":"tag-culture","18":"tag-dedicaces","19":"tag-economie-circulaire","20":"tag-est-parisien-2","21":"tag-eu","22":"tag-europe","23":"tag-facebook","24":"tag-folie-dencres","25":"tag-folies-dencre","26":"tag-fr","27":"tag-france","28":"tag-gagny","29":"tag-initiatives","30":"tag-jacques-etienne-ully","31":"tag-jean-michel-ozannes","32":"tag-le-perreux","33":"tag-le-raincy","34":"tag-libraires","35":"tag-librairie","36":"tag-librairie-arthur","37":"tag-librairie-independante","38":"tag-lucile-samak","39":"tag-montreuil","40":"tag-news","41":"tag-nogent-sur-marne","42":"tag-paris","43":"tag-republique-francaise","44":"tag-reseaux-sociaux","45":"tag-rosny-2","46":"tag-seine-saint-denis","47":"tag-syndicat-de-la-librairie-francaise","48":"tag-villemomble","49":"tag-vitry-sur-seine"},"share_on_mastodon":{"url":"","error":"Validation failed: Text character limit of 500 exceeded"},"_links":{"self":[{"href":"https:\/\/www.europesays.com\/fr\/wp-json\/wp\/v2\/posts\/53720","targetHints":{"allow":["GET"]}}],"collection":[{"href":"https:\/\/www.europesays.com\/fr\/wp-json\/wp\/v2\/posts"}],"about":[{"href":"https:\/\/www.europesays.com\/fr\/wp-json\/wp\/v2\/types\/post"}],"author":[{"embeddable":true,"href":"https:\/\/www.europesays.com\/fr\/wp-json\/wp\/v2\/users\/2"}],"replies":[{"embeddable":true,"href":"https:\/\/www.europesays.com\/fr\/wp-json\/wp\/v2\/comments?post=53720"}],"version-history":[{"count":0,"href":"https:\/\/www.europesays.com\/fr\/wp-json\/wp\/v2\/posts\/53720\/revisions"}],"wp:featuredmedia":[{"embeddable":true,"href":"https:\/\/www.europesays.com\/fr\/wp-json\/wp\/v2\/media\/53721"}],"wp:attachment":[{"href":"https:\/\/www.europesays.com\/fr\/wp-json\/wp\/v2\/media?parent=53720"}],"wp:term":[{"taxonomy":"category","embeddable":true,"href":"https:\/\/www.europesays.com\/fr\/wp-json\/wp\/v2\/categories?post=53720"},{"taxonomy":"post_tag","embeddable":true,"href":"https:\/\/www.europesays.com\/fr\/wp-json\/wp\/v2\/tags?post=53720"}],"curies":[{"name":"wp","href":"https:\/\/api.w.org\/{rel}","templated":true}]}}