{"id":537209,"date":"2025-11-16T02:07:13","date_gmt":"2025-11-16T02:07:13","guid":{"rendered":"https:\/\/www.europesays.com\/fr\/537209\/"},"modified":"2025-11-16T02:07:13","modified_gmt":"2025-11-16T02:07:13","slug":"poitiers-soffre-une-jolie-promenade-dans-lherault","status":"publish","type":"post","link":"https:\/\/www.europesays.com\/fr\/537209\/","title":{"rendered":"Poitiers s\u2019offre une jolie promenade dans l\u2019H\u00e9rault"},"content":{"rendered":"<p><strong>S\u00e8te\u00a0&#8211; Alterna Stade Poitevin\u00a0: 0-3<\/strong><\/p>\n<p>Les Poitevins ont peut-\u00eatre cru, \u00e0 un moment, qu\u2019ils s\u2019\u00e9taient tromp\u00e9s de salle. Venus pour affronter l\u2019Arago de S\u00e8te, ils n\u2019ont effectivement trouv\u00e9 personne en face. Ils ont alors exp\u00e9di\u00e9 l\u2019affaire en 78 minutes, sans m\u00eame avoir besoin de forcer leur talent.<\/p>\n<p>D\u2019entr\u00e9e, au service, Magnen faisait \u00ab\u00a0zipper\u00a0\u00bb De Leon en r\u00e9ception. Le capitaine s\u00e9tois se faisait ensuite bloquer par Pujol avant d\u2019envoyer un missile dans les tribunes (1-5). Comme cadeau de bienvenue, on fait difficilement plus g\u00e9n\u00e9reux. Mais \u00e7a n\u2019\u00e9tait pas fini. Apr\u00e8s un nouveau block de Pujol sur Trinidad et une attaque de Maase, le score passait \u00e0 1-7 puis \u00e0 2-10 apr\u00e8s une faute de Schlienger.<\/p>\n<p>Kobrine et Pujol intenables<\/p>\n<p>\u00c0 ce stade, les deux points inscrits par les locaux venaient de services manqu\u00e9s poitevins. Incapables de mettre un ballon par terre, les S\u00e9tois \u00e9taient men\u00e9s 5-15 et il fallait trois aces de Schlienger pour faire illusion (10-15). Illusion seulement. Une promenade de sant\u00e9 pour les troupes de Dan Lewis, qui reprenaient le large en toute qui\u00e9tude (13-22) avec deux aces de Gill avant une derni\u00e8re attaque de Pujol (19-25)&#8230;. <\/p>\n<p>    Cet article a \u00e9t\u00e9 tronqu\u00e9. Abonnez-vous pour lire l&rsquo;article complet sur notre site.<\/p>\n<p style=\"margin: 0 !important; padding: 0 !important; font-size: 12px !important;\">Cet article a \u00e9t\u00e9 tronqu\u00e9. Abonnez-vous pour lire l&rsquo;article complet.<\/p>\n<p>    <a href=\"https:\/\/www.lanouvellerepublique.fr\/abonnements\" style=\"display: inline-block; margin-top: 5px !important; padding: 6px 12px !important; background: #cb1c27; color: white; text-decoration: none; border-radius: 4px; font-size: 12px !important;\" target=\"_blank\" rel=\"noopener\"><br \/>\n      S&rsquo;abonner<br \/>\n    <\/a><\/p>\n","protected":false},"excerpt":{"rendered":"S\u00e8te\u00a0&#8211; Alterna Stade Poitevin\u00a0: 0-3 Les Poitevins ont peut-\u00eatre cru, \u00e0 un moment, qu\u2019ils s\u2019\u00e9taient tromp\u00e9s de salle.&hellip;\n","protected":false},"author":2,"featured_media":537210,"comment_status":"","ping_status":"","sticky":false,"template":"","format":"standard","meta":{"footnotes":""},"categories":[1417],"tags":[1392,1654,1011,27,1653,60,1584,1470,1469],"class_list":{"0":"post-537209","1":"post","2":"type-post","3":"status-publish","4":"format-standard","5":"has-post-thumbnail","7":"category-volley","8":"tag-a-la-une-local","9":"tag-alterna-stade-poitevin-volley-ball","10":"tag-fr","11":"tag-france","12":"tag-poitiers","13":"tag-sports","14":"tag-vienne","15":"tag-volley","16":"tag-volleyball"},"share_on_mastodon":{"url":"https:\/\/pubeurope.com\/@fr\/115556938151614512","error":""},"_links":{"self":[{"href":"https:\/\/www.europesays.com\/fr\/wp-json\/wp\/v2\/posts\/537209","targetHints":{"allow":["GET"]}}],"collection":[{"href":"https:\/\/www.europesays.com\/fr\/wp-json\/wp\/v2\/posts"}],"about":[{"href":"https:\/\/www.europesays.com\/fr\/wp-json\/wp\/v2\/types\/post"}],"author":[{"embeddable":true,"href":"https:\/\/www.europesays.com\/fr\/wp-json\/wp\/v2\/users\/2"}],"replies":[{"embeddable":true,"href":"https:\/\/www.europesays.com\/fr\/wp-json\/wp\/v2\/comments?post=537209"}],"version-history":[{"count":0,"href":"https:\/\/www.europesays.com\/fr\/wp-json\/wp\/v2\/posts\/537209\/revisions"}],"wp:featuredmedia":[{"embeddable":true,"href":"https:\/\/www.europesays.com\/fr\/wp-json\/wp\/v2\/media\/537210"}],"wp:attachment":[{"href":"https:\/\/www.europesays.com\/fr\/wp-json\/wp\/v2\/media?parent=537209"}],"wp:term":[{"taxonomy":"category","embeddable":true,"href":"https:\/\/www.europesays.com\/fr\/wp-json\/wp\/v2\/categories?post=537209"},{"taxonomy":"post_tag","embeddable":true,"href":"https:\/\/www.europesays.com\/fr\/wp-json\/wp\/v2\/tags?post=537209"}],"curies":[{"name":"wp","href":"https:\/\/api.w.org\/{rel}","templated":true}]}}