{"id":537213,"date":"2025-11-16T02:09:11","date_gmt":"2025-11-16T02:09:11","guid":{"rendered":"https:\/\/www.europesays.com\/fr\/537213\/"},"modified":"2025-11-16T02:09:11","modified_gmt":"2025-11-16T02:09:11","slug":"carlos-alcaraz-joue-un-tres-tres-bon-tennis-depuis-quil-est-assure-de-terminer-lannee-a-la-place-de-n1-mondial-la-pression-sest-envolee-le","status":"publish","type":"post","link":"https:\/\/www.europesays.com\/fr\/537213\/","title":{"rendered":"Carlos Alcaraz joue \u00ab un tr\u00e8s tr\u00e8s bon tennis \u00bb depuis qu&#039;il est assur\u00e9 de terminer l&#039;ann\u00e9e \u00e0 la place de n\u00b01 mondial : \u00ab La pression s&#039;est envol\u00e9e \u00bb &#8211; L&#039;\u00c9quipe"},"content":{"rendered":"<ol>\n<li><a href=\"https:\/\/news.google.com\/rss\/articles\/CBMilwJBVV95cUxPd3pJVy1iaUt3eU5LcHh6bWRQRS1qODlqMDk5MFYwMkQ4V3laOExhVmsxTTlLNUcxMEZEZlZzN0lIR2lFU2gzc013b2xHWnBnclBTbDhTRUJMZmFxSnRES0ZZVDFOMWVFa1N4eDIzRHZXRGJQZ2drczhRUFI1T0hWYkVIckRuc0dFQ3dqVHdwTkxCZXdzZ01hU0FsdzZ2Skt0cDFtaUtpUGhhUFowOVFNQ1hJSkxMeVU1ZnR2MXFLMEdZVm4tSzI3RmhtN1FvVlo0M0xuMHVlSVZYZFp2NEQyVlBwVTFmTjZLd002YWRYODYzMnYwQXlGZ1NYT1l4elR5eFctRzNna0pvRGdseVJ0YjFwOGk0aXc?oc=5\" target=\"_blank\" rel=\"nofollow noopener\">Carlos Alcaraz joue \u00ab un tr\u00e8s tr\u00e8s bon tennis \u00bb depuis qu&rsquo;il est assur\u00e9 de terminer l&rsquo;ann\u00e9e \u00e0 la place de n\u00b01 mondial : \u00ab La pression s&rsquo;est envol\u00e9e \u00bb<\/a>&nbsp;&nbsp;L&rsquo;\u00c9quipe<\/li>\n<li><a href=\"https:\/\/news.google.com\/rss\/articles\/CBMisAFBVV95cUxQZ1FGLVQwbTU1YXFoNXE4aHV0SHBTaXAzLWhTMmdwbVloYzBqZjFoN2wyUHlpa1RHZklSX0ZYdG1IdlB3bU1fdkRpejNIRENBVElCYU5LdXZlX1ZtTlVrbU5JYkY3MXN2d0YzN1lwc1BNYmE5S0dxTnp0RFU3RXowRWdDa3BfVXVXNHlJbWRUMUZEaEtRNFBCTjdYLW5xWms5QjFEYnZFUFN6d2pkenhuSw?oc=5\" target=\"_blank\" rel=\"nofollow noopener\">Carlos Alcaraz &#8211; F\u00e9lix Auger-Aliassime en direct &#8211; ATP Finals : Tennis Scores &amp; R\u00e9sultats &#8211; 15\/11\/2025<\/a>&nbsp;&nbsp;Eurosport<\/li>\n<li><a href=\"https:\/\/news.google.com\/rss\/articles\/CBMixAFBVV95cUxQRnh0c25ReU1uWkJqX252cng2SDdVZHl4czZySFVVNzVWTHBITDJOMzJUN2JybWNLTW5EN1RRSi1FY2NidE5qQkQyaXZfcHFuelJnUE5NeVBFcmZ5TVF2RXpIZ1dDR3lmU21Cb2cyR01wVDNGVElDSGNRemlyS1UxTHhOeGpJMEx3LTZhaF85bk94eWN1ZXZTZW5BckVTampxazJpT1pJTGVlVWIwbnRaTFJEN2VjRGhOZTNlN3M0eU9HamZK?oc=5\" target=\"_blank\" rel=\"nofollow noopener\">Tennis : Carlos Alcaraz termine l\u2019ann\u00e9e 2025 num\u00e9ro 1 mondial<\/a>&nbsp;&nbsp;Le Monde.fr<\/li>\n<li><a href=\"https:\/\/news.google.com\/rss\/articles\/CBMi5gFBVV95cUxPanVVRU9jZFlNei1YWW9WaU1vM3NyMTcxUDh6ZUZ0YzZ3VWpTeWVqR3RGVnJlS3ZldTFVZnBOUHJlUTlFZW55RGNlOEp4TkplMnU4QW5tTmhtdFJ4QTc5WHRxMTN1NlR3YUJHZ1p3V05FTFlUNDVKanZ2VXllaXZSaG9Cb0NWUE1YdzBZY1owWnZuMXpqV3dnWS04bzdFRVN4Z3J1M1lDWTJDNjJGOWpoaWxyb0VhQ2lVcDdUa1BGVmJYeGtpMzJrT1Ewb3JMcXVqOVhGdlZqSVJUNm5QUFAzVnBtV25aUdIB5AFBVV95cUxPejFfdG94d1dleGFpcjZOYkVFUUNGbVZqM2Z4RnQyTVpjU0xGeWJqUGoyOG1VRHFJcXJqY1QtX2ItQmZhRVZMNU5NTkNRMG9IVWIzd3g0OFdqZ1dWNUt6MDZhRS1aVnl0RWFSSWcxa1BSV3FST21xNGZWLWNDcDY2Z3RjR1NvNkRPZnFHb2swYUNCRjZvMU5RUFh4YVVlUHFGSG1OMElQNWRxMElYS3cxUF9Nd1FDdFJYNzJkVjI4dmEtNzdfMlFmdmNNRmpSdExreXYydlRzdktWaHNMLUw3eDc5cDE?oc=5\" target=\"_blank\" rel=\"nofollow noopener\">ATP &#8211; Masters : Alcaraz corrige Musetti, s&rsquo;assure la place de num\u00e9ro 1 et qualifie De Minaur : Sports &#8211; Orange<\/a>&nbsp;&nbsp;Sports &#8211; Orange<\/li>\n<li><a href=\"https:\/\/news.google.com\/rss\/articles\/CBMiqgFBVV95cUxOYVBuZWt2UkpKdmVOaGhtTE0zZUc4ZEpuY0tfTlRPN1FEVUJ6SUFsQVhWbFJqWUhYdFYtOE1feWstWG5LdkZWNWpmQ2dwN09GSXctZFM5dGRoVXBydmpGQW10Ukh2cXZ6ejdKYkduWFJicnptMnlYcmJwRm1DVk13Y215NGVMemtBeW1LTjgybkw2M25wNldGMFg3LU1WU3ktems4bTFHdm15Zw?oc=5\" target=\"_blank\" rel=\"nofollow noopener\">Finales ATP : Alcaraz, le dernier carr\u00e9 et le tr\u00f4ne<\/a>&nbsp;&nbsp;Roland Garros<\/li>\n<\/ol>\n","protected":false},"excerpt":{"rendered":"Carlos Alcaraz joue \u00ab un tr\u00e8s tr\u00e8s bon tennis \u00bb depuis qu&rsquo;il est assur\u00e9 de terminer l&rsquo;ann\u00e9e \u00e0&hellip;\n","protected":false},"author":2,"featured_media":537214,"comment_status":"","ping_status":"","sticky":false,"template":"","format":"standard","meta":{"footnotes":""},"categories":[1415],"tags":[1011,27,60,1467],"class_list":{"0":"post-537213","1":"post","2":"type-post","3":"status-publish","4":"format-standard","5":"has-post-thumbnail","7":"category-tennis","8":"tag-fr","9":"tag-france","10":"tag-sports","11":"tag-tennis"},"share_on_mastodon":{"url":"https:\/\/pubeurope.com\/@fr\/115556945961529960","error":""},"_links":{"self":[{"href":"https:\/\/www.europesays.com\/fr\/wp-json\/wp\/v2\/posts\/537213","targetHints":{"allow":["GET"]}}],"collection":[{"href":"https:\/\/www.europesays.com\/fr\/wp-json\/wp\/v2\/posts"}],"about":[{"href":"https:\/\/www.europesays.com\/fr\/wp-json\/wp\/v2\/types\/post"}],"author":[{"embeddable":true,"href":"https:\/\/www.europesays.com\/fr\/wp-json\/wp\/v2\/users\/2"}],"replies":[{"embeddable":true,"href":"https:\/\/www.europesays.com\/fr\/wp-json\/wp\/v2\/comments?post=537213"}],"version-history":[{"count":0,"href":"https:\/\/www.europesays.com\/fr\/wp-json\/wp\/v2\/posts\/537213\/revisions"}],"wp:featuredmedia":[{"embeddable":true,"href":"https:\/\/www.europesays.com\/fr\/wp-json\/wp\/v2\/media\/537214"}],"wp:attachment":[{"href":"https:\/\/www.europesays.com\/fr\/wp-json\/wp\/v2\/media?parent=537213"}],"wp:term":[{"taxonomy":"category","embeddable":true,"href":"https:\/\/www.europesays.com\/fr\/wp-json\/wp\/v2\/categories?post=537213"},{"taxonomy":"post_tag","embeddable":true,"href":"https:\/\/www.europesays.com\/fr\/wp-json\/wp\/v2\/tags?post=537213"}],"curies":[{"name":"wp","href":"https:\/\/api.w.org\/{rel}","templated":true}]}}