{"id":537222,"date":"2025-11-16T02:18:16","date_gmt":"2025-11-16T02:18:16","guid":{"rendered":"https:\/\/www.europesays.com\/fr\/537222\/"},"modified":"2025-11-16T02:18:16","modified_gmt":"2025-11-16T02:18:16","slug":"le-marseillais-varela-a-t-il-regle-ses-comptes-avec-le-moldave-mircea-ksw-122","status":"publish","type":"post","link":"https:\/\/www.europesays.com\/fr\/537222\/","title":{"rendered":"Le Marseillais Varela a-t-il r\u00e9gl\u00e9 ses comptes avec le Moldave Mircea ? (KSW 122)"},"content":{"rendered":"<p>R\u00e9sum\u00e9 : Le Marseillais Varela a-t-il r\u00e9gl\u00e9 ses comptes avec le Moldave Mircea ? (KSW 122) Sur le m\u00eame sujet<a href=\"https:\/\/rmcsport.bfmtv.com\/sports-de-combat\/mma\/autres-ligues\/video-resume-le-marseillais-varela-a-t-il-regle-ses-comptes-avec-le-moldave-mircea-ksw-122_VN-202511150368.html\" title=\"R\u00e9sum\u00e9 : Le Marseillais Varela a-t-il r\u00e9gl\u00e9 ses comptes avec le Moldave Mircea ? (KSW 122)\" rel=\"nofollow noopener\" target=\"_blank\"><img class=\"lozad\"  width=\"16\" height=\"9\" alt=\"R\u00e9sum\u00e9 : Le Marseillais Varela a-t-il r\u00e9gl\u00e9 ses comptes avec le Moldave Mircea ? (KSW 122)\"\/>en lectureR\u00e9sum\u00e9 : Le Marseillais Varela a-t-il r\u00e9gl\u00e9 ses comptes avec le Moldave Mircea ? (KSW 122)<\/a><a href=\"https:\/\/rmcsport.bfmtv.com\/sports-de-combat\/mma\/autres-ligues\/video-hexagone-mma-34-ca-m-est-arrive-de-faire-des-seances-en-crise-ulrich-raconte-sa-crise-de-tachycardie-a-l-echauffement_VN-202509220494.html\" title=\"Hexagone MMA 34 : &quot;\u00c7a m&#039;est arriv\u00e9 de faire des s\u00e9ances en crise&quot;, Ulrich raconte sa crise de tachycardie \u00e0 l&#039;\u00e9chauffement\" rel=\"nofollow noopener\" target=\"_blank\"><img class=\"lozad\"  width=\"16\" height=\"9\" alt=\"Hexagone MMA 34 : &quot;\u00c7a m'est arriv\u00e9 de faire des s\u00e9ances en crise&quot;, Ulrich raconte sa crise de tachycardie \u00e0 l'\u00e9chauffement\"\/>4:40Hexagone MMA 34 : \u00ab\u00a0\u00c7a m&rsquo;est arriv\u00e9 de faire des s\u00e9ances en crise\u00a0\u00bb, Ulrich raconte sa crise de tachycardie \u00e0 l&rsquo;\u00e9chauffement<\/a><a href=\"https:\/\/rmcsport.bfmtv.com\/sports-de-combat\/mma\/autres-ligues\/video-le-vestiaire-4-combattants-en-discussion-intime-paul-dena-sima-ulrich-tandia_VN-202509170465.html\" title=\"Le Vestiaire : 4 combattants en discussion intime (Paul Dena, Sima, Ulrich Tandia)\" rel=\"nofollow noopener\" target=\"_blank\"><img class=\"lozad\"  width=\"16\" height=\"9\" alt=\"Le Vestiaire : 4 combattants en discussion intime (Paul Dena, Sima, Ulrich Tandia)\"\/>1:12:14Le Vestiaire : 4 combattants en discussion intime (Paul Dena, Sima, Ulrich Tandia)<\/a><a href=\"https:\/\/rmcsport.bfmtv.com\/sports-de-combat\/mma\/autres-ligues\/salahdine-parnasse-revient-sur-son-ko-et-la-folle-soiree-du-ksw-106-rmc-fighter-club_VN-202505120517.html\" title=\"Salahdine Parnasse revient sur son KO et la folle soir\u00e9e du KSW 106 (RMC Fighter Club)\" rel=\"nofollow noopener\" target=\"_blank\"><img class=\"lozad\"  width=\"16\" height=\"9\" alt=\"Salahdine Parnasse revient sur son KO et la folle soir\u00e9e du KSW 106 (RMC Fighter Club)\"\/>38:35Salahdine Parnasse revient sur son KO et la folle soir\u00e9e du KSW 106 (RMC Fighter Club)<\/a><a href=\"https:\/\/rmcsport.bfmtv.com\/sports-de-combat\/mma\/autres-ligues\/mma-ksw-106-parnasse-toujours-roi-face-a-ziolkowski_VN-202505100389.html\" title=\"MMA - KSW 106 : Salahdine Parnasse toujours roi face \u00e0 Ziolkowski ?\" rel=\"nofollow noopener\" target=\"_blank\"><img class=\"lozad\"  width=\"16\" height=\"9\" alt=\"MMA - KSW 106 : Salahdine Parnasse toujours roi face \u00e0 Ziolkowski ?\"\/>8:00MMA &#8211; KSW 106 : Salahdine Parnasse toujours roi face \u00e0 Ziolkowski ?<\/a><a href=\"https:\/\/rmcsport.bfmtv.com\/sports-de-combat\/mma\/autres-ligues\/cage-warriors-4-secondes-seulement-bahati-bat-le-record-du-ko-le-plus-rapide-de-l-organisation_VN-202503220116.html\" title=\"Cage Warriors : 4 secondes seulement, Bahati bat le record du KO le plus rapide de l&#039;organisation\" rel=\"nofollow noopener\" target=\"_blank\"><img class=\"lozad\"  width=\"16\" height=\"9\" alt=\"Cage Warriors : 4 secondes seulement, Bahati bat le record du KO le plus rapide de l'organisation\"\/>0:42Cage Warriors : 4 secondes seulement, Bahati bat le record du KO le plus rapide de l&rsquo;organisation<\/a><a href=\"https:\/\/rmcsport.bfmtv.com\/sports-de-combat\/mma\/autres-ligues\/resume-ksw-le-scenario-hallucinant-du-combat-sanglant-entre-kesik-et-vrtacic_VN-202501260102.html\" title=\"R\u00e9sum\u00e9 KSW : Le scenario hallucinant du combat sanglant entre K\u0119sik et Vrta\u010di\u0107\" rel=\"nofollow noopener\" target=\"_blank\"><img class=\"lozad\"  width=\"16\" height=\"9\" alt=\"R\u00e9sum\u00e9 KSW : Le scenario hallucinant du combat sanglant entre K\u0119sik et Vrta\u010di\u0107\"\/>4:15R\u00e9sum\u00e9 KSW : Le scenario hallucinant du combat sanglant entre K\u0119sik et Vrta\u010di\u0107<\/a><a href=\"https:\/\/rmcsport.bfmtv.com\/sports-de-combat\/mma\/autres-ligues\/ksw-102-przybysz-et-azevedo-une-ceinture-au-bout-du-combat_VN-202501250472.html\" title=\"KSW 102 (-61kg) : Przybysz et Azevedo, une ceinture au bout du suspens\" rel=\"nofollow noopener\" target=\"_blank\"><img class=\"lozad\"  width=\"16\" height=\"9\" alt=\"KSW 102 (-61kg) : Przybysz et Azevedo, une ceinture au bout du suspens\"\/>8:11KSW 102 (-61kg) : Przybysz et Azevedo, une ceinture au bout du suspens<\/a><a href=\"https:\/\/rmcsport.bfmtv.com\/sports-de-combat\/mma\/autres-ligues\/hexagone-mma-23-duclos-dena-entree-facon-the-walking-dead-le-debrief-complet-de-la-soiree_VN-202501101002.html\" title=\"Hexagone MMA 23 : Duclos, Dena, entr\u00e9e fa\u00e7on The Walking Dead... Le d\u00e9brief complet de la soir\u00e9e\" rel=\"nofollow noopener\" target=\"_blank\"><img class=\"lozad\"  width=\"16\" height=\"9\" alt=\"Hexagone MMA 23 : Duclos, Dena, entr\u00e9e fa\u00e7on The Walking Dead... Le d\u00e9brief complet de la soir\u00e9e\"\/>9:13Hexagone MMA 23 : Duclos, Dena, entr\u00e9e fa\u00e7on The Walking Dead&#8230; Le d\u00e9brief complet de la soir\u00e9e<\/a><a href=\"https:\/\/rmcsport.bfmtv.com\/sports-de-combat\/mma\/autres-ligues\/mma-va-me-chercher-une-canette-face-a-face-tendu-entre-tandia-et-odena-hexagone-mma-23_VN-202501100413.html\" title=\"MMA : &quot;Va me chercher une canette !&quot;, face-\u00e0-face tendu entre Tandia et Odena ! (Hexagone MMA 23)\" rel=\"nofollow noopener\" target=\"_blank\"><img class=\"lozad\"  width=\"16\" height=\"9\" alt=\"MMA : &quot;Va me chercher une canette !&quot;, face-\u00e0-face tendu entre Tandia et Odena ! (Hexagone MMA 23)\"\/>0:54MMA : \u00ab\u00a0Va me chercher une canette !\u00a0\u00bb, face-\u00e0-face tendu entre Tandia et Odena ! (Hexagone MMA 23)<\/a><a href=\"https:\/\/rmcsport.bfmtv.com\/sports-de-combat\/mma\/autres-ligues\/ksw-paris-parnasse-varela-lohore-lebout-le-debrief-complet_VN-202412200930.html\" title=\"KSW Paris : Parnasse, Varela, Lohor\u00e9, Lebout... le d\u00e9brief complet\" rel=\"nofollow noopener\" target=\"_blank\"><img class=\"lozad\"  width=\"16\" height=\"9\" alt=\"KSW Paris : Parnasse, Varela, Lohor\u00e9, Lebout... le d\u00e9brief complet\"\/>22:05KSW Paris : Parnasse, Varela, Lohor\u00e9, Lebout&#8230; le d\u00e9brief complet<\/a><a href=\"https:\/\/rmcsport.bfmtv.com\/sports-de-combat\/mma\/autres-ligues\/ksw-paris-66-ou-70kg-je-suis-la-pour-tout-arracher-lance-parnasse_VN-202412200925.html\" title=\" KSW Paris : &quot;66 ou 70kg, je suis l\u00e0 pour tout arracher&quot; lance Parnasse \" rel=\"nofollow noopener\" target=\"_blank\"><img class=\"lozad\"  width=\"16\" height=\"9\" alt=\" KSW Paris : &quot;66 ou 70kg, je suis l\u00e0 pour tout arracher&quot; lance Parnasse \"\/>0:57KSW Paris : \u00ab\u00a066 ou 70kg, je suis l\u00e0 pour tout arracher\u00a0\u00bb lance Parnasse<\/a><a href=\"https:\/\/rmcsport.bfmtv.com\/sports-de-combat\/mma\/autres-ligues\/ksw-paris-itw-exclu-de-w-varela-avant-le-plus-grand-defi-de-sa-carriere_VN-202412130521.html\" title=\"KSW Paris : ITW EXCLU de W. Varela avant le plus grand d\u00e9fi de sa carri\u00e8re\" rel=\"nofollow noopener\" target=\"_blank\"><img class=\"lozad\"  width=\"16\" height=\"9\" alt=\"KSW Paris : ITW EXCLU de W. Varela avant le plus grand d\u00e9fi de sa carri\u00e8re\"\/>21:38KSW Paris : ITW EXCLU de W. Varela avant le plus grand d\u00e9fi de sa carri\u00e8re<\/a><a href=\"https:\/\/rmcsport.bfmtv.com\/sports-de-combat\/mma\/autres-ligues\/one-championship-tous-les-ko-et-finishes-de-la-friday-fights-72_VN-202407260571.html\" title=\"ONE Championship : Tous les KO et finishes de la Friday Fights 72\" rel=\"nofollow noopener\" target=\"_blank\"><img class=\"lozad\"  width=\"16\" height=\"9\" alt=\"ONE Championship : Tous les KO et finishes de la Friday Fights 72\"\/>6:28ONE Championship : Tous les KO et finishes de la Friday Fights 72<\/a><a class=\"jumpToVideo\" target=\"_blank\"><img class=\"thumbnailPreview\"\/><\/a><\/p>\n","protected":false},"excerpt":{"rendered":"R\u00e9sum\u00e9 : Le Marseillais Varela a-t-il r\u00e9gl\u00e9 ses comptes avec le Moldave Mircea ? (KSW 122) Sur le&hellip;\n","protected":false},"author":2,"featured_media":537223,"comment_status":"","ping_status":"","sticky":false,"template":"","format":"standard","meta":{"footnotes":""},"categories":[1356],"tags":[58,59,1011,27,252,1364],"class_list":{"0":"post-537222","1":"post","2":"type-post","3":"status-publish","4":"format-standard","5":"has-post-thumbnail","7":"category-television","8":"tag-divertissement","9":"tag-entertainment","10":"tag-fr","11":"tag-france","12":"tag-television","13":"tag-tv"},"share_on_mastodon":{"url":"https:\/\/pubeurope.com\/@fr\/115556981436271927","error":""},"_links":{"self":[{"href":"https:\/\/www.europesays.com\/fr\/wp-json\/wp\/v2\/posts\/537222","targetHints":{"allow":["GET"]}}],"collection":[{"href":"https:\/\/www.europesays.com\/fr\/wp-json\/wp\/v2\/posts"}],"about":[{"href":"https:\/\/www.europesays.com\/fr\/wp-json\/wp\/v2\/types\/post"}],"author":[{"embeddable":true,"href":"https:\/\/www.europesays.com\/fr\/wp-json\/wp\/v2\/users\/2"}],"replies":[{"embeddable":true,"href":"https:\/\/www.europesays.com\/fr\/wp-json\/wp\/v2\/comments?post=537222"}],"version-history":[{"count":0,"href":"https:\/\/www.europesays.com\/fr\/wp-json\/wp\/v2\/posts\/537222\/revisions"}],"wp:featuredmedia":[{"embeddable":true,"href":"https:\/\/www.europesays.com\/fr\/wp-json\/wp\/v2\/media\/537223"}],"wp:attachment":[{"href":"https:\/\/www.europesays.com\/fr\/wp-json\/wp\/v2\/media?parent=537222"}],"wp:term":[{"taxonomy":"category","embeddable":true,"href":"https:\/\/www.europesays.com\/fr\/wp-json\/wp\/v2\/categories?post=537222"},{"taxonomy":"post_tag","embeddable":true,"href":"https:\/\/www.europesays.com\/fr\/wp-json\/wp\/v2\/tags?post=537222"}],"curies":[{"name":"wp","href":"https:\/\/api.w.org\/{rel}","templated":true}]}}