{"id":537226,"date":"2025-11-16T02:20:34","date_gmt":"2025-11-16T02:20:34","guid":{"rendered":"https:\/\/www.europesays.com\/fr\/537226\/"},"modified":"2025-11-16T02:20:34","modified_gmt":"2025-11-16T02:20:34","slug":"les-reveurs-lincroyable-femme-des-neiges-on-vous-croit-le-gang-des-amazones-les-aigles-de-la-republique-quels-sont-les-films-a-voir-ou-pas-cette-semaine-au-cinema","status":"publish","type":"post","link":"https:\/\/www.europesays.com\/fr\/537226\/","title":{"rendered":"\u00ab\u00a0Les r\u00eaveurs\u00a0\u00bb, \u00ab\u00a0L&rsquo;Incroyable femme des neiges\u00a0\u00bb, \u00ab\u00a0On vous croit\u00a0\u00bb, \u00ab\u00a0Le Gang des Amazones\u00a0\u00bb, \u00ab\u00a0Les Aigles de la R\u00e9publique\u00a0\u00bb&#8230; Quels sont les films \u00e0 voir (ou pas) cette semaine au cin\u00e9ma\u00a0?"},"content":{"rendered":"\n<p class=\"c-chapo \">\n  D\u00e9couvrez les critiques et les entretiens de notre s\u00e9lection des films sortis en salles le mercredi\u00a012\u00a0novembre.\n<\/p>\n<p>      lire plus tard<\/p>\n<p id=\"dialog__title\" class=\"dialog__title\">Pour sauvegarder cet article, connectez-vous ou cr\u00e9ez un compte franceinfo<\/p>\n<p class=\"dialog__description\">Sans paiement. Sans abonnement.<\/p>\n<p>        Fermer la fen\u00eatre d\u2019activation des notifications France Info<\/p>\n<p>      cr\u00e9er votre compte<\/p>\n<p>      se connecter<\/p>\n<p>        Fermer la fen\u00eatre de pr\u00e9sentation<\/p>\n<p>          France T\u00e9l\u00e9visions &#8211; R\u00e9daction Culture<\/p>\n<p>    Publi\u00e9 le 15\/11\/2025 06:35<\/p>\n<p>        Temps de lecture : 4min<\/p>\n<p>    <img decoding=\"async\"  alt=\"Bastien Bouillon, Blanche Gardin et Philippe Katerine dans le film &quot;L'Incroyable femme des neiges&quot; de S\u00e9bastien Betbeder, sortie le 12\u00a0novembre\u00a02025. (ENVIE DE TEMPETE PRODUCTION)\" width=\"432\" height=\"243\" src=\"https:\/\/www.europesays.com\/fr\/wp-content\/uploads\/2025\/11\/incroyable-femme-des-neiges-690c4e24be621337650112.jpeg\" fetchpriority=\"high\"\/><\/p>\n<p>      Bastien Bouillon, Blanche Gardin et Philippe Katerine dans le film \u00ab\u00a0L&rsquo;Incroyable femme des neiges\u00a0\u00bb de S\u00e9bastien Betbeder, sortie le 12\u00a0novembre\u00a02025. (ENVIE DE TEMPETE PRODUCTION)<\/p>\n<p>Isabelle Carr\u00e9 passant de l&rsquo;\u00e9criture \u00e0 la r\u00e9alisation d&rsquo;un film sur une jeunesse en souffrance, Blanche Gardin embarquant Philippe Katerine au Grand Nord pour r\u00e9gler sa boussole personnelle, la parole des enfants victimes d&rsquo;inceste dans l&rsquo;enfer kafka\u00efen des proc\u00e9dures judiciaires, un film de braquage au f\u00e9minin avec Iz\u00efa Higelin, Lyna Khoudri, Mallory Wanecque et Laura Felpin et apr\u00e8s Le Caire confidentiel et La Conspiration du Caire, le r\u00e9alisateur su\u00e9dois Tarik Saleh boucle sa trilogie cairote&#8230;<\/p>\n<p>Voici ce que vous trouverez dans le programme des sorties en salle du mercredi\u00a012 novembre. Retrouvez ici toutes nos critiques et interviews cin\u00e9ma de la semaine.<\/p>\n<p>\u00ab\u00a0Les R\u00eaveurs\u00a0\u00bb : Isabelle Carr\u00e9 sonde la souffrance psychique des jeunes\u00a0<\/p>\n<p>L&rsquo;actrice passe pour la premi\u00e8re fois derri\u00e8re la cam\u00e9ra pour adapter <a href=\"https:\/\/www.franceinfo.fr\/culture\/livres\/roman\/quot-les-reveursquot-premier-roman-d-039-isabelle-carre-quot-je-suis-une-actrice-connue-que-personne-ne-connaitquot_3277567.html\" target=\"_blank\" rel=\"noopener nofollow\" data-tooltip-url=\"https:\/\/www.franceinfo.fr\/culture\/livres\/roman\/quot-les-reveursquot-premier-roman-d-039-isabelle-carre-quot-je-suis-une-actrice-connue-que-personne-ne-connaitquot_3277567.html\">son premier roman \u00e9ponyme, paru en 2018 aux \u00e9ditions Grasset<\/a>. \u00c0 travers une histoire intime, Isabelle Carr\u00e9 aborde avec sensibilit\u00e9 la question de la maladie mentale, grande cause nationale 2025. Le\u00a0film est servi par un tr\u00e8s beau casting, avec en son centre la pr\u00e9sence remarquable de la jeune actrice\u00a0Tessa Dumont Janod dans la peau d&rsquo;\u00c9lisabeth adolescente.<\/p>\n<p><a href=\"https:\/\/www.franceinfo.fr\/culture\/cinema\/sorties-de-films\/les-reveurs-isabelle-carre-sonde-la-souffrance-psychique-des-jeunes-dans-un-premier-film-delicat-adapte-de-son-roman_7594655.html\" target=\"_blank\" rel=\"noopener nofollow\" data-tooltip-url=\"https:\/\/www.franceinfo.fr\/culture\/cinema\/sorties-de-films\/les-reveurs-isabelle-carre-sonde-la-souffrance-psychique-des-jeunes-dans-un-premier-film-delicat-adapte-de-son-roman_7594655.html\">Lire l&rsquo;article<\/a><\/p>\n<\/p>\n<p>\u00ab\u00a0L&rsquo;Incroyable femme des neiges\u00a0\u00bb : Blanche Gardin, Philippe Katerine et Bastien Bouillon dans un film d\u00e9cal\u00e9 de S\u00e9bastien Betbeder<\/p>\n<p>S\u00e9bastien Betbeder retourne au Groenland avec ce nouveau long-m\u00e9trage L&rsquo;Incroyable femme des neige une fable moderne et d\u00e9cal\u00e9e sur la mort et la fraternit\u00e9. C\u00e9l\u00e8bre exploratrice du P\u00f4le Nord, Coline (Blanche Gardin) est de retour dans son Jura natal. Elle est accueillie par un coup de po\u00eale sur la t\u00eate ass\u00e9n\u00e9e par son fr\u00e8re Basile (Philippe Katerine), surpris de voir d\u00e9barquer sa s\u0153ur, qui n&rsquo;a pas mis les pieds dans la maison familiale ni donn\u00e9 de nouvelles depuis des ann\u00e9es.<\/p>\n<p><a href=\"https:\/\/www.franceinfo.fr\/culture\/cinema\/sorties-de-films\/l-incroyable-femme-des-neiges-blanche-gardin-philippe-katerine-et-bastien-bouillon-dans-un-film-decale-de-sebastien-betbeder_7598879.html\" target=\"_blank\" rel=\"noopener nofollow\" data-tooltip-url=\"https:\/\/www.franceinfo.fr\/culture\/cinema\/sorties-de-films\/l-incroyable-femme-des-neiges-blanche-gardin-philippe-katerine-et-bastien-bouillon-dans-un-film-decale-de-sebastien-betbeder_7598879.html\">Lire l&rsquo;article<\/a><\/p>\n<\/p>\n<p>\u00ab\u00a0On vous croit\u00a0\u00bb, plong\u00e9e gla\u00e7ante dans les rouages de la justice face \u00e0 l&rsquo;inceste<\/p>\n<p>Peu \u00e0 peu, le tabou qui p\u00e8se sur l&rsquo;inceste se l\u00e8ve. En France, <a href=\"https:\/\/www.franceinfo.fr\/societe\/harcelement-sexuel\/inceste-et-violences-sexuelles-faites-aux-enfants-ce-qu-il-faut-retenir-du-rapport-de-la-commission-independante-publie-apres-trois-ans-de-travaux_6185112.html\" target=\"_blank\" rel=\"noopener nofollow\" data-tooltip-url=\"https:\/\/www.franceinfo.fr\/societe\/harcelement-sexuel\/inceste-et-violences-sexuelles-faites-aux-enfants-ce-qu-il-faut-retenir-du-rapport-de-la-commission-independante-publie-apres-trois-ans-de-travaux_6185112.html\">la Commission ind\u00e9pendante sur l&rsquo;inceste et les violences sexuelles faites aux enfants (Ciivise) a conclu en 2023<\/a> que dans 81% des cas de violences sexuelles sur mineur, il s&rsquo;agit d&rsquo;un membre de la famille de l&rsquo;enfant, le plus souvent, le p\u00e8re, \u00e0 27%. Le d\u00e9cor est plant\u00e9, et la r\u00e9alit\u00e9 difficile \u00e0 ignorer. Alors dans un souci de r\u00e9alisme presque documentaire, Charlotte Devillers et Arnaud Dufeys exposent dans On vous croit\u00a0ce pan m\u00e9connu de l&rsquo;inceste\u00a0: l&rsquo;\u00e9preuve du passage au tribunal, dans un syst\u00e8me judiciaire parfois traumatisant, o\u00f9 la parole des enfants est seule face \u00e0 celle des adultes.<\/p>\n<p><a href=\"https:\/\/www.franceinfo.fr\/culture\/cinema\/sorties-de-films\/on-vous-croit-plongee-glacante-dans-les-rouages-de-la-justice-face-a-l-inceste-dans-un-film-au-realisme-troublant_7570873.html\" target=\"_blank\" rel=\"noopener nofollow\" data-tooltip-url=\"https:\/\/www.franceinfo.fr\/culture\/cinema\/sorties-de-films\/on-vous-croit-plongee-glacante-dans-les-rouages-de-la-justice-face-a-l-inceste-dans-un-film-au-realisme-troublant_7570873.html\"><strong>Lire l&rsquo;article<\/strong><\/a><\/p>\n<\/p>\n<p>\u00ab\u00a0Le Gang des Amazones\u00a0\u00bb : Iz\u00efa Higelin, Lyna Khoudri, Mallory Wanecque et Laura Felpin dans un film de braquage au f\u00e9minin<\/p>\n<p>M\u00e9lissa Drigeard pour son quatri\u00e8me long-m\u00e9trage inspir\u00e9 d&rsquo;une histoire vraie\u00a0raconte une s\u00e9rie de braquages orchestr\u00e9s par une bande de copines d&rsquo;enfance au bout du rouleau. Katy (Lyna Khoudri), H\u00e9l\u00e8ne (Iz\u00efa Higelin), Laurence (Laura Felpin) et Carole (Mallory Wanecque, vue dans L&rsquo;Amour fou) vivent toutes dans le m\u00eame quartier et se connaissent depuis l&rsquo;enfance. Quand leur folle \u00e9pop\u00e9e d\u00e9marre, elles ont la vingtaine. Katy flirte avec la d\u00e9linquance, Carole est en r\u00e9bellion contre sa famille, Laurence subit la violence de son mari.<\/p>\n<p><a href=\"https:\/\/www.franceinfo.fr\/culture\/cinema\/sorties-de-films\/le-gang-des-amazones-izia-higelin-lyna-khoudri-mallory-wanecque-et-laura-felpin-dans-un-film-de-braquage-au-feminin_7597169.html\" target=\"_blank\" rel=\"noopener nofollow\" data-tooltip-url=\"https:\/\/www.franceinfo.fr\/culture\/cinema\/sorties-de-films\/le-gang-des-amazones-izia-higelin-lyna-khoudri-mallory-wanecque-et-laura-felpin-dans-un-film-de-braquage-au-feminin_7597169.html\"><strong>Lire l&rsquo;article<\/strong><\/a><\/p>\n<\/p>\n<p>Avec \u00ab\u00a0Les Aigles de la R\u00e9publique\u00a0\u00bb, Tarik Saleh signe un film brillant sur la manipulation politique<\/p>\n<p>Apr\u00e8s Le Caire confidentiel et La Conspiration du Caire, le r\u00e9alisateur su\u00e9dois Tarik Saleh boucle sa trilogie cairote avec Les Aigles de la R\u00e9publique\u00a0qui raconte l&rsquo;histoire d&rsquo;un acteur embarqu\u00e9 malgr\u00e9 lui dans les arcanes du pouvoir \u00e9gyptien.<\/p>\n<p>George Fahmy, surnomm\u00e9 le \u00ab\u00a0pharaon des \u00e9crans\u00a0\u00bb, est un acteur de cin\u00e9ma adul\u00e9 dans tout le pays. Grand s\u00e9ducteur, il vit avec Donya, une jeune femme qui pourrait \u00eatre sa fille, et passe son temps \u00e0 mentir. Persuad\u00e9 que sa notori\u00e9t\u00e9 l&rsquo;exemptera de faire all\u00e9geance au pr\u00e9sident autocrate al-Sissi, il pense pouvoir refuser la proposition qui lui est faite par les hautes sph\u00e8res du pays de jouer le r\u00f4le du pr\u00e9sident dans un film \u00e0 sa gloire.<\/p>\n<p><a href=\"https:\/\/www.franceinfo.fr\/culture\/cinema\/sorties-de-films\/avec-les-aigles-de-la-republique-tarik-saleh-signe-un-film-brillant-sur-la-manipulation-politique_7594502.html\" target=\"_blank\" rel=\"noopener nofollow\" data-tooltip-url=\"https:\/\/www.franceinfo.fr\/culture\/cinema\/sorties-de-films\/avec-les-aigles-de-la-republique-tarik-saleh-signe-un-film-brillant-sur-la-manipulation-politique_7594502.html\"><strong>Lire l&rsquo;article<\/strong><\/a><\/p><\/p>\n","protected":false},"excerpt":{"rendered":"D\u00e9couvrez les critiques et les entretiens de notre s\u00e9lection des films sortis en salles le mercredi\u00a012\u00a0novembre. lire plus&hellip;\n","protected":false},"author":2,"featured_media":537227,"comment_status":"","ping_status":"","sticky":false,"template":"","format":"standard","meta":{"footnotes":""},"categories":[1354],"tags":[58,59,1346,1011,27,1360],"class_list":{"0":"post-537226","1":"post","2":"type-post","3":"status-publish","4":"format-standard","5":"has-post-thumbnail","7":"category-films","8":"tag-divertissement","9":"tag-entertainment","10":"tag-films","11":"tag-fr","12":"tag-france","13":"tag-movies"},"share_on_mastodon":{"url":"https:\/\/pubeurope.com\/@fr\/115556989882943442","error":""},"_links":{"self":[{"href":"https:\/\/www.europesays.com\/fr\/wp-json\/wp\/v2\/posts\/537226","targetHints":{"allow":["GET"]}}],"collection":[{"href":"https:\/\/www.europesays.com\/fr\/wp-json\/wp\/v2\/posts"}],"about":[{"href":"https:\/\/www.europesays.com\/fr\/wp-json\/wp\/v2\/types\/post"}],"author":[{"embeddable":true,"href":"https:\/\/www.europesays.com\/fr\/wp-json\/wp\/v2\/users\/2"}],"replies":[{"embeddable":true,"href":"https:\/\/www.europesays.com\/fr\/wp-json\/wp\/v2\/comments?post=537226"}],"version-history":[{"count":0,"href":"https:\/\/www.europesays.com\/fr\/wp-json\/wp\/v2\/posts\/537226\/revisions"}],"wp:featuredmedia":[{"embeddable":true,"href":"https:\/\/www.europesays.com\/fr\/wp-json\/wp\/v2\/media\/537227"}],"wp:attachment":[{"href":"https:\/\/www.europesays.com\/fr\/wp-json\/wp\/v2\/media?parent=537226"}],"wp:term":[{"taxonomy":"category","embeddable":true,"href":"https:\/\/www.europesays.com\/fr\/wp-json\/wp\/v2\/categories?post=537226"},{"taxonomy":"post_tag","embeddable":true,"href":"https:\/\/www.europesays.com\/fr\/wp-json\/wp\/v2\/tags?post=537226"}],"curies":[{"name":"wp","href":"https:\/\/api.w.org\/{rel}","templated":true}]}}