{"id":537241,"date":"2025-11-16T02:28:16","date_gmt":"2025-11-16T02:28:16","guid":{"rendered":"https:\/\/www.europesays.com\/fr\/537241\/"},"modified":"2025-11-16T02:28:16","modified_gmt":"2025-11-16T02:28:16","slug":"on-sest-fait-punir-parce-quon-a-triche","status":"publish","type":"post","link":"https:\/\/www.europesays.com\/fr\/537241\/","title":{"rendered":"On s&rsquo;est fait punir parce qu&rsquo;on a trich\u00e9"},"content":{"rendered":"<p>                    Par<br \/>\n        <strong><br \/>\n            <a href=\"https:\/\/actu.fr\/auteur\/aline-chatel\" title=\"Consulter tous les articles de Aline Chatel\" target=\"_blank\" rel=\"noopener\">Aline Chatel<\/a><br \/>\n                    <\/strong><\/p>\n<p>        Publi\u00e9 le<\/p>\n<p>            15 nov. 2025 \u00e0 21h00        <\/p>\n<p>Avant de quitter le stade Henry-Jeanne avec son staff et ses joueurs sous protection polici\u00e8re, apr\u00e8s que des barri\u00e8res eurent \u00e9t\u00e9 plac\u00e9es jusqu\u2019au bus, Maxime d\u2019Ornano a \u00e9voqu\u00e9 sa \u00ab\u00a0honte\u00a0\u00bb. L\u2019entra\u00eeneur du <a href=\"https:\/\/actu.fr\/tag\/stade-malherbe-de-caen\" target=\"_blank\" rel=\"noopener\">Stade Malherbe Caen<\/a> ne pouvait pas d\u00e9col\u00e9rer face au visage pr\u00e9sent\u00e9 par ses joueurs contre Bayeux, trois divisions en dessous, au septi\u00e8me tour de la Coupe de France (<a href=\"https:\/\/actu.fr\/normandie\/caen_14118\/coupe-de-france-bayeux-recoit-le-sm-caen-au-septieme-tour-suivez-le-match-en-live_63442937.html\" target=\"_blank\" rel=\"noopener\">3-2<\/a>).<\/p>\n<p class=\" wall-content\"><b>Maxime d\u2019Ornano, entra\u00eeneur du SM Caen :<\/b> \u00ab\u00a0Je n\u2019avais pas imagin\u00e9 \u00e7a. Mais je n\u2019avais pas imagin\u00e9 notre comportement, surtout. On s\u2019\u00e9tait pr\u00e9venu. On avait \u00e9t\u00e9 pr\u00e9venu. Si on triche avec le foot, on est puni. On a trich\u00e9 avec le foot. On n\u2019a pas remport\u00e9 nos duels, pour commencer. Face \u00e0 un adversaire aussi valeureux que Bayeux, avec des qualit\u00e9s, dans un environnement qu\u2019on connaissait, on s\u2019est fait punir parce qu\u2019on a trich\u00e9.\u00a0<\/p>\n<p class=\" wall-content\">Il y a de la col\u00e8re, de la rage, de la honte. Un gros sentiment de honte. Avec les cons\u00e9quences qui suivent, on le sait tr\u00e8s bien. On a d\u00e9\u00e7u beaucoup de monde. On s\u2019est d\u00e9\u00e7u nous-m\u00eames. C\u2019est honteux.\u00a0<\/p>\n<p class=\" wall-content\">On marque le but, le sc\u00e9nario nous est favorable, on doit faire mieux dans tout. C\u2019est surtout le gain des duels. On s\u2019est fait laver dans les duels. On s\u2019est fait bouffer. Dans le foot, il faut d\u2019abord se donner, il faut d\u2019abord gagner son duel. On n\u2019a pas exist\u00e9 dans ce domaine-l\u00e0.<\/p>\n<p class=\" wall-content\">Ce soir, c\u2019\u00e9tait la pire des fois dans l\u2019investissement individuel et collectif. Sur les autres matchs, il y avait des manques. De qualit\u00e9, de technique. Ce soir, c\u2019est surtout dans le don de soi. Ca n\u2019enl\u00e8ve rien \u00e0 la g\u00e9n\u00e9rosit\u00e9 qu\u2019a mise Bayeux dans ce match. On n\u2019a pas jou\u00e9 au rythme qu\u2019il fallait. On a gagn\u00e9 aucun duel, aucun deuxi\u00e8me ballon. On s\u2019est fait laminer dans ce domaine-l\u00e0.<\/p>\n<p class=\" wall-content\">C\u2019est normal que les supporters soient en col\u00e8re. On n\u2019a pas perdu avec les armes \u00e0 la main. On a baiss\u00e9 les armes. Il va falloir s\u2019expliquer avec les supporters.<\/p>\n<p class=\" wall-content\">[Vous touchez le fond ?] Compl\u00e8tement. On n\u2019a pas montr\u00e9 l\u2019image d\u2019une \u00e9quipe qui veut se qualifier en coupe.<\/p>\n<p class=\" wall-content\">Comment on se rel\u00e8ve ? On ferme sa gueule et on travaille. On n\u2019a pas le choix.<\/p>\n<p>Votre r\u00e9gion, votre actu !<\/p>\n<p>Recevez chaque jour les infos qui comptent pour vous.<\/p>\n<p>\t<a href=\"https:\/\/actu.fr\/newsletter\" class=\"ac-btn ac-btn--corner ac-btn--medium ac-btn--blue800\" target=\"_blank\" rel=\"noopener\">S&rsquo;incrire<\/a><\/p>\n<p class=\" wall-content\">Je ne pense pas \u00e0 ma situation personnelle, je pense juste \u00e0 gagner des matchs. Je veux surtout que les joueurs s\u2019investissent. Ce soir, ils ne se sont pas investis.\u00a0\u00bb<\/p>\n<p class=\" wall-content\">Personnalisez votre actualit\u00e9 en ajoutant vos villes et m\u00e9dias en favori avec <a href=\"https:\/\/moncompte.actu.fr\" title=\"D\u00e9couvez Mon Actu\" rel=\"nofollow noopener\" data-trk=\"{&quot;cta&quot;:{&quot;action&quot;:&quot;https:\\\/\\\/moncompte.actu.fr&quot;,&quot;category&quot;:&quot;mon compte&quot;,&quot;from&quot;:&quot;article footer&quot;,&quot;name&quot;:&quot;Mon actu&quot;,&quot;type&quot;:&quot;cta&quot;}}\" target=\"_blank\">Mon Actu<\/a>.<\/p>\n","protected":false},"excerpt":{"rendered":"Par Aline Chatel Publi\u00e9 le 15 nov. 2025 \u00e0 21h00 Avant de quitter le stade Henry-Jeanne avec son&hellip;\n","protected":false},"author":2,"featured_media":537242,"comment_status":"","ping_status":"","sticky":false,"template":"","format":"standard","meta":{"footnotes":""},"categories":[2],"tags":[11,63,1011,27,12,15104,60,266],"class_list":{"0":"post-537241","1":"post","2":"type-post","3":"status-publish","4":"format-standard","5":"has-post-thumbnail","7":"category-actualites","8":"tag-actualites","9":"tag-football","10":"tag-fr","11":"tag-france","12":"tag-news","13":"tag-sm-caen","14":"tag-sports","15":"tag-stade-malherbe-de-caen"},"share_on_mastodon":{"url":"https:\/\/pubeurope.com\/@fr\/115557020741126897","error":""},"_links":{"self":[{"href":"https:\/\/www.europesays.com\/fr\/wp-json\/wp\/v2\/posts\/537241","targetHints":{"allow":["GET"]}}],"collection":[{"href":"https:\/\/www.europesays.com\/fr\/wp-json\/wp\/v2\/posts"}],"about":[{"href":"https:\/\/www.europesays.com\/fr\/wp-json\/wp\/v2\/types\/post"}],"author":[{"embeddable":true,"href":"https:\/\/www.europesays.com\/fr\/wp-json\/wp\/v2\/users\/2"}],"replies":[{"embeddable":true,"href":"https:\/\/www.europesays.com\/fr\/wp-json\/wp\/v2\/comments?post=537241"}],"version-history":[{"count":0,"href":"https:\/\/www.europesays.com\/fr\/wp-json\/wp\/v2\/posts\/537241\/revisions"}],"wp:featuredmedia":[{"embeddable":true,"href":"https:\/\/www.europesays.com\/fr\/wp-json\/wp\/v2\/media\/537242"}],"wp:attachment":[{"href":"https:\/\/www.europesays.com\/fr\/wp-json\/wp\/v2\/media?parent=537241"}],"wp:term":[{"taxonomy":"category","embeddable":true,"href":"https:\/\/www.europesays.com\/fr\/wp-json\/wp\/v2\/categories?post=537241"},{"taxonomy":"post_tag","embeddable":true,"href":"https:\/\/www.europesays.com\/fr\/wp-json\/wp\/v2\/tags?post=537241"}],"curies":[{"name":"wp","href":"https:\/\/api.w.org\/{rel}","templated":true}]}}