{"id":537243,"date":"2025-11-16T02:29:40","date_gmt":"2025-11-16T02:29:40","guid":{"rendered":"https:\/\/www.europesays.com\/fr\/537243\/"},"modified":"2025-11-16T02:29:40","modified_gmt":"2025-11-16T02:29:40","slug":"la-moto-volee-depassait-du-coffre-de-la-voiture","status":"publish","type":"post","link":"https:\/\/www.europesays.com\/fr\/537243\/","title":{"rendered":"la moto vol\u00e9e d\u00e9passait du coffre de la voiture"},"content":{"rendered":"<p><img decoding=\"async\" class=\"\" style=\"width:100%\" src=\"https:\/\/www.europesays.com\/fr\/wp-content\/uploads\/2025\/11\/technology_g439ae2d1d_64016599514161011660029994977.jpg\" alt=\"gyrophare police\"\/><\/p>\n<p>gyrophare police<\/p>\n<p>Cr\u00e9dit : gyrophare police<\/p>\n<p>Alors qu&rsquo;ils patrouillent dans le centre-ville de Saint-\u00c9tienne dans la nuit de mardi \u00e0 mercredi, les policiers aper\u00e7oivent une voiture avec le coffre qui n&rsquo;est pas compl\u00e8tement ferm\u00e9. \u00c0 l&rsquo;int\u00e9rieur, une moto d\u00e9passe. Pris d&rsquo;un doute, les fonctionnaires proc\u00e8dent \u00e0 un contr\u00f4le. Rapidement, ils s&rsquo;aper\u00e7oivent que le 2 roues est vol\u00e9 puisque les num\u00e9ros ont \u00e9t\u00e9 grossi\u00e8rement modifi\u00e9s. V\u00e9rification faite : la moto a \u00e9t\u00e9 d\u00e9rob\u00e9e en aout 2024.<\/p>\n<p>Le conducteur de la voiture, devenu suspect, se d\u00e9fend : il vient de l&rsquo;acheter \u00e0 un homme dont il ignore l&rsquo;identit\u00e9\u2026 \u00c0 23h30, un 11 novembre, les policiers sont dubitatifs. Ils interpellent le trentenaire et le placent en garde \u00e0 vue. Ce dernier sera convoqu\u00e9 prochainement devant la justice pour recel de bien.<\/p>\n","protected":false},"excerpt":{"rendered":"gyrophare police Cr\u00e9dit : gyrophare police Alors qu&rsquo;ils patrouillent dans le centre-ville de Saint-\u00c9tienne dans la nuit de&hellip;\n","protected":false},"author":2,"featured_media":537244,"comment_status":"","ping_status":"","sticky":false,"template":"","format":"standard","meta":{"footnotes":""},"categories":[9653],"tags":[1111,11,2430,1777,674,10501,1011,27,3367,1457,12,1072,25,4001,1175],"class_list":{"0":"post-537243","1":"post","2":"type-post","3":"status-publish","4":"format-standard","5":"has-post-thumbnail","7":"category-saint-etienne","8":"tag-actu","9":"tag-actualites","10":"tag-auvergne-rhone-alpes","11":"tag-eu","12":"tag-europe","13":"tag-fait_divers","14":"tag-fr","15":"tag-france","16":"tag-loire","17":"tag-moto","18":"tag-news","19":"tag-police","20":"tag-republique-francaise","21":"tag-saint-etienne","22":"tag-vol"},"share_on_mastodon":{"url":"https:\/\/pubeurope.com\/@fr\/115557025222362474","error":""},"_links":{"self":[{"href":"https:\/\/www.europesays.com\/fr\/wp-json\/wp\/v2\/posts\/537243","targetHints":{"allow":["GET"]}}],"collection":[{"href":"https:\/\/www.europesays.com\/fr\/wp-json\/wp\/v2\/posts"}],"about":[{"href":"https:\/\/www.europesays.com\/fr\/wp-json\/wp\/v2\/types\/post"}],"author":[{"embeddable":true,"href":"https:\/\/www.europesays.com\/fr\/wp-json\/wp\/v2\/users\/2"}],"replies":[{"embeddable":true,"href":"https:\/\/www.europesays.com\/fr\/wp-json\/wp\/v2\/comments?post=537243"}],"version-history":[{"count":0,"href":"https:\/\/www.europesays.com\/fr\/wp-json\/wp\/v2\/posts\/537243\/revisions"}],"wp:featuredmedia":[{"embeddable":true,"href":"https:\/\/www.europesays.com\/fr\/wp-json\/wp\/v2\/media\/537244"}],"wp:attachment":[{"href":"https:\/\/www.europesays.com\/fr\/wp-json\/wp\/v2\/media?parent=537243"}],"wp:term":[{"taxonomy":"category","embeddable":true,"href":"https:\/\/www.europesays.com\/fr\/wp-json\/wp\/v2\/categories?post=537243"},{"taxonomy":"post_tag","embeddable":true,"href":"https:\/\/www.europesays.com\/fr\/wp-json\/wp\/v2\/tags?post=537243"}],"curies":[{"name":"wp","href":"https:\/\/api.w.org\/{rel}","templated":true}]}}