{"id":53726,"date":"2025-04-26T06:36:15","date_gmt":"2025-04-26T06:36:15","guid":{"rendered":"https:\/\/www.europesays.com\/fr\/53726\/"},"modified":"2025-04-26T06:36:15","modified_gmt":"2025-04-26T06:36:15","slug":"pour-la-presse-americaine-donald-trump-agit-comme-un-allie-de-la-russie-lexpress","status":"publish","type":"post","link":"https:\/\/www.europesays.com\/fr\/53726\/","title":{"rendered":"pour la presse am\u00e9ricaine, Donald Trump \u00ab\u00a0agit comme un alli\u00e9 de la Russie\u00a0\u00bb \u2013 L&rsquo;Express"},"content":{"rendered":"<p class=\"paragraph article-body-paragraph article__item   article-body-paragraph--first \">Tenter co\u00fbte que co\u00fbte de trouver une solution \u00e0 <a href=\"https:\/\/www.lexpress.fr\/environnement\/ukraine-la-russie-gardera-la-main-sur-la-centrale-de-zaporijia-aussi-longtemps-que-possible-3LX54CZ3VJDTPE7ZN57O4PQSTE\/\" target=\"_blank\" rel=\"noopener\">la guerre en Ukraine<\/a>. Avant m\u00eame son arriv\u00e9e \u00e0 la Maison-Blanche en janvier dernier, <a href=\"https:\/\/www.lexpress.fr\/monde\/les-etats-unis-ne-sont-plus-des-allies-comment-leurope-peut-elle-se-defendre-face-a-vladimir-poutine-TIR5ZIAGLFEXBM7GGZTWZ6HGYM\/\" target=\"_blank\" rel=\"noopener\">Donald Trump<\/a> en \u00e9tait convaincu : il r\u00e9glerait le conflit entre Kiev et Moscou en \u00e0 peine \u00ab\u00a024 heures\u00a0\u00bb. Trois mois apr\u00e8s l\u2019investiture du milliardaire, <a href=\"https:\/\/www.lexpress.fr\/monde\/europe\/guerre-en-ukraine-serguei-lavrov-affirme-que-la-russie-est-prete-a-conclure-un-accord-6PYVGHXWOJBRNHVR7XH6DAZI74\/\" target=\"_blank\" rel=\"noopener\">les combats ont toujours lieu sur le champ de bataille<\/a> et les villes ukrainiennes sont toujours bombard\u00e9es par l\u2019arm\u00e9e russe. Dans la nuit du mercredi 23 au jeudi 24 avril, 12 personnes ont ainsi \u00e9t\u00e9 tu\u00e9es dans des frappes lanc\u00e9es sur la capitale ukrainienne. Cette nuit encore, trois personnes, dont un enfant, ont encore \u00e9t\u00e9 tu\u00e9es et huit autres bless\u00e9es lors de l\u2019attaque russe contre la ville de Pavlohrad.<\/p>\n<p class=\"paragraph article-body-paragraph article__item   \">Jusque-l\u00e0 tr\u00e8s conciliant avec le Kremlin, le pr\u00e9sident am\u00e9ricain a somm\u00e9 le pr\u00e9sident russe de mettre fin \u00e0 ce genre d\u2019op\u00e9rations meurtri\u00e8res. \u00ab\u00a0Vladimir, ARR\u00caTE !\u00a0\u00bb, a-t-il ainsi interpell\u00e9 son homologue, sur son r\u00e9seau Truth Social. Une demande qui contraste avec la position des Etats-Unis ces derniers mois. Plus t\u00f4t dans la semaine, Donald Trump <a href=\"https:\/\/www.lexpress.fr\/monde\/guerre-en-ukraine-la-nouvelle-invective-de-donald-trump-contre-volodymyr-zelensky-OODJZYN4J5BX7ATXS55B2HXPPY\/\" target=\"_blank\" rel=\"noopener\">avait ainsi accus\u00e9 le pr\u00e9sident ukrainien<\/a> Volodymyr Zelensky de bloquer tout accord. Au c\u0153ur du d\u00e9bat ? La potentielle reconnaissance par les Etats-Unis <a href=\"https:\/\/www.lexpress.fr\/monde\/europe\/en-crimee-dix-ans-dannexion-de-paradis-balneaire-a-base-arriere-de-larmee-russe-FMNDRH5HZRBP3I6RB6XDIZSI6I\/\" target=\"_blank\" rel=\"noopener\">de la Crim\u00e9e<\/a>, cette r\u00e9gion ukrainienne annex\u00e9e par la Russie depuis 2014, dans le cadre d\u2019un possible texte de cessez-le-feu \u00e9voqu\u00e9 par plusieurs m\u00e9dias am\u00e9ricains.<\/p>\n<p>\u00ab\u00a0L\u2019administration Trump flirte avec la catastrophe\u00a0\u00bb<\/p>\n<p class=\"paragraph article-body-paragraph article__item   \">L\u2019impr\u00e9visibilit\u00e9 si propre au r\u00e9publicain inqui\u00e8te d\u2019autant plus lorsqu\u2019elle fait irruption parmi des n\u00e9gociations diplomatiques tr\u00e8s tendues au sujet de deux pays en guerre depuis plus de trois ans. Cette semaine, de nombreux titres de presse am\u00e9ricains se sont ainsi \u00e9mus des pistes de Washington pour mettre fin au conflit, et de la m\u00e9thode si atypique du pr\u00e9sident am\u00e9ricain de poser <a href=\"https:\/\/www.lexpress.fr\/idees-et-debats\/anais-voy-gillis-trump-nous-oblige-a-clarifier-nos-ambitions-en-matiere-de-reindustrialisation-CGFN5QAMXNE45B4BYMYAGQX4HI\/\" target=\"_blank\" rel=\"noopener\">un rapport de force<\/a>. \u00ab\u00a0La strat\u00e9gie de n\u00e9gociation de Donald Trump face \u00e0 la guerre en Ukraine est incroyablement inhabituelle\u00a0\u00bb, s\u2019\u00e9tonne ainsi l\u2019\u00e9ditorialiste Ben Burgis, dans un article <a href=\"https:\/\/www.msnbc.com\/opinion\/msnbc-opinion\/trump-ukraine-zelenskyy-russia-putin-war-rcna202724\" target=\"_blank\" rel=\"noopener\">sur le site de la cha\u00eene MSNBC<\/a>. Le sp\u00e9cialiste appelle notamment les Am\u00e9ricains \u00e0 reconsid\u00e9rer le poids de Volodymyr Zelensky dans les pourparlers pour trouver \u00ab\u00a0un r\u00e8glement diplomatique\u00a0\u00bb \u00e0 la situation.<\/p>\n<p><strong class=\"article-body-link-list__item text-gray-800 article-body-link-list__item--one-item\">LIRE AUSSI : <a class=\"article-body-link-list__item-link\" href=\"https:\/\/www.lexpress.fr\/idees-et-debats\/la-vision-de-donald-trump-nous-mene-a-une-guerre-mondiale-lalerte-de-yuval-noah-harari-LLTCRXFHWNCZXFVHJT63MFOV5Q\/\" target=\"_blank\" rel=\"noreferrer noopener\">La vision de Donald Trump nous m\u00e8ne \u00e0 une guerre mondiale : l\u2019alerte de Yuval Noah Harari<\/a><\/strong><\/p>\n<p class=\"paragraph article-body-paragraph article__item   \">Dans cette chronique au ton agac\u00e9, le journaliste s\u2019exasp\u00e8re du sort r\u00e9serv\u00e9 aujourd\u2019hui \u00e0 l\u2019Ukraine par l\u2019administration Trump, incarn\u00e9 par <a href=\"https:\/\/www.lexpress.fr\/monde\/europe\/volodymyr-zelensky-piege-a-la-maison-blanche-comment-sa-rencontre-avec-donald-trump-a-deraille-R3H3HQQS6RFG3DYB3NLCJLWO5M\/\" target=\"_blank\" rel=\"noopener\">la rencontre houleuse entre les pr\u00e9sidents am\u00e9ricain et ukrainien<\/a> \u00e0 la Maison-Blanche le 28 f\u00e9vrier dernier. Pour sch\u00e9matiser l\u2019absurdit\u00e9 des relations entretenues par Washington avec Kiev, en particulier au sujet de la Crim\u00e9e, l\u2019expert va m\u00eame jusqu\u2019\u00e0 effectuer une analogie avec le conflit isra\u00e9lo-palestinien, en demandant de se figurer si Donald Trump \u00ab\u00a0demandait \u00e0 Isra\u00ebl de reconna\u00eetre diplomatiquement l\u2019\u00c9tat de Palestine et d\u2019imm\u00e9diatement \u00e9vacuer toutes les colonies de Cisjordanie\u00a0\u00bb. Avant d\u2019ajouter : \u00ab\u00a0Essayez d\u2019imaginer ce qu\u2019il arriverait en disant \u00e0 Netanyahou que s\u2019il n\u2019adh\u00e9rait pas directement \u00e0 ce programme, les Etats-Unis se retireraient du processus.\u00a0\u00bb<\/p>\n<p class=\"paragraph article-body-paragraph article__item   \">Comme lui, beaucoup d\u2019observateurs am\u00e9ricains regrettent le manque de profondeur de vue de la Maison-Blanche sur le dossier ukrainien. Forc\u00e9ment, il est \u00ab\u00a0plus facile pour Trump de mettre la pression sur l\u2019Ukraine\u00a0\u00bb, pointe <a href=\"https:\/\/edition.cnn.com\/2025\/04\/24\/europe\/trump-putin-peace-ukraine-analysis-intl\/index.html\" target=\"_blank\" rel=\"noopener\">CNN<\/a>, rappelant la d\u00e9pendance du pays \u00e0 l\u2019aide militaire am\u00e9ricaine et <a href=\"https:\/\/www.lexpress.fr\/monde\/amerique\/les-etats-unis-suspendent-le-partage-de-renseignements-avec-kiev-quelles-consequences-pour-lukraine-2CGWSYIEGZCLVH4ZQ6CDDLVNTM\/\" target=\"_blank\" rel=\"noopener\">au partage du renseignement<\/a> \u2013 tous deux un temps interrompus par Washington. Mais la cha\u00eene am\u00e9ricaine estime que le pr\u00e9sident am\u00e9ricain se refuse \u00e0 voir que \u00ab\u00a0la Russie tra\u00eene des pieds\u00a0\u00bb pour tenter d\u2019avancer vers une tr\u00eave. \u00ab\u00a0L\u2019administration Trump flirte avec la catastrophe\u00a0\u00bb dans ses efforts pour mettre fin \u00e0 la guerre, soul\u00e8ve pour sa part le <a href=\"https:\/\/www.washingtonpost.com\/opinions\/2025\/04\/24\/trump-ukraine-russia-crimea-stimson\/\" target=\"_blank\" rel=\"noopener\">Washington Post<\/a>.<\/p>\n<p>Le plan Trump ? \u00ab\u00a0Un instrument de capitulation\u00a0\u00bb<\/p>\n<p class=\"paragraph article-body-paragraph article__item   \">L\u2019\u00e9crivain Max Boot, \u00e9ditorialiste dans les colonnes du quotidien de la capitale, pointe le fait que l\u2019Ukraine ne gagne \u00ab\u00a0pas grand-chose\u00a0\u00bb dans le projet am\u00e9ricain d\u2019accord de tr\u00eave qui a fuit\u00e9 dans <a href=\"https:\/\/www.axios.com\/2025\/04\/22\/trump-russia-ukraine-peace-plan-crimea-donbas\" target=\"_blank\" rel=\"noopener\">Axios<\/a> et le <a href=\"https:\/\/www.telegraph.co.uk\/world-news\/2025\/04\/22\/trumps-plan-to-let-putin-keep-land-seized-from-ukraine\/\" target=\"_blank\" rel=\"noopener\">Telegraph<\/a>. Selon leurs r\u00e9v\u00e9lations, les propositions des Etats-Unis avanc\u00e9es ces derni\u00e8res semaines impliqueraient \u2013 en plus de la reconnaissance am\u00e9ricaine de la souverainet\u00e9 russe en Crim\u00e9e \u2013 la garantie apport\u00e9e \u00e0 Moscou de ne jamais voir l\u2019Ukraine <a href=\"https:\/\/www.lexpress.fr\/monde\/europe\/ukraine-un-accord-sur-les-minerais-sur-le-point-detre-signe-entre-kiev-et-washington-RD5KVPDTN5AZJLBWWUEWR4J3QE\/\" target=\"_blank\" rel=\"noopener\">int\u00e9grer l\u2019Otan<\/a> et l\u2019adoucissement des sanctions financi\u00e8res contre son \u00e9conomie. \u00ab\u00a0Le plan Trump n\u2019est pas autre chose qu\u2019un instrument de capitulation, et les Ukrainiens ne sont pas d\u2019accord pour l\u2019accepter\u00a0\u00bb, expose Tom Nichols, dans <a href=\"https:\/\/www.theatlantic.com\/politics\/archive\/2025\/04\/trump-ukraine-russia-deal\/682564\/\" target=\"_blank\" rel=\"noopener\">The Atlantic<\/a>, magazine tr\u00e8s oppos\u00e9 de mani\u00e8re g\u00e9n\u00e9rale \u00e0 la politique de l\u2019homme d\u2019affaires. \u00ab\u00a0Trump agit de facto comme un alli\u00e9 de la Russie et formule des exigences \u00e0 la mani\u00e8re d\u2019un proxy de Moscou.\u00a0\u00bb<\/p>\n<\/p>\n<p class=\"paragraph article-body-paragraph article__item   \">Certains titres se pr\u00e9occupent particuli\u00e8rement de voir la Russie renforc\u00e9e par l\u2019attitude am\u00e9ricaine plus qu\u2019accommodante dans les \u00e9changes avec Moscou. \u00ab\u00a0Le Kremlin a peut-\u00eatre sagement compris qu\u2019il pouvait, au fil des mois, obtenir de minuscules concessions de la Maison-Blanche et construire progressivement un paysage g\u00e9opolitique plus favorable \u00e0 ses int\u00e9r\u00eats\u00a0\u00bb, d\u00e9crypte le journaliste de CNN Nick Paton Walsh. \u00ab\u00a0Il suffit de se rappeler des 90 premiers jours de la pr\u00e9sidence de Trump pour constater \u00e0 quel point le monde <a href=\"https:\/\/www.lexpress.fr\/idees-et-debats\/nicolas-tenzer-la-russie-deviendra-un-trou-noir-de-lhistoire-ZDUN7OPEHZDATA7EBUKZDHI5T4\/\" target=\"_blank\" rel=\"noopener\">a d\u00e9j\u00e0 \u00e9volu\u00e9 en faveur de Moscou<\/a>.\u00a0\u00bb Le constat \u00e9tabli est encore plus douloureux pour The Atlantic, pour qui \u00ab\u00a0les Am\u00e9ricains offrent \u00e0 Poutine un accord de r\u00eave\u00a0\u00bb. Pour le mensuel, le projet de Donald Trump reviendrait m\u00eame \u00e0 \u00ab\u00a0vendre l\u2019Ukraine \u00e0 la Russie\u00a0\u00bb, ce qui constituerait un t\u00e9moignage de la \u00ab\u00a0l\u00e2chet\u00e9\u00a0\u00bb des Etats-Unis sur le dossier ukrainien.<\/p>\n<p>L'\u00a0\u00bbinusuelle\u00a0\u00bb demande de Donald Trump \u00e0 Vladimir Poutine<\/p>\n<p class=\"paragraph article-body-paragraph article__item   \">Au-del\u00e0 de ces hypoth\u00e9tiques mesures et de la pression constante pos\u00e9e sur Volodymyr Zelensky, la presse am\u00e9ricaine rel\u00e8ve aussi le soudain changement de ton de Donald Trump vis-\u00e0-vis de <a href=\"https:\/\/www.lexpress.fr\/monde\/europe\/poutine-na-plus-besoin-deminence-grise-le-systeme-sourkov-decrypte-par-andrei-pertsev-YXZ7RB5EQNBMPKTP3754ONZCKY\/\" target=\"_blank\" rel=\"noopener\">Vladimir Poutine<\/a> apr\u00e8s les r\u00e9centes frappes destructrices sur Kiev. Pour le <a href=\"https:\/\/www.nytimes.com\/2025\/04\/24\/us\/politics\/russia-trump-putin-ukraine.html\" target=\"_blank\" rel=\"noopener\">New York Times<\/a>, il s\u2019agit l\u00e0 d\u2019un \u00ab\u00a0inusuel appel tranchant\u00a0\u00bb de la part du milliardaire am\u00e9ricain. \u00ab\u00a0Le pr\u00e9sident Trump a \u00e9galement cherch\u00e9 \u00e0 d\u00e9tourner la responsabilit\u00e9 en cas d\u2019\u00e9chec des n\u00e9gociations, signe qu\u2019il est peut-\u00eatre plus pessimiste quant \u00e0 un accord qu\u2019il ne l\u2019\u00e9tait lorsqu\u2019il a pris ses fonctions en janvier\u00a0\u00bb, analyse le reporter Jonathan Swan. Apr\u00e8s sa campagne tonitruante, \u00ab\u00a0il avait regagn\u00e9 la pr\u00e9sidence en d\u00e9bordant de confiance quant \u00e0 son talent de n\u00e9gociateur\u00a0\u00bb, rappelle-t-il.<\/p>\n<p><strong class=\"article-body-link-list__item text-gray-800 article-body-link-list__item--one-item\">LIRE AUSSI : <a class=\"article-body-link-list__item-link\" href=\"https:\/\/www.lexpress.fr\/idees-et-debats\/peter-pomerantsev-apres-lukraine-la-prochaine-etape-pour-poutine-sera-de-detruire-lunion-europeenne-ZJKPF3QRR5EEPBBTAZDGGMWNBA\/\" target=\"_blank\" rel=\"noreferrer noopener\">Peter Pomerantsev : \u00ab\u00a0Apr\u00e8s l\u2019Ukraine, la prochaine \u00e9tape pour Poutine sera de d\u00e9truire l\u2019Union europ\u00e9enne\u00a0\u00bb<\/a><\/strong><\/p>\n<p class=\"paragraph article-body-paragraph article__item    article__text__endpicto\">L\u2019interpellation de Vladimir Poutine pourrait-elle pr\u00e9figurer le d\u00e9but d\u2019un nouveau rapport de force ? \u00ab\u00a0La question maintenant est de savoir \u00e0 quel point il est pr\u00eat \u00e0 mettre la pression sur Moscou pour lui faire faire des concessions significatives afin d\u2019obtenir un accord\u00a0\u00bb, r\u00e9sume le <a href=\"https:\/\/www.wsj.com\/world\/russia\/after-pressuring-ukraine-for-peace-deal-trump-finally-sees-an-obstacle-in-russia-4ebe2a71?mod=hp_lead_pos5\" target=\"_blank\" rel=\"noopener\">Wall Street Journal<\/a>. Le dirigeant am\u00e9ricain et son entourage semblent en tout cas de plus en plus press\u00e9s \u00e0 l\u2019id\u00e9e de conclure ce fameux \u00ab\u00a0deal\u00a0\u00bb tant esp\u00e9r\u00e9. \u00ab\u00a0Le probl\u00e8me majeur est que Poutine prend du temps de son c\u00f4t\u00e9 alors que Trump ne cesse de r\u00e9p\u00e9ter que l\u2019horloge tourne\u00a0\u00bb, rappelle de son c\u00f4t\u00e9 CNN. Une situation qui, sans avanc\u00e9es, pourrait conduire le milliardaire \u00e0 \u00ab\u00a0se retirer\u00a0\u00bb des n\u00e9gociations, comme \u00e9voqu\u00e9 par <a href=\"https:\/\/www.lexpress.fr\/monde\/amerique\/jd-vance-plus-dangereux-que-donald-trump-aux-origines-dun-homme-a-lambition-sans-limite-TMV2BPBLMNDSJMTOTV633LRSKE\/\" target=\"_blank\" rel=\"noopener\">J.D. Vance<\/a> mercredi.<\/p>\n","protected":false},"excerpt":{"rendered":"Tenter co\u00fbte que co\u00fbte de trouver une solution \u00e0 la guerre en Ukraine. Avant m\u00eame son arriv\u00e9e \u00e0&hellip;\n","protected":false},"author":2,"featured_media":53727,"comment_status":"","ping_status":"","sticky":false,"template":"","format":"standard","meta":{"footnotes":""},"categories":[1590],"tags":[11,782,1777,674,74,12,220],"class_list":{"0":"post-53726","1":"post","2":"type-post","3":"status-publish","4":"format-standard","5":"has-post-thumbnail","7":"category-ukraine","8":"tag-actualites","9":"tag-ameriques","10":"tag-eu","11":"tag-europe","12":"tag-monde","13":"tag-news","14":"tag-ukraine"},"share_on_mastodon":{"url":"https:\/\/pubeurope.com\/@fr\/114402884510852159","error":""},"_links":{"self":[{"href":"https:\/\/www.europesays.com\/fr\/wp-json\/wp\/v2\/posts\/53726","targetHints":{"allow":["GET"]}}],"collection":[{"href":"https:\/\/www.europesays.com\/fr\/wp-json\/wp\/v2\/posts"}],"about":[{"href":"https:\/\/www.europesays.com\/fr\/wp-json\/wp\/v2\/types\/post"}],"author":[{"embeddable":true,"href":"https:\/\/www.europesays.com\/fr\/wp-json\/wp\/v2\/users\/2"}],"replies":[{"embeddable":true,"href":"https:\/\/www.europesays.com\/fr\/wp-json\/wp\/v2\/comments?post=53726"}],"version-history":[{"count":0,"href":"https:\/\/www.europesays.com\/fr\/wp-json\/wp\/v2\/posts\/53726\/revisions"}],"wp:featuredmedia":[{"embeddable":true,"href":"https:\/\/www.europesays.com\/fr\/wp-json\/wp\/v2\/media\/53727"}],"wp:attachment":[{"href":"https:\/\/www.europesays.com\/fr\/wp-json\/wp\/v2\/media?parent=53726"}],"wp:term":[{"taxonomy":"category","embeddable":true,"href":"https:\/\/www.europesays.com\/fr\/wp-json\/wp\/v2\/categories?post=53726"},{"taxonomy":"post_tag","embeddable":true,"href":"https:\/\/www.europesays.com\/fr\/wp-json\/wp\/v2\/tags?post=53726"}],"curies":[{"name":"wp","href":"https:\/\/api.w.org\/{rel}","templated":true}]}}