{"id":537260,"date":"2025-11-16T02:46:16","date_gmt":"2025-11-16T02:46:16","guid":{"rendered":"https:\/\/www.europesays.com\/fr\/537260\/"},"modified":"2025-11-16T02:46:16","modified_gmt":"2025-11-16T02:46:16","slug":"pour-faciliter-lacces-a-son-terrain-il-creuse-un-boulevard-a-la-tractopelle-sur-un-2","status":"publish","type":"post","link":"https:\/\/www.europesays.com\/fr\/537260\/","title":{"rendered":"Pour faciliter l\u2019acc\u00e8s \u00e0 son terrain, il creuse \u00ab\u00a0un boulevard\u00a0\u00bb \u00e0 la tractopelle sur un"},"content":{"rendered":"<p><strong>\u00ab\u00a0C\u2019est un v\u00e9ritable coup de force\u00a0\u00bb,<\/strong> soupire S\u00e9bastien Gu\u00e9ret, le maire de Noyal-Ch\u00e2tillon-sur-Seiche, au sud de Rennes (Ille-et-Vilaine). En fin de semaine derni\u00e8re, le propri\u00e9taire d\u2019un terrain du hameau Les Guittais est venu y \u00ab\u00a0remodeler\u00a0\u00bb un chemin communal avec une tractopelle. L\u2019objectif\u00a0? Faciliter l\u2019acc\u00e8s des v\u00e9hicules &#8211; notamment de chantier &#8211; \u00e0 sa parcelle qu\u2019il souhaitait r\u00e9am\u00e9nager pour son entreprise.<\/p>\n<p><strong>\u00ab\u00a0Le chemin initial a \u00e9t\u00e9 \u00e9largi sur plus de deux m\u00e8tres. Ils ont creus\u00e9 un v\u00e9ritable boulevard et d\u00e9pos\u00e9 du gravier pour permettre la circulation,<\/strong> d\u00e9taille l\u2019\u00e9lu. <strong>Ils ont aussi racl\u00e9 3 \u00e0 5\u00a0cm de terre v\u00e9g\u00e9tale et commenc\u00e9 \u00e0 empierrer leur terrain. J\u2019ai d\u00fb intervenir avec la police municipale, la gendarmerie et les services techniques pour bloquer le chantier.\u00a0\u00bb<\/strong><\/p>\n<p>Zone naturelle prot\u00e9g\u00e9e<\/p>\n<p>Probl\u00e8me, non seulement le propri\u00e9taire n\u2019avait pas le droit de venir \u00e9largir un chemin qui appartient \u00e0 la commune, mais il lui \u00e9tait \u00e9galement interdit d\u2019am\u00e9nager son terrain qui est class\u00e9 en Zone naturelle prot\u00e9g\u00e9e (ZNP). <strong>\u00ab\u00a0Il \u00e9tait venu me voir en mai\u00a02025 pour obtenir une autorisation de travaux,<\/strong> se souvient S\u00e9bastien Gu\u00e9ret.<strong> Je lui avais dit oralement que les travaux n\u2019\u00e9taient pas possibles \u00e0 cause de la ZNP. Je lui ai renvoy\u00e9 un courrier de confirmation en juin.\u00a0\u00bb<\/strong><\/p>\n<p>Le propri\u00e9taire assure ne l\u2019avoir <strong>\u00ab\u00a0jamais re\u00e7u\u00a0\u00bb. <\/strong>Patron de la soci\u00e9t\u00e9 Berthaux \u00c9vasion, install\u00e9e \u00e0 Janz\u00e9 et sp\u00e9cialis\u00e9e dans la vente et la r\u00e9paration de caravanes, il explique\u00a0: <strong>\u00ab\u00a0Notre projet n\u2019est pas de construire des b\u00e2timents en dur comme on en voit sur des parcelles voisines. Nous souhaitons am\u00e9nager une zone de transit temporaire pour que les familles, qui viennent acheter une nouvelle caravane, y laissent leur ancien mod\u00e8le, quelques jours, le temps qu\u2019on puisse les r\u00e9cup\u00e9rer.\u00a0\u00bb<\/strong><\/p>\n<p>Une n\u00e9gociation s\u2019est ouverte entre la commune et le propri\u00e9taire pour trouver un autre terrain \u00e0 mettre \u00e0 disposition de l\u2019entreprise.  <strong>\u00ab\u00a0Nous n\u2019avons pas besoin d\u2019une parcelle tr\u00e8s grande\u00a0\u00bb,<\/strong> assure le propri\u00e9taire. En attendant, le maire a d\u00e9pos\u00e9 plainte pour les d\u00e9gradations.<\/p>\n<p>\u00a0<\/p>\n","protected":false},"excerpt":{"rendered":"\u00ab\u00a0C\u2019est un v\u00e9ritable coup de force\u00a0\u00bb, soupire S\u00e9bastien Gu\u00e9ret, le maire de Noyal-Ch\u00e2tillon-sur-Seiche, au sud de Rennes (Ille-et-Vilaine).&hellip;\n","protected":false},"author":2,"featured_media":537261,"comment_status":"","ping_status":"","sticky":false,"template":"","format":"standard","meta":{"footnotes":""},"categories":[2821],"tags":[23731,1111,11,5731,829,20837,38908,42255,1777,674,20907,1011,27,2047,12,3762,584,25,3945,65564],"class_list":{"0":"post-537260","1":"post","2":"type-post","3":"status-publish","4":"format-standard","5":"has-post-thumbnail","7":"category-rennes","8":"tag-acces","9":"tag-actu","10":"tag-actualites","11":"tag-boulevard","12":"tag-bretagne","13":"tag-chemin","14":"tag-communal","15":"tag-creuse","16":"tag-eu","17":"tag-europe","18":"tag-faciliter","19":"tag-fr","20":"tag-france","21":"tag-mans","22":"tag-news","23":"tag-pres","24":"tag-rennes","25":"tag-republique-francaise","26":"tag-terrain","27":"tag-tractopelle"},"share_on_mastodon":{"url":"https:\/\/pubeurope.com\/@fr\/115557091450616049","error":""},"_links":{"self":[{"href":"https:\/\/www.europesays.com\/fr\/wp-json\/wp\/v2\/posts\/537260","targetHints":{"allow":["GET"]}}],"collection":[{"href":"https:\/\/www.europesays.com\/fr\/wp-json\/wp\/v2\/posts"}],"about":[{"href":"https:\/\/www.europesays.com\/fr\/wp-json\/wp\/v2\/types\/post"}],"author":[{"embeddable":true,"href":"https:\/\/www.europesays.com\/fr\/wp-json\/wp\/v2\/users\/2"}],"replies":[{"embeddable":true,"href":"https:\/\/www.europesays.com\/fr\/wp-json\/wp\/v2\/comments?post=537260"}],"version-history":[{"count":0,"href":"https:\/\/www.europesays.com\/fr\/wp-json\/wp\/v2\/posts\/537260\/revisions"}],"wp:featuredmedia":[{"embeddable":true,"href":"https:\/\/www.europesays.com\/fr\/wp-json\/wp\/v2\/media\/537261"}],"wp:attachment":[{"href":"https:\/\/www.europesays.com\/fr\/wp-json\/wp\/v2\/media?parent=537260"}],"wp:term":[{"taxonomy":"category","embeddable":true,"href":"https:\/\/www.europesays.com\/fr\/wp-json\/wp\/v2\/categories?post=537260"},{"taxonomy":"post_tag","embeddable":true,"href":"https:\/\/www.europesays.com\/fr\/wp-json\/wp\/v2\/tags?post=537260"}],"curies":[{"name":"wp","href":"https:\/\/api.w.org\/{rel}","templated":true}]}}