{"id":537262,"date":"2025-11-16T02:48:53","date_gmt":"2025-11-16T02:48:53","guid":{"rendered":"https:\/\/www.europesays.com\/fr\/537262\/"},"modified":"2025-11-16T02:48:53","modified_gmt":"2025-11-16T02:48:53","slug":"grand-poitiers-rechute-dun-rien-face-a-au-cpb-rennes","status":"publish","type":"post","link":"https:\/\/www.europesays.com\/fr\/537262\/","title":{"rendered":"Grand Poitiers rechute d\u2019un rien face \u00e0 au CPB Rennes"},"content":{"rendered":"<p><strong>CPB Rennes\u00a0&#8211; Grand Poitiers\u00a0: 24-23<\/strong><\/p>\n<p>Le match attendu et redout\u00e9 a enfin eu lieu sur le terrain du CPB Rennes, samedi 15\u00a0novembre. Face \u00e0 un adverse r\u00e9put\u00e9 pour sa solidit\u00e9 d\u00e9fensive et particuli\u00e8rement \u00e0 l\u2019aise \u00e0 domicile, Grand Poitiers a longtemps pein\u00e9 \u00e0 s\u2019ouvrir le chemin du but tenu par un imposant Hugo Ludwikowski (15 arr\u00eats au total).<br \/>Il a fallu attendre la 7e pour que Yohan Bourgueil ouvre les hostilit\u00e9s c\u00f4t\u00e9 visiteur. Les locaux faisaient eux la diff\u00e9rence plein axe, gr\u00e2ce \u00e0 la puissance de leur pivot R\u00e9mi Leventoux. C\u00f4t\u00e9 Griffons, c\u2019est Paul Roumier qui se montrait le plus habile&#8230;. <\/p>\n<p>    Cet article a \u00e9t\u00e9 tronqu\u00e9. Abonnez-vous pour lire l&rsquo;article complet sur notre site.<\/p>\n<p><\/p>\n<p style=\"margin: 0 !important; padding: 0 !important; font-size: 12px !important;\">Cet article a \u00e9t\u00e9 tronqu\u00e9. Abonnez-vous pour lire l&rsquo;article complet.<\/p>\n<p>    <a href=\"https:\/\/www.lanouvellerepublique.fr\/abonnements\" style=\"display: inline-block; margin-top: 5px !important; padding: 6px 12px !important; background: #cb1c27; color: white; text-decoration: none; border-radius: 4px; font-size: 12px !important;\" target=\"_blank\" rel=\"noopener\"><br \/>\n      S&rsquo;abonner<br \/>\n    <\/a><\/p>\n","protected":false},"excerpt":{"rendered":"CPB Rennes\u00a0&#8211; Grand Poitiers\u00a0: 24-23 Le match attendu et redout\u00e9 a enfin eu lieu sur le terrain du&hellip;\n","protected":false},"author":2,"featured_media":537263,"comment_status":"","ping_status":"","sticky":false,"template":"","format":"standard","meta":{"footnotes":""},"categories":[2821],"tags":[1111,11,829,1777,674,1011,27,1792,14977,12,1653,584,25,60,1584],"class_list":{"0":"post-537262","1":"post","2":"type-post","3":"status-publish","4":"format-standard","5":"has-post-thumbnail","7":"category-rennes","8":"tag-actu","9":"tag-actualites","10":"tag-bretagne","11":"tag-eu","12":"tag-europe","13":"tag-fr","14":"tag-france","15":"tag-handball","16":"tag-nationaux-handball","17":"tag-news","18":"tag-poitiers","19":"tag-rennes","20":"tag-republique-francaise","21":"tag-sports","22":"tag-vienne"},"share_on_mastodon":{"url":"https:\/\/pubeurope.com\/@fr\/115557103269533344","error":""},"_links":{"self":[{"href":"https:\/\/www.europesays.com\/fr\/wp-json\/wp\/v2\/posts\/537262","targetHints":{"allow":["GET"]}}],"collection":[{"href":"https:\/\/www.europesays.com\/fr\/wp-json\/wp\/v2\/posts"}],"about":[{"href":"https:\/\/www.europesays.com\/fr\/wp-json\/wp\/v2\/types\/post"}],"author":[{"embeddable":true,"href":"https:\/\/www.europesays.com\/fr\/wp-json\/wp\/v2\/users\/2"}],"replies":[{"embeddable":true,"href":"https:\/\/www.europesays.com\/fr\/wp-json\/wp\/v2\/comments?post=537262"}],"version-history":[{"count":0,"href":"https:\/\/www.europesays.com\/fr\/wp-json\/wp\/v2\/posts\/537262\/revisions"}],"wp:featuredmedia":[{"embeddable":true,"href":"https:\/\/www.europesays.com\/fr\/wp-json\/wp\/v2\/media\/537263"}],"wp:attachment":[{"href":"https:\/\/www.europesays.com\/fr\/wp-json\/wp\/v2\/media?parent=537262"}],"wp:term":[{"taxonomy":"category","embeddable":true,"href":"https:\/\/www.europesays.com\/fr\/wp-json\/wp\/v2\/categories?post=537262"},{"taxonomy":"post_tag","embeddable":true,"href":"https:\/\/www.europesays.com\/fr\/wp-json\/wp\/v2\/tags?post=537262"}],"curies":[{"name":"wp","href":"https:\/\/api.w.org\/{rel}","templated":true}]}}