{"id":537283,"date":"2025-11-16T03:04:16","date_gmt":"2025-11-16T03:04:16","guid":{"rendered":"https:\/\/www.europesays.com\/fr\/537283\/"},"modified":"2025-11-16T03:04:16","modified_gmt":"2025-11-16T03:04:16","slug":"apres-les-arbitres-luefa-sacharne-sur-marseille","status":"publish","type":"post","link":"https:\/\/www.europesays.com\/fr\/537283\/","title":{"rendered":"Apr\u00e8s les arbitres, l\u2019UEFA s\u2019acharne sur Marseille"},"content":{"rendered":"<p><b>Battu sur le fil par l\u2019Atalanta Bergame (0-1) le 5 novembre, l\u2019Olympique de Marseille n\u2019a pas seulement perdu des points en <a href=\"https:\/\/www.foot01.com\/ligue-des-champions\" title=\"Ligue des Champions\" target=\"_blank\" rel=\"noopener\">Ligue des Champions<\/a>. Cette rencontre va \u00e9galement co\u00fbter cher au club phoc\u00e9en sur le plan financier \u00e0 cause des amendes inflig\u00e9es par l\u2019UEFA.<\/b><a href=\"https:\/\/www.foot01.com\/equipe\/marseille\/\" target=\"_blank\" rel=\"noopener\">L\u2019Olympique de Marseille<\/a> et ses supporters s\u2019en souviendront longtemps. Sans forc\u00e9ment briller, les hommes de Roberto De Zerbi auraient pu arracher une victoire pr\u00e9cieuse contre l\u2019Atalanta Bergame en Ligue des Champions. Mais un fait de jeu avait finalement abouti \u00e0 une d\u00e9faite cruelle. On parle \u00e9videment de la main du Br\u00e9silien Ederson non sanctionn\u00e9e d\u2019un penalty, puis suivie quelques secondes plus tard par le but d\u00e9cisif de Lazar Samardzic.<\/p>\n<p>Ces points laiss\u00e9s en route pourraient manquer au classement final de la phase de ligue. Mais en attendant, cette rencontre va co\u00fbter cher au vice-champion de France sur le plan financier. Le comportement de son public et d\u2019un membre de son staff technique a effectivement incit\u00e9 l\u2019UEFA \u00e0 frapper fort. La commission de contr\u00f4le, d\u2019\u00e9thique et de discipline (CEDB) a rep\u00e9r\u00e9 cinq infractions marseillaises durant le match. Le m\u00e9dia Sportune commence par citer l\u2019allumage de fumig\u00e8nes qui provoque une premi\u00e8re amende \u00e0 35 000 euros, ainsi qu\u2019une fermeture partielle de la tribune Sud pour un match europ\u00e9en avec sursis.<\/p>\n<p><img decoding=\"async\" width=\"500\" height=\"280\" loading=\"lazy\" src=\"https:\/\/www.europesays.com\/fr\/wp-content\/uploads\/2025\/11\/l1-longoria-appelle-a-un-abonnement-massif-a-ligue-1-iconsport-265287-0104-397116.jpg@webp.webp\" class=\"w-auto h-auto\" alt=\"\"\/><\/p>\n<p>Il faut \u00e9galement ajouter 14 000 euros pour l\u2019utilisation de pointeurs lasers, 12 625 euros pour jets d\u2019objets, plus 10 000 euros suppl\u00e9mentaires \u00e0 cause de l\u2019obstruction des voies de circulation publiques. Ces quatre amendes font donc grimper la note \u00e0 71 625 euros ! Et comme si \u00e7a ne suffisait pas, le membre du staff technique Alexandre Salvat, sanctionn\u00e9 pour avoir insult\u00e9 ou tenu des propos d\u00e9plac\u00e9s envers un officiel de match, se voit suspendu pour deux matchs de comp\u00e9titions europ\u00e9ennes. L\u2019Olympique de Marseille s\u2019en serait bien pass\u00e9.<\/p>\n","protected":false},"excerpt":{"rendered":"Battu sur le fil par l\u2019Atalanta Bergame (0-1) le 5 novembre, l\u2019Olympique de Marseille n\u2019a pas seulement perdu&hellip;\n","protected":false},"author":2,"featured_media":537284,"comment_status":"","ping_status":"","sticky":false,"template":"","format":"standard","meta":{"footnotes":""},"categories":[2814],"tags":[1111,11,1777,674,1011,27,447,884,12,149,882,25],"class_list":{"0":"post-537283","1":"post","2":"type-post","3":"status-publish","4":"format-standard","5":"has-post-thumbnail","7":"category-marseille","8":"tag-actu","9":"tag-actualites","10":"tag-eu","11":"tag-europe","12":"tag-fr","13":"tag-france","14":"tag-ligue-des-champions","15":"tag-marseille","16":"tag-news","17":"tag-om","18":"tag-provence-alpes-cote-dazur","19":"tag-republique-francaise"},"share_on_mastodon":{"url":"https:\/\/pubeurope.com\/@fr\/115557162564872972","error":""},"_links":{"self":[{"href":"https:\/\/www.europesays.com\/fr\/wp-json\/wp\/v2\/posts\/537283","targetHints":{"allow":["GET"]}}],"collection":[{"href":"https:\/\/www.europesays.com\/fr\/wp-json\/wp\/v2\/posts"}],"about":[{"href":"https:\/\/www.europesays.com\/fr\/wp-json\/wp\/v2\/types\/post"}],"author":[{"embeddable":true,"href":"https:\/\/www.europesays.com\/fr\/wp-json\/wp\/v2\/users\/2"}],"replies":[{"embeddable":true,"href":"https:\/\/www.europesays.com\/fr\/wp-json\/wp\/v2\/comments?post=537283"}],"version-history":[{"count":0,"href":"https:\/\/www.europesays.com\/fr\/wp-json\/wp\/v2\/posts\/537283\/revisions"}],"wp:featuredmedia":[{"embeddable":true,"href":"https:\/\/www.europesays.com\/fr\/wp-json\/wp\/v2\/media\/537284"}],"wp:attachment":[{"href":"https:\/\/www.europesays.com\/fr\/wp-json\/wp\/v2\/media?parent=537283"}],"wp:term":[{"taxonomy":"category","embeddable":true,"href":"https:\/\/www.europesays.com\/fr\/wp-json\/wp\/v2\/categories?post=537283"},{"taxonomy":"post_tag","embeddable":true,"href":"https:\/\/www.europesays.com\/fr\/wp-json\/wp\/v2\/tags?post=537283"}],"curies":[{"name":"wp","href":"https:\/\/api.w.org\/{rel}","templated":true}]}}