{"id":537287,"date":"2025-11-16T03:06:36","date_gmt":"2025-11-16T03:06:36","guid":{"rendered":"https:\/\/www.europesays.com\/fr\/537287\/"},"modified":"2025-11-16T03:06:36","modified_gmt":"2025-11-16T03:06:36","slug":"lyon-le-celebre-comedien-lorant-deutsch-atomise-letendage-de-la-place-bellecour","status":"publish","type":"post","link":"https:\/\/www.europesays.com\/fr\/537287\/","title":{"rendered":"Lyon. Le c\u00e9l\u00e8bre com\u00e9dien Lorant Deutsch atomise \u00ab\u00a0l&rsquo;\u00e9tendage\u00a0\u00bb de la place Bellecour"},"content":{"rendered":"<p>                    Par<br \/>\n        <strong><br \/>\n            <a href=\"https:\/\/actu.fr\/auteur\/nicolas-zaugra\" title=\"Consulter tous les articles de Nicolas Zaugra\" target=\"_blank\" rel=\"noopener\">Nicolas Zaugra<\/a><br \/>\n                    <\/strong><\/p>\n<p>        Publi\u00e9 le<\/p>\n<p>            15 nov. 2025 \u00e0 6h02        <\/p>\n<p>L\u2019oeuvre artistique <a href=\"https:\/\/actu.fr\/auvergne-rhone-alpes\/lyon_69123\/lyon-l-oeuvre-polemique-de-bellecour-sabotee-une-enquete-ouverte-ce-que-l-on-sait_62935106.html\" target=\"_blank\" rel=\"noopener\">Tissage urbain<\/a> de la place Bellecour install\u00e9e cet \u00e9t\u00e9 <a href=\"https:\/\/actu.fr\/auvergne-rhone-alpes\/lyon_69123\/lyon-l-artiste-a-l-origine-de-l-oeuvre-place-bellecour-tres-emu-ca-cree-de-la-fraicheur_62901658.html\" target=\"_blank\" rel=\"noopener\">continue de faire parler<\/a> cinq mois apr\u00e8s. Le com\u00e9dien et animateur <a href=\"https:\/\/actu.fr\/nouvelle-aquitaine\/saintes_17415\/video-charente-maritime-lorant-deutsch-est-fascine-par-l-histoire-de-cette-commune_63027318.html\" target=\"_blank\" rel=\"noopener\">Lorant Deutsch<\/a> de passage \u00e0 <a href=\"https:\/\/actu.fr\/auvergne-rhone-alpes\/lyon_69123\" target=\"_blank\" rel=\"noopener\">Lyon<\/a> a d\u00e9molit l\u2019installation g\u00e9ante install\u00e9e sur la place historique du 2e arrondissement de Lyon. Sa vid\u00e9o moquant l\u2019installation qu\u2019il compare \u00e0 un \u00ab\u00a0\u00e9tendage\u00a0\u00bb.<\/p>\n<p class=\" wall-content\">\u00ab\u00a0Je suis <a href=\"https:\/\/actu.fr\/auvergne-rhone-alpes\/lyon_69123\/ztl-a-lyon-des-bouchons-monstres-agacent-les-automobilistes-a-bellecour-c-est-l-anarchie_62923264.html\" target=\"_blank\" rel=\"noopener\">place Bellecour<\/a> o\u00f9 les Lyonnais ont d\u00e9cid\u00e9 d\u2019y faire s\u00e9cher leurs draps. Je sais que Lyon c\u2019est la capitale des draps, du textile, des Canuts, la soie\u2026 Mais quand m\u00eame faire \u00e7a devant Louis XIV, je ne sais pas\u2026 Il y a a un truc qui burne !\u00a0\u00bb, s\u2019est amus\u00e9 l\u2019animateur de RTL passionn\u00e9 d\u2019histoire et de patrimoine. Une vid\u00e9o de quelques secondes, o\u00f9 il se filme devant en selfie, qui est d\u00e9j\u00e0 virale sur Instagram vue plus de 100 000 fois en quelques heures.\u00a0<\/p>\n<p>Une vid\u00e9o relay\u00e9e par Jean-Michel Aulas<\/p>\n<p class=\" wall-content\"><a href=\"https:\/\/www.instagram.com\/reel\/DRCTyXUiBI6\/embed\" title=\"Ouvrir le lien sur Instagram\" target=\"_blank\" rel=\"noopener\">Visualiser le contenu sur Instagram<\/a><\/p>\n<p class=\" wall-content\">Une vid\u00e9o opportun\u00e9ment relay\u00e9e par le candidat aux municipales <a href=\"https:\/\/actu.fr\/auvergne-rhone-alpes\/lyon_69123\/municipales-a-lyon-a-la-vogue-jean-michel-aulas-multiplie-les-tacles-a-gregory-doucet_63401402.html\" target=\"_blank\" rel=\"noopener\">Jean-Michel Aulas<\/a> qui est tr\u00e8s critique avec l\u2019installation port\u00e9e par le maire \u00e9cologiste <a href=\"https:\/\/actu.fr\/auvergne-rhone-alpes\/lyon_69123\/lyon-place-bellecour-pourquoi-le-maire-gregory-doucet-decoit-les-attentes_61857321.html\" target=\"_blank\" rel=\"noopener\">Gr\u00e9gory Doucet<\/a>. Le maire LR du 2e arrondissement Pierre Oliver et soutien d\u2019Aulas l\u2019a \u00e9galement relay\u00e9. L\u2019ancien patron de l\u2019OL s\u2019est content\u00e9 de ce commentaire en partageant la vid\u00e9o de Lorant Deutsch : \u00ab\u00a0Si seulement il n\u2019y avait que \u00e7a\u00a0\u00bb.<\/p>\n<p class=\" wall-content\">Personnalisez votre actualit\u00e9 en ajoutant vos villes et m\u00e9dias en favori avec <a href=\"https:\/\/moncompte.actu.fr\" title=\"D\u00e9couvez Mon Actu\" rel=\"nofollow noopener\" data-trk=\"{&quot;cta&quot;:{&quot;action&quot;:&quot;https:\\\/\\\/moncompte.actu.fr&quot;,&quot;category&quot;:&quot;mon compte&quot;,&quot;from&quot;:&quot;article footer&quot;,&quot;name&quot;:&quot;Mon actu&quot;,&quot;type&quot;:&quot;cta&quot;}}\" target=\"_blank\">Mon Actu<\/a>.<\/p>\n<p>                    <script async src=\"\/\/www.instagram.com\/embed.js\"><\/script><\/p>\n","protected":false},"excerpt":{"rendered":"Par Nicolas Zaugra Publi\u00e9 le 15 nov. 2025 \u00e0 6h02 L\u2019oeuvre artistique Tissage urbain de la place Bellecour&hellip;\n","protected":false},"author":2,"featured_media":537288,"comment_status":"","ping_status":"","sticky":false,"template":"","format":"standard","meta":{"footnotes":""},"categories":[1889],"tags":[1111,11,2430,5272,1777,674,1011,27,2428,12,25,104],"class_list":{"0":"post-537287","1":"post","2":"type-post","3":"status-publish","4":"format-standard","5":"has-post-thumbnail","7":"category-lyon","8":"tag-actu","9":"tag-actualites","10":"tag-auvergne-rhone-alpes","11":"tag-bellecour","12":"tag-eu","13":"tag-europe","14":"tag-fr","15":"tag-france","16":"tag-lyon","17":"tag-news","18":"tag-republique-francaise","19":"tag-societe"},"share_on_mastodon":{"url":"https:\/\/pubeurope.com\/@fr\/115557170143136598","error":""},"_links":{"self":[{"href":"https:\/\/www.europesays.com\/fr\/wp-json\/wp\/v2\/posts\/537287","targetHints":{"allow":["GET"]}}],"collection":[{"href":"https:\/\/www.europesays.com\/fr\/wp-json\/wp\/v2\/posts"}],"about":[{"href":"https:\/\/www.europesays.com\/fr\/wp-json\/wp\/v2\/types\/post"}],"author":[{"embeddable":true,"href":"https:\/\/www.europesays.com\/fr\/wp-json\/wp\/v2\/users\/2"}],"replies":[{"embeddable":true,"href":"https:\/\/www.europesays.com\/fr\/wp-json\/wp\/v2\/comments?post=537287"}],"version-history":[{"count":0,"href":"https:\/\/www.europesays.com\/fr\/wp-json\/wp\/v2\/posts\/537287\/revisions"}],"wp:featuredmedia":[{"embeddable":true,"href":"https:\/\/www.europesays.com\/fr\/wp-json\/wp\/v2\/media\/537288"}],"wp:attachment":[{"href":"https:\/\/www.europesays.com\/fr\/wp-json\/wp\/v2\/media?parent=537287"}],"wp:term":[{"taxonomy":"category","embeddable":true,"href":"https:\/\/www.europesays.com\/fr\/wp-json\/wp\/v2\/categories?post=537287"},{"taxonomy":"post_tag","embeddable":true,"href":"https:\/\/www.europesays.com\/fr\/wp-json\/wp\/v2\/tags?post=537287"}],"curies":[{"name":"wp","href":"https:\/\/api.w.org\/{rel}","templated":true}]}}