{"id":537291,"date":"2025-11-16T03:10:14","date_gmt":"2025-11-16T03:10:14","guid":{"rendered":"https:\/\/www.europesays.com\/fr\/537291\/"},"modified":"2025-11-16T03:10:14","modified_gmt":"2025-11-16T03:10:14","slug":"le-siege-de-rmc-bfm-a-paris-evacue-pendant-deux-heures-apres-une-alerte-a-la-bombe-actualites","status":"publish","type":"post","link":"https:\/\/www.europesays.com\/fr\/537291\/","title":{"rendered":"Le si\u00e8ge de RMC BFM \u00e0 Paris \u00e9vacu\u00e9 pendant deux heures apr\u00e8s une alerte \u00e0 la bombe : Actualit\u00e9s"},"content":{"rendered":"<p class=\"lead \">Les locaux du groupe RMC BFM dans le 15e arrondissement de Paris ont \u00e9t\u00e9 \u00e9vacu\u00e9s samedi et les directs des antennes interrompus plus de deux heures et demie en raison d&rsquo;une alerte \u00e0 la bombe finalement lev\u00e9e en fin d&rsquo;apr\u00e8s-midi, selon BFMTV.<\/p>\n<p class=\"lead \">\u00ab\u00a0L&rsquo;alerte a \u00e9t\u00e9 lev\u00e9e \u00e0 17H35\u00a0\u00bb, a indiqu\u00e9 la cha\u00eene d&rsquo;information en continu au moment de reprendre le direct, peu avant 18H00. <\/p>\n<p class=\"lead \">Cette interruption a \u00ab\u00a0fait suite \u00e0 une alerte \u00e0 la bombe qui a touch\u00e9 nos locaux en milieu de journ\u00e9e, une alerte prise au s\u00e9rieux lors de cette semaine tr\u00e8s sensible de comm\u00e9moration des attentats du 13-Novembre\u00a0\u00bb, a expliqu\u00e9 la pr\u00e9sentatrice Karine de M\u00e9nonville. <\/p>\n<p class=\"lead \">En plateau, le journaliste du service police-justice de la cha\u00eene, Paul Conge, a pr\u00e9cis\u00e9 que les locaux avaient \u00e9t\u00e9 \u00e9vacu\u00e9s autour de 15H20 \u00ab\u00a0apr\u00e8s la r\u00e9ception par la police parisienne d&rsquo;un message mena\u00e7ant dans lequel un individu anonyme affirme avoir d\u00e9pos\u00e9 des engins explosifs dans les locaux et menac\u00e9 de faire sauter le b\u00e2timent\u00a0\u00bb.<\/p>\n<p class=\"lead \">La police s&rsquo;\u00e9tait rendue sur place avec des chiens d\u00e9tecteurs d&rsquo;explosifs, avait auparavant indiqu\u00e9 une source polici\u00e8re \u00e0 l&rsquo;AFP.<\/p>\n<p class=\"lead \">Le directeur g\u00e9n\u00e9ral de BFMTV Fabien Namias a parl\u00e9 d&rsquo;un \u00ab\u00a0\u00e9v\u00e9nement rarissime\u00a0\u00bb et s&rsquo;est excus\u00e9 aupr\u00e8s des t\u00e9l\u00e9spectateurs. <\/p>\n<p class=\"lead \">\u00ab\u00a0Il n&rsquo;\u00e9tait pas question &#8211; \u00e0 partir du moment o\u00f9 il y avait une alerte de cette nature &#8211; de faire courir le moindre risque aux \u00e9quipes de BFMTV. On ne pouvait donc pas assurer la continuit\u00e9 de l&rsquo;antenne\u00a0\u00bb, a-t-il expliqu\u00e9.<\/p>\n<p class=\"lead \">Le direct de la cha\u00eene avait \u00e9t\u00e9 interrompu \u00e0 la fin de la premi\u00e8re partie du journal pour laisser place \u00e0 de la publicit\u00e9 puis \u00e0 des documentaires.<\/p>\n<p class=\"lead \">\u00ab\u00a0Le groupe RMC BFM engagera les poursuites judiciaires appropri\u00e9es\u00a0\u00bb, a-t-il indiqu\u00e9 dans un communiqu\u00e9 en d\u00e9but de soir\u00e9e. <\/p>\n<p class=\"lead \">La direction du groupe \u00ab\u00a0d\u00e9nonce avec la plus grande fermet\u00e9 cet acte malveillant intol\u00e9rable\u00a0\u00bb, ajoute-t-elle.<\/p>\n<p class=\"lead \">\u00ab\u00a0Nos locaux ont \u00e9t\u00e9 \u00e9vacu\u00e9s suite \u00e0 une alerte de s\u00e9curit\u00e9. Les forces de l&rsquo;ordre sont sur place pour mener les v\u00e9rifications\u00a0\u00bb, avaient annonc\u00e9 vers 16H30 la radio RMC et BFMTV sur le r\u00e9seau social X. \u00ab\u00a0Nos programmes sont temporairement perturb\u00e9s sur l&rsquo;ensemble des antennes RMC BFM. Nos \u00e9quipes se mobilisent pour un retour \u00e0 l&rsquo;antenne au plus vite\u00a0\u00bb.<\/p>\n<p class=\"lead \">Selon les journalistes de BFMTV, la r\u00e9daction du journal La Tribune, \u00e9galement propri\u00e9t\u00e9 du groupe CMA CGM et install\u00e9e dans les m\u00eames locaux que BFMTV et RMC, a \u00e9galement \u00e9t\u00e9 \u00e9vacu\u00e9e. <\/p>\n<p class=\"small font-weight-bold text-gray3 \"> publi\u00e9 le 15 novembre \u00e0 20h09, AFP<\/p>\n<p>                             Partager<\/p>\n","protected":false},"excerpt":{"rendered":"Les locaux du groupe RMC BFM dans le 15e arrondissement de Paris ont \u00e9t\u00e9 \u00e9vacu\u00e9s samedi et les&hellip;\n","protected":false},"author":2,"featured_media":537292,"comment_status":"","ping_status":"","sticky":false,"template":"","format":"standard","meta":{"footnotes":""},"categories":[1888],"tags":[1111,1928,11,1927,1777,674,1011,27,9555,12,1926,626,1925,1072,25,9556],"class_list":{"0":"post-537291","1":"post","2":"type-post","3":"status-publish","4":"format-standard","5":"has-post-thumbnail","7":"category-paris","8":"tag-actu","9":"tag-actu-paris","10":"tag-actualites","11":"tag-actualites-paris","12":"tag-eu","13":"tag-europe","14":"tag-fr","15":"tag-france","16":"tag-mdias","17":"tag-news","18":"tag-news-paris","19":"tag-paris","20":"tag-paris-news","21":"tag-police","22":"tag-republique-francaise","23":"tag-tlvision"},"share_on_mastodon":{"url":"https:\/\/pubeurope.com\/@fr\/115557185861938487","error":""},"_links":{"self":[{"href":"https:\/\/www.europesays.com\/fr\/wp-json\/wp\/v2\/posts\/537291","targetHints":{"allow":["GET"]}}],"collection":[{"href":"https:\/\/www.europesays.com\/fr\/wp-json\/wp\/v2\/posts"}],"about":[{"href":"https:\/\/www.europesays.com\/fr\/wp-json\/wp\/v2\/types\/post"}],"author":[{"embeddable":true,"href":"https:\/\/www.europesays.com\/fr\/wp-json\/wp\/v2\/users\/2"}],"replies":[{"embeddable":true,"href":"https:\/\/www.europesays.com\/fr\/wp-json\/wp\/v2\/comments?post=537291"}],"version-history":[{"count":0,"href":"https:\/\/www.europesays.com\/fr\/wp-json\/wp\/v2\/posts\/537291\/revisions"}],"wp:featuredmedia":[{"embeddable":true,"href":"https:\/\/www.europesays.com\/fr\/wp-json\/wp\/v2\/media\/537292"}],"wp:attachment":[{"href":"https:\/\/www.europesays.com\/fr\/wp-json\/wp\/v2\/media?parent=537291"}],"wp:term":[{"taxonomy":"category","embeddable":true,"href":"https:\/\/www.europesays.com\/fr\/wp-json\/wp\/v2\/categories?post=537291"},{"taxonomy":"post_tag","embeddable":true,"href":"https:\/\/www.europesays.com\/fr\/wp-json\/wp\/v2\/tags?post=537291"}],"curies":[{"name":"wp","href":"https:\/\/api.w.org\/{rel}","templated":true}]}}