{"id":537295,"date":"2025-11-16T03:12:20","date_gmt":"2025-11-16T03:12:20","guid":{"rendered":"https:\/\/www.europesays.com\/fr\/537295\/"},"modified":"2025-11-16T03:12:20","modified_gmt":"2025-11-16T03:12:20","slug":"maison-ladenac-entre-parfums-et-art","status":"publish","type":"post","link":"https:\/\/www.europesays.com\/fr\/537295\/","title":{"rendered":"Maison Ladenac : entre parfums et art"},"content":{"rendered":"<p> Pour la premi\u00e8re fois en France, Ladenac a pr\u00e9sent\u00e9 sa nouvelle collection Signature Parfum lors d\u2019une soir\u00e9e exclusive au Legacy Store Paris avant-hier. Entre parfums d\u2019int\u00e9rieur et parfums pour le corps, Fresh Mag a pu d\u00e9couvrir ces tr\u00e9sors olfactifs.<\/p>\n<p><img loading=\"lazy\" data-lazyloaded=\"1\" decoding=\"async\" aria-describedby=\"caption-attachment-56747\" class=\"wp-image-56747 \" src=\"https:\/\/www.europesays.com\/fr\/wp-content\/uploads\/2025\/11\/Capture-decran-2025-11-15-182700-300x224.png\" alt=\"\" width=\"546\" height=\"408\"  data-\/><\/p>\n<p id=\"caption-attachment-56747\" class=\"wp-caption-text\">Les parfums d\u2019int\u00e9rieur.<\/p>\n<p>R\u00e9compens\u00e9e par le Prix du Meilleur Parfum d\u2019Int\u00e9rieur 2025 d\u00e9cern\u00e9 par l\u2019Acad\u00e9mie du Parfum, la Maison Ladenac, espagnole, s\u2019impose aujourd\u2019hui comme l\u2019un des acteurs incontournables de la haute parfumerie d\u2019int\u00e9rieur. Mais ses parfums pour le corps savent tout autant nous s\u00e9duire.<\/p>\n<blockquote><p><strong>\u00ab\u00a0J\u2019imagine d\u2019abord le flacon, et \u00e0 partir de celui-ci va na\u00eetre une histoire olfactive qui puisera dans mon v\u00e9cu, notamment des odeurs de mon enfance. Mes cr\u00e9ations sont de niches et tr\u00e8s personnels.\u00a0\u00bb \u2013 Patrick Douenat<\/strong><\/p><\/blockquote>\n<p><img data-lazyloaded=\"1\" loading=\"lazy\" decoding=\"async\" aria-describedby=\"caption-attachment-56744\" class=\"wp-image-56744 \" src=\"https:\/\/www.europesays.com\/fr\/wp-content\/uploads\/2025\/11\/Capture-decran-2025-11-15-182738-203x300.png\" alt=\"\" width=\"374\" height=\"553\"  data-\/><\/p>\n<p id=\"caption-attachment-56744\" class=\"wp-caption-text\">Patrick Douenat, cr\u00e9ateur de Ladenac. N\u00e9 \u00e0 Trinidad, d\u2019origine franco-russe, Patrick Douenat s\u2019est impos\u00e9 comme une r\u00e9f\u00e9rence internationale dans le monde de la parfumerie de luxe<\/p>\n<p><strong>Racines, raffinement, unicit\u00e9<\/strong><\/p>\n<p>Fond\u00e9e par Patrick Douenat, Ladenac d\u00e9fend une approche du parfum qui c\u00e9l\u00e8bre le savoir-faire artisanal tout en explorant de nouveaux territoires olfactifs et visuels, une approche \u00e0 la fronti\u00e8re entre tradition familiale et avant-gardisme.<\/p>\n<p>Le cr\u00e9ateur ayant grandi entre Trinidad, la France, l\u2019Italie, et \u00e9tant un globe trotter, il s\u2019inspire des odeurs de son enfance : \u00e9pices, oc\u00e9an ou encore pluie tropicale ; m\u00e9l\u00e9es \u00e0 d\u2019autres odeurs culturelles qui l\u2019ont touch\u00e9 \u00e0 un moment de sa vie.<\/p>\n<p><img data-lazyloaded=\"1\" loading=\"lazy\" decoding=\"async\" aria-describedby=\"caption-attachment-56748\" class=\"wp-image-56748 \" src=\"https:\/\/www.europesays.com\/fr\/wp-content\/uploads\/2025\/11\/Capture-decran-2025-11-15-190616-242x300.png\" alt=\"\" width=\"432\" height=\"536\"  data-\/><\/p>\n<p id=\"caption-attachment-56748\" class=\"wp-caption-text\">\u00ab\u00a0Cryog\u00e9ne Code\u00a0\u00bb (corps)<\/p>\n<p>On a ainsi d\u00e9couvert le \u00ab\u00a0Septis\u2077\u00a0\u00bb inspir\u00e9 du Japon et de son traditionnel Wasabi, ou encore \u00ab\u00a0Iceon\u00a0\u00bb,\u00a0 un parfum glac\u00e9e mais toujours avec une note ensoleill\u00e9 de l\u2019enfance du cr\u00e9ateur gr\u00e2ce \u00e0 \u00ab\u00a0l\u2019or rouge\u00a0\u00bb : le safran. Ce sont huit nouveaux parfums qui ont \u00e9t\u00e9 pr\u00e9sent\u00e9s pour cette nouvelle collection.<\/p>\n<p><img data-lazyloaded=\"1\" loading=\"lazy\" decoding=\"async\" aria-describedby=\"caption-attachment-56741\" class=\"wp-image-56741 \" src=\"https:\/\/www.europesays.com\/fr\/wp-content\/uploads\/2025\/11\/Capture-decran-2025-11-15-184142-241x300.png\" alt=\"\" width=\"424\" height=\"528\"  data-\/><\/p>\n<p id=\"caption-attachment-56741\" class=\"wp-caption-text\">\u00ab\u00a0Septis\u2077\u00a0\u00bb (corps)<\/p>\n<p><img data-lazyloaded=\"1\" loading=\"lazy\" decoding=\"async\" aria-describedby=\"caption-attachment-56742\" class=\"wp-image-56742\" src=\"https:\/\/www.europesays.com\/fr\/wp-content\/uploads\/2025\/11\/Capture-decran-2025-11-15-184755-241x300.png\" alt=\"\" width=\"434\" height=\"540\"  data-\/><\/p>\n<p id=\"caption-attachment-56742\" class=\"wp-caption-text\">\u00ab\u00a0Iceon\u00a0\u00bb (corps)<\/p>\n<p><strong>L\u2019int\u00e9rieur devient un volcan olfactif<\/strong><\/p>\n<p>N\u00e9e du d\u00e9sir de cr\u00e9er une exp\u00e9rience olfactive aussi esth\u00e9tique que sensorielle, la maison se distingue par ses cr\u00e9ations sculpturales \u2013 bougies, parfums et diffuseurs \u2013 fa\u00e7onn\u00e9es \u00e0 la main en Espagne \u00e0 partir de mati\u00e8res nobles et d\u2019ingr\u00e9dients rares.<\/p>\n<p><img data-lazyloaded=\"1\" loading=\"lazy\" decoding=\"async\" class=\" wp-image-56743 aligncenter\" src=\"https:\/\/www.europesays.com\/fr\/wp-content\/uploads\/2025\/11\/Capture-decran-2025-11-15-182712-213x300.png\" alt=\"\" width=\"350\" height=\"493\"  data-\/><\/p>\n<p>Infos pratiques :<br \/>\nSite web de Ladenac : <a href=\"https:\/\/www.ladenac.com\/fr-FR\/?srsltid=AfmBOoqCkusbrYb3W-ICrA_zyAj9MQ6P6wzPmoGhz7Oilpg6OwPxKBzO\" target=\"_blank\" rel=\"noopener\">ladenac.com<\/a><\/p>\n","protected":false},"excerpt":{"rendered":"Pour la premi\u00e8re fois en France, Ladenac a pr\u00e9sent\u00e9 sa nouvelle collection Signature Parfum lors d\u2019une soir\u00e9e exclusive&hellip;\n","protected":false},"author":2,"featured_media":537296,"comment_status":"","ping_status":"","sticky":false,"template":"","format":"standard","meta":{"footnotes":""},"categories":[1888],"tags":[11,1777,674,1011,27,985,12,15830,2298,626,25,6720],"class_list":{"0":"post-537295","1":"post","2":"type-post","3":"status-publish","4":"format-standard","5":"has-post-thumbnail","7":"category-paris","8":"tag-actualites","9":"tag-eu","10":"tag-europe","11":"tag-fr","12":"tag-france","13":"tag-mode","14":"tag-news","15":"tag-noel","16":"tag-parfum","17":"tag-paris","18":"tag-republique-francaise","19":"tag-shopping"},"share_on_mastodon":{"url":"https:\/\/pubeurope.com\/@fr\/115557194860592052","error":""},"_links":{"self":[{"href":"https:\/\/www.europesays.com\/fr\/wp-json\/wp\/v2\/posts\/537295","targetHints":{"allow":["GET"]}}],"collection":[{"href":"https:\/\/www.europesays.com\/fr\/wp-json\/wp\/v2\/posts"}],"about":[{"href":"https:\/\/www.europesays.com\/fr\/wp-json\/wp\/v2\/types\/post"}],"author":[{"embeddable":true,"href":"https:\/\/www.europesays.com\/fr\/wp-json\/wp\/v2\/users\/2"}],"replies":[{"embeddable":true,"href":"https:\/\/www.europesays.com\/fr\/wp-json\/wp\/v2\/comments?post=537295"}],"version-history":[{"count":0,"href":"https:\/\/www.europesays.com\/fr\/wp-json\/wp\/v2\/posts\/537295\/revisions"}],"wp:featuredmedia":[{"embeddable":true,"href":"https:\/\/www.europesays.com\/fr\/wp-json\/wp\/v2\/media\/537296"}],"wp:attachment":[{"href":"https:\/\/www.europesays.com\/fr\/wp-json\/wp\/v2\/media?parent=537295"}],"wp:term":[{"taxonomy":"category","embeddable":true,"href":"https:\/\/www.europesays.com\/fr\/wp-json\/wp\/v2\/categories?post=537295"},{"taxonomy":"post_tag","embeddable":true,"href":"https:\/\/www.europesays.com\/fr\/wp-json\/wp\/v2\/tags?post=537295"}],"curies":[{"name":"wp","href":"https:\/\/api.w.org\/{rel}","templated":true}]}}