{"id":537307,"date":"2025-11-16T03:18:13","date_gmt":"2025-11-16T03:18:13","guid":{"rendered":"https:\/\/www.europesays.com\/fr\/537307\/"},"modified":"2025-11-16T03:18:13","modified_gmt":"2025-11-16T03:18:13","slug":"entre-fierte-et-regrets-les-lions-rouges-amortissent-le-choc-de-leur-rencontre-avec-lallemagne","status":"publish","type":"post","link":"https:\/\/www.europesays.com\/fr\/537307\/","title":{"rendered":"Entre fiert\u00e9 et regrets, les Lions Rouges amortissent le choc de leur rencontre avec l\u2019Allemagne"},"content":{"rendered":"<p class=\"Paragraph_paragraph__nQNQ9 Paragraph_paragraph--default-lg-default__2m2_h articleParagraph\">Les murs ont trembl\u00e9 \u00e0 la mi-temps de ce Luxembourg &#8211; Allemagne. Pas ceux du vestiaire local, mais bien ceux d\u2019en face. \u00abCe qui s\u2019est dit dans le vestiaire restera dans le vestiaire\u00bb, expliquait le gardien Oliver Baumann \u00e0 l\u2019issue du duel. \u00abLe Luxembourg a tr\u00e8s bien jou\u00e9 pendant une demi-heure et nous a pos\u00e9 des probl\u00e8mes. On a eu du mal mais on m\u00e9rite notre victoire par rapport \u00e0 la physionomie du match. Nick Woltemade a fait une super prestation, dans la continuit\u00e9 de ce qu\u2019il fait \u00e0 Newcastle. Je n\u2019ai pas \u00e9t\u00e9 surpris du pressing haut des Luxembourgeois, on sait comment ils jouent m\u00eame si \u00e0 l\u2019aller c\u2019\u00e9tait diff\u00e9rent\u00bb, expliquait le s\u00e9lectionneur visiteur Julian Nagelsmann.<\/p>\n<p>Jeff Strasser pas du tout frustr\u00e9<\/p>\n<p class=\"Paragraph_paragraph__nQNQ9 Paragraph_paragraph--default-lg-default__2m2_h articleParagraph\">On n\u2019ira pas jusqu\u2019\u00e0 dire que les Aigles ont dout\u00e9, mais ils n\u2019en menaient pas large au terme des 45 premi\u00e8res minutes. Le match nul \u00e9tait m\u00eame flatteur. Le Luxembourg avait os\u00e9 l\u2019effet de surprise. Ce fut presque payant. \u00abJe suis fier de notre prestation et pas du tout frustr\u00e9 de ce r\u00e9sultat contre une \u00e9quipe comme l\u2019Allemagne\u00bb, confessait Jeff Strasser qui commentait la prestation de Christopher Martins qu\u2019il avait plac\u00e9 assez haut sur son \u00e9chiquier. \u00abJe pense que le positionner un cran plus haut que son poste de sentinelle habituel peut apporter quelque chose \u00e0 l\u2019\u00e9quipe. Dans son club du Spartak Moscou, il est souvent dans ce r\u00f4le-l\u00e0\u00bb.<\/p>\n<p><a href=\"https:\/\/www.virgule.lu\/sports\/le-luxembourg-seduit-mais-sincline-contre-lallemagne\/105222492.html\" class=\"RelatedTeaser_related-teaser__pNEhJ RelatedTeaser_related-teaser--image__dk4DP read-more_withImage__1YJa_\" data-article-id=\"105222492\" rel=\"nofollow noopener\" target=\"_blank\"><\/p>\n<p>Lire aussi :Le Luxembourg s\u00e9duit mais s\u2019incline contre l\u2019Allemagne<\/p>\n<p><\/a><\/p>\n<p class=\"Paragraph_paragraph__nQNQ9 Paragraph_paragraph--default-lg-default__2m2_h articleParagraph\">Les satisfactions \u00e9taient nombreuses dans le camp grand-ducal, mais la palme revenait \u00e0 la charni\u00e8re centrale compos\u00e9e de Seid Korac et de Dirk Carlson. \u00abJe suis tr\u00e8s fier de cette \u00e9quipe. La seule chose qui nous manque, c\u2019est la r\u00e9ussite devant le but adverse\u00bb, confessait le d\u00e9fenseur de Sankt P\u00f6lten, qui fut le grand bonhomme du match. \u00abCe fut peut-\u00eatre la meilleure mi-temps de ma carri\u00e8re chez les Lions Rouges. D\u2019un point de vue collectif aussi, ce fut solide. On peut b\u00e2tir quelque chose \u00e0 partir de cette prestation. J\u2019ai un bon feeling pour le futur. La malchance nous accompagne un peu durant cette campagne, mais il faut garder le positif.\u00bb<\/p>\n<blockquote class=\"Quote_quote__blockquote___DBUi\">\n<p class=\"Quote_quote__paragraph__WpKsp\">On se procure deux ou trois bonnes occasions mais on ne concr\u00e9tise pas.\u00a0<\/p>\n<\/blockquote>\n<p>Dirk Carlson<\/p>\n<p class=\"Paragraph_paragraph__nQNQ9 Paragraph_paragraph--default-lg-default__2m2_h articleParagraph\">Les joueurs de Jeff Strasser sentent aussi cette liesse populaire qui les pousse m\u00eame si <a class=\"LinkText_link-text__lvGzt annotation-link_annotationLink__nXU8B\" href=\"https:\/\/www.wort.lu\/sport\/dirk-carlson-taille-patron-christopher-martins-seme-la-pagaille\/105236305.html\" target=\"_blank\" rel=\"noFollow nofollow noopener\">les r\u00e9sultats ne suivent pas pour l\u2019instant<\/a> et que la perspective d\u2019une campagne sans point se pr\u00e9cise. \u00abOui, c\u2019est le petit truc qui m\u2019\u00e9nerve. On se procure deux ou trois bonnes occasions mais on ne concr\u00e9tise pas. On a aussi l\u2019occasion de revenir au score d\u00e8s qu\u2019on encaisse, mais \u00e7a ne passe pas.\u00bb<\/p>\n<p>Les espaces fatals <\/p>\n<p class=\"Paragraph_paragraph__nQNQ9 Paragraph_paragraph--default-lg-default__2m2_h articleParagraph\">La suite fut plus difficile avec une d\u00e9bauche d\u2019\u00e9nergie XXL. \u00abOui, c\u2019\u00e9tait un match de tr\u00e8s haut niveau. Il y avait beaucoup de courses. Eux font des changements et tu vois des gros calibres entrer. M\u00eame si, \u00e0 la pause, on \u00e9tait persuad\u00e9s de pouvoir signer un r\u00e9sultat en continuant de la sorte, les espaces se sont cr\u00e9\u00e9s \u00e0 0-1 et la fatigue se fait sentir. Mais \u00e7a fait partie du jeu. Ce fut une belle exp\u00e9rience. On grandit comme \u00e9quipe m\u00eame si je ne suis pas content avec ce r\u00e9sultat.\u00bb<\/p>\n<blockquote class=\"Quote_quote__blockquote___DBUi\">\n<p class=\"Quote_quote__paragraph__WpKsp\">Dans le football de haut niveau, quand tu ne marques pas face \u00e0 une telle \u00e9quipe, tu te fais sanctionner.<\/p>\n<\/blockquote>\n<p>Greuther F\u00fcrth<\/p>\n<p class=\"Paragraph_paragraph__nQNQ9 Paragraph_paragraph--default-lg-default__2m2_h articleParagraph\">Mathias Olesen \u00e9tait aussi partag\u00e9 apr\u00e8s avoir disput\u00e9 son 35e match sous le maillot de la s\u00e9lection. \u00abC\u2019est difficile de donner un sentiment g\u00e9n\u00e9ral. On signe une tr\u00e8s bonne premi\u00e8re mi-temps avec un pressing qui fonctionne et des occasions qui se pr\u00e9sentent devant le but adverse.\u00bb<\/p>\n<p><a href=\"https:\/\/www.virgule.lu\/sports\/le-jour-ou-le-luxembourg-a-fait-trembler-lallemagne\/103927419.html\" class=\"RelatedTeaser_related-teaser__pNEhJ RelatedTeaser_related-teaser--image__dk4DP read-more_withImage__1YJa_\" data-article-id=\"103927419\" rel=\"nofollow noopener\" target=\"_blank\"><\/p>\n<p>Lire aussi :Le jour o\u00f9 le Luxembourg a fait trembler l\u2019Allemagne<\/p>\n<p><\/a><\/p>\n<p class=\"Paragraph_paragraph__nQNQ9 Paragraph_paragraph--default-lg-default__2m2_h articleParagraph\">Le milieu de terrain de Greuther F\u00fcrth, positionn\u00e9 \u00e0 la r\u00e9cup\u00e9ration devant la charni\u00e8re centrale, conna\u00eet ses classiques. \u00abDans le football de haut niveau, quand tu ne marques pas face \u00e0 une telle \u00e9quipe, tu te fais sanctionner. D\u2019autant que la d\u00e9bauche d\u2019\u00e9nergie fut impressionnante en premi\u00e8re p\u00e9riode. Mais je retiens que notre plan a bien fonctionn\u00e9 et que les Allemands ont \u00e9prouv\u00e9 des difficult\u00e9s \u00e0 ressortir le ballon de l\u2019arri\u00e8re.\u00bb<\/p>\n<p class=\"Paragraph_paragraph__nQNQ9 Paragraph_paragraph--default-lg-default__2m2_h articleParagraph\">Si une d\u00e9faite peut renvoyer des ondes positives, elle doit \u00eatre dig\u00e9r\u00e9e d\u2019un point de vue physique avant de livrer un nouveau gros combat \u00e0 Belfast lundi pour cl\u00f4turer cette campagne. Si l\u2019Irlande du Nord n\u2019a plus rien \u00e0 gagner non plus dans ces \u00e9liminatoires apr\u00e8s sa d\u00e9faite en Slovaquie, elle mettra un point d\u2019honneur \u00e0 soigner sa sortie devant son public. Avec le c\u00f4t\u00e9 athl\u00e9tique qui la caract\u00e9rise.<\/p>\n","protected":false},"excerpt":{"rendered":"Les murs ont trembl\u00e9 \u00e0 la mi-temps de ce Luxembourg &#8211; Allemagne. Pas ceux du vestiaire local, mais&hellip;\n","protected":false},"author":2,"featured_media":537308,"comment_status":"","ping_status":"","sticky":false,"template":"","format":"standard","meta":{"footnotes":""},"categories":[1587],"tags":[11,672,1804,1805,1803,1777,674,1801,12,1802],"class_list":{"0":"post-537307","1":"post","2":"type-post","3":"status-publish","4":"format-standard","5":"has-post-thumbnail","7":"category-allemagne","8":"tag-actualites","9":"tag-allemagne","10":"tag-bundesrepublik-deutschland","11":"tag-de","12":"tag-deutschland","13":"tag-eu","14":"tag-europe","15":"tag-germany","16":"tag-news","17":"tag-republique-federale-dallemagne"},"share_on_mastodon":{"url":"https:\/\/pubeurope.com\/@fr\/115557217385993501","error":""},"_links":{"self":[{"href":"https:\/\/www.europesays.com\/fr\/wp-json\/wp\/v2\/posts\/537307","targetHints":{"allow":["GET"]}}],"collection":[{"href":"https:\/\/www.europesays.com\/fr\/wp-json\/wp\/v2\/posts"}],"about":[{"href":"https:\/\/www.europesays.com\/fr\/wp-json\/wp\/v2\/types\/post"}],"author":[{"embeddable":true,"href":"https:\/\/www.europesays.com\/fr\/wp-json\/wp\/v2\/users\/2"}],"replies":[{"embeddable":true,"href":"https:\/\/www.europesays.com\/fr\/wp-json\/wp\/v2\/comments?post=537307"}],"version-history":[{"count":0,"href":"https:\/\/www.europesays.com\/fr\/wp-json\/wp\/v2\/posts\/537307\/revisions"}],"wp:featuredmedia":[{"embeddable":true,"href":"https:\/\/www.europesays.com\/fr\/wp-json\/wp\/v2\/media\/537308"}],"wp:attachment":[{"href":"https:\/\/www.europesays.com\/fr\/wp-json\/wp\/v2\/media?parent=537307"}],"wp:term":[{"taxonomy":"category","embeddable":true,"href":"https:\/\/www.europesays.com\/fr\/wp-json\/wp\/v2\/categories?post=537307"},{"taxonomy":"post_tag","embeddable":true,"href":"https:\/\/www.europesays.com\/fr\/wp-json\/wp\/v2\/tags?post=537307"}],"curies":[{"name":"wp","href":"https:\/\/api.w.org\/{rel}","templated":true}]}}