{"id":537311,"date":"2025-11-16T03:20:21","date_gmt":"2025-11-16T03:20:21","guid":{"rendered":"https:\/\/www.europesays.com\/fr\/537311\/"},"modified":"2025-11-16T03:20:21","modified_gmt":"2025-11-16T03:20:21","slug":"au-parlement-europeen-une-alliance-des-droites-pour-vider-le-pacte-vert-de-sa-substance","status":"publish","type":"post","link":"https:\/\/www.europesays.com\/fr\/537311\/","title":{"rendered":"Au Parlement europ\u00e9en, une alliance des droites pour vider le Pacte vert de sa substance"},"content":{"rendered":"\n<p>C\u2019est \u201cle signal le plus fort jusqu\u2019\u00e0 pr\u00e9sent du virage \u00e0 droite de l\u2019Union europ\u00e9enne sur le climat, d\u2019une politique ambitieuse \u00e0 la d\u00e9r\u00e9gulation\u201d, <a class=\"ithalc\" data-ithal=\"lien_externe\" data-ithalc=\"[nav_article]\" target=\"_blank\" href=\"https:\/\/www.ft.com\/content\/387db1b7-e1b5-409a-81ca-4cc1132670a6\" rel=\"noopener\">\u00e9crit le <strong>Financial Times<\/strong><\/a> dans le titre d\u2019un ses articles. Jeudi 13\u00a0novembre, le Parlement europ\u00e9en a adopt\u00e9 la r\u00e9vision de deux directives majeures de la loi communautaire sur l\u2019environnement, celle sur le reporting de durabilit\u00e9 et celle sur le devoir de vigilance des entreprises. La premi\u00e8re implique que les entreprises doivent publier des rapports sur la durabilit\u00e9 de leurs activit\u00e9s, tandis que la seconde les oblige \u00e0 pr\u00e9venir les effets n\u00e9gatifs de leurs activit\u00e9s sur les droits humains et l\u2019environnement.<\/p>\n<p>Les ambitions de ces deux textes ont donc \u00e9t\u00e9 revues \u00e0 la baisse avec la suppression de certaines obligations ou la limitation du nombre de firmes concern\u00e9es. La cons\u00e9quence d\u2019une alliance entre la droite traditionnelle, incarn\u00e9e par le Parti populaire europ\u00e9en (PPE), et les divers groupes d\u2019extr\u00eame droite, \u00e0 commencer par celui des Patriotes pour l\u2019Europe. \u201cCe vote est per\u00e7u comme la preuve formelle que le \u2018cordon sanitaire\u2019 destin\u00e9 \u00e0 emp\u00eacher les forces d\u2019extr\u00eame droite de fa\u00e7onner les politiques europ\u00e9ennes ne fonctionne plus\u201d, ajoute le quotidien britannique.<\/p>\n<p>\u201cLe vote [du jeudi 13\u00a0novembre] au Parlement europ\u00e9en [\u2026] vide <\/p>\n","protected":false},"excerpt":{"rendered":"C\u2019est \u201cle signal le plus fort jusqu\u2019\u00e0 pr\u00e9sent du virage \u00e0 droite de l\u2019Union europ\u00e9enne sur le climat,&hellip;\n","protected":false},"author":2,"featured_media":537312,"comment_status":"","ping_status":"","sticky":false,"template":"","format":"standard","meta":{"footnotes":""},"categories":[1586],"tags":[11,1129,1777,674,1779,6429,1011,27,12,32836,316,25,17345,1778,364,2475],"class_list":{"0":"post-537311","1":"post","2":"type-post","3":"status-publish","4":"format-standard","5":"has-post-thumbnail","7":"category-europe","8":"tag-actualites","9":"tag-climat","10":"tag-eu","11":"tag-europe","12":"tag-european-union","13":"tag-extru00eame-droite","14":"tag-fr","15":"tag-france","16":"tag-news","17":"tag-parlement-europu00e9en","18":"tag-politique","19":"tag-republique-francaise","20":"tag-sciences-et-environnement","21":"tag-ue","22":"tag-union-europeenne","23":"tag-union-europu00e9enne"},"share_on_mastodon":{"url":"https:\/\/pubeurope.com\/@fr\/115557225271906591","error":""},"_links":{"self":[{"href":"https:\/\/www.europesays.com\/fr\/wp-json\/wp\/v2\/posts\/537311","targetHints":{"allow":["GET"]}}],"collection":[{"href":"https:\/\/www.europesays.com\/fr\/wp-json\/wp\/v2\/posts"}],"about":[{"href":"https:\/\/www.europesays.com\/fr\/wp-json\/wp\/v2\/types\/post"}],"author":[{"embeddable":true,"href":"https:\/\/www.europesays.com\/fr\/wp-json\/wp\/v2\/users\/2"}],"replies":[{"embeddable":true,"href":"https:\/\/www.europesays.com\/fr\/wp-json\/wp\/v2\/comments?post=537311"}],"version-history":[{"count":0,"href":"https:\/\/www.europesays.com\/fr\/wp-json\/wp\/v2\/posts\/537311\/revisions"}],"wp:featuredmedia":[{"embeddable":true,"href":"https:\/\/www.europesays.com\/fr\/wp-json\/wp\/v2\/media\/537312"}],"wp:attachment":[{"href":"https:\/\/www.europesays.com\/fr\/wp-json\/wp\/v2\/media?parent=537311"}],"wp:term":[{"taxonomy":"category","embeddable":true,"href":"https:\/\/www.europesays.com\/fr\/wp-json\/wp\/v2\/categories?post=537311"},{"taxonomy":"post_tag","embeddable":true,"href":"https:\/\/www.europesays.com\/fr\/wp-json\/wp\/v2\/tags?post=537311"}],"curies":[{"name":"wp","href":"https:\/\/api.w.org\/{rel}","templated":true}]}}