{"id":537315,"date":"2025-11-16T03:22:21","date_gmt":"2025-11-16T03:22:21","guid":{"rendered":"https:\/\/www.europesays.com\/fr\/537315\/"},"modified":"2025-11-16T03:22:21","modified_gmt":"2025-11-16T03:22:21","slug":"en-letat-des-debats-le-deficit-serait-aux-alentours-de-5-en-2026-alerte-amelie-de-montchalin","status":"publish","type":"post","link":"https:\/\/www.europesays.com\/fr\/537315\/","title":{"rendered":"En l\u2019\u00e9tat des d\u00e9bats, le d\u00e9ficit serait \u00ab\u00a0aux alentours de 5\u00a0%\u00a0\u00bb en\u00a02026, alerte Am\u00e9lie de\u00a0Montchalin"},"content":{"rendered":"<p>Une mauvaise nouvelle pour la dette fran\u00e7aise. Dans une interview donn\u00e9e \u00e0 nos confr\u00e8res du <a href=\"https:\/\/www.leparisien.fr\/politique\/amelie-de-montchalin-il-y-aura-une-suspension-de-la-reforme-des-retraites-sil-y-a-un-vote-sur-le-budget-15-11-2025-SFLL427GFBD3FCBON466LOKPUA.php\" rel=\"nofollow noopener\" target=\"_blank\" class=\"c-link c-link--is-underlined\">Parisien<\/a> ce samedi, <a href=\"https:\/\/www.20minutes.fr\/politique\/amelie-montchalin\/\" class=\"c-link c-link--is-underlined\" rel=\"nofollow noopener\" target=\"_blank\">Am\u00e9lie de\u00a0Montchalin<\/a>, Ministre charg\u00e9e des Comptes publics, indique que le d\u00e9ficit public atteindrait \u00ab\u00a0aux alentours de 5\u00a0% du <a href=\"https:\/\/www.20minutes.fr\/economie\/pib\/\" class=\"c-link c-link--is-underlined\" rel=\"nofollow noopener\" target=\"_blank\">PIB<\/a>\u00a0\u00bb en\u00a02026 \u00e0 ce stade des d\u00e9bats budg\u00e9taires.<\/p>\n<p>\u00ab\u00a0On est aux alentours de 5\u00a0% du PIB alors qu\u2019on devrait \u00eatre sous les 5\u00a0%\u00a0\u00bb, a d\u00e9clar\u00e9 la ministre, interrog\u00e9e sur le niveau du d\u00e9ficit en l\u2019\u00e9tat actuel des d\u00e9bats parlementaires sur le projet de <a href=\"https:\/\/www.20minutes.fr\/economie\/budget\/\" class=\"c-link c-link--is-underlined\" rel=\"nofollow noopener\" target=\"_blank\">budget pour\u00a02026<\/a>. \u00ab\u00a0Notre objectif reste 4,7\u00a0%. Ce n\u2019est pas un f\u00e9tichisme\u00a0!\u00a0\u00bb, a-t-elle ajout\u00e9.<\/p>\n<p>Objectif 4,7\u00a0%<\/p>\n<p>\u00ab\u00a0Tous les efforts qu\u2019on ne fera pas en\u00a02026, il faudra les r\u00e9aliser en\u00a02027, 2028 ou 2029. Il faut arr\u00eater d\u2019augmenter la dette, et ce au plus vite, car elle g\u00e9n\u00e8re des charges d\u2019int\u00e9r\u00eat, \u00e0 hauteur de 74\u00a0milliards d\u2019euros en\u00a02026\u00a0\u00bb, a poursuivi la ministre, avant de lancer \u00ab\u00a0aux d\u00e9put\u00e9s\u00a0: le d\u00e9ficit ne va pas dispara\u00eetre par magie\u00a0\u00bb.<\/p>\n<\/p>\n<p>Le gouvernement souhaite ramener le d\u00e9ficit public \u00e0 4,7\u00a0% du produit int\u00e9rieur brut, contre 5,4\u00a0% pr\u00e9vus en\u00a02025.<\/p>\n<p>Concernant le budget de la S\u00e9curit\u00e9 sociale, l\u2019objectif de 17,5\u00a0milliards d\u2019euros de d\u00e9ficit, initialement fix\u00e9 par le gouvernement, est largement d\u00e9pass\u00e9 apr\u00e8s le passage du texte \u00e0 l\u2019Assembl\u00e9e.<\/p>\n<p>\u00ab\u00a0Difficile d\u2019imaginer qu\u2019on puisse d\u00e9geler toutes les retraites et toutes les prestations sociales\u00a0\u00bb<\/p>\n<p>Selon le ministre du Travail Jean-Pierre Farandou, il serait sup\u00e9rieur \u00e0 24\u00a0milliards d\u2019euros, une estimation partag\u00e9e par les services de l\u2019Assembl\u00e9e comme du S\u00e9nat.<\/p>\n<p>\u00ab\u00a0Il est impossible d\u2019imaginer\u00a0\u00bb qu\u2019il soit \u00ab\u00a0au-dessus des 20\u00a0milliards d\u2019euros\u00a0\u00bb, a pr\u00e9venu Am\u00e9lie de\u00a0Montchalin, estimant notamment \u00ab\u00a0difficile d\u2019imaginer qu\u2019on puisse d\u00e9geler toutes les retraites et toutes les prestations sociales\u00a0\u00bb.<\/p>\n<p>L\u2019Assembl\u00e9e nationale a supprim\u00e9 mercredi en premi\u00e8re lecture, \u00e0 une large majorit\u00e9, l\u2019article qui pr\u00e9voyait le gel des pensions de retraite et des prestations sociales, habituellement index\u00e9es sur l\u2019inflation, une mesure qui repr\u00e9sentait 3,6\u00a0milliards d\u2019euros d\u2019\u00e9conomies.<\/p>\n<p>Am\u00e9lie de\u00a0Montchalin s\u2019oppose \u00e0 S\u00e9bastien Lecornu<\/p>\n<p>Fin octobre, le Premier ministre S\u00e9bastien Lecornu s\u2019\u00e9tait dit \u00ab\u00a0favorable \u00e0 regarder\u00a0\u00bb des amendements venant \u00ab\u00a0d\u00e9geler les pensions de retraite\u00a0\u00bb de notre pays (et des) minimas sociaux\u00a0\u00bb. Mais Am\u00e9lie de\u00a0Montchalin s\u2019\u00e9tait d\u00e9j\u00e0 prononc\u00e9e mercredi contre une suppression de l\u2019ensemble de la mesure, \u00e9voquant par exemple un maintien du \u00ab\u00a0gel des allocations familiales pour les foyers les plus ais\u00e9s\u00a0\u00bb.<\/p>\n<p>Globalement, \u00ab\u00a0en dehors des amendements contraires aux droits europ\u00e9en et international\u00a0\u00bb, la copie sur le budget \u00ab\u00a0va dans la bonne voie sur certains sujets\u00a0\u00bb mais doit \u00eatre \u00ab\u00a0encore \u00e9quilibr\u00e9e\u00a0\u00bb, a estim\u00e9 la ministre samedi.<\/p>\n<p>\u00ab\u00a0Il n\u2019y a pas d\u2019entourloupe\u00a0!\u00a0\u00bb<\/p>\n<p>Malgr\u00e9 des d\u00e9lais tr\u00e8s serr\u00e9s, l\u2019Assembl\u00e9e ne si\u00e9gera pas ce week-end, et le budget de l\u2019Etat risque d\u2019\u00eatre transmis au S\u00e9nat sans vote sur l\u2019ensemble du texte, comme celui de la S\u00e9cu mercredi, faute de temps.<\/p>\n<p><a href=\"https:\/\/www.20minutes.fr\/economie\/\" class=\"c-link c-btn c-btn--primary\" rel=\"nofollow noopener\" target=\"_blank\">Retrouvez ici toute l&rsquo;actualit\u00e9 \u00e9conomique<\/a><\/p>\n<p>Interrog\u00e9e sur une \u00e9ventuelle strat\u00e9gie d\u00e9lib\u00e9r\u00e9e du gouvernement de retarder les d\u00e9bats, la ministre a fustig\u00e9 des \u00ab\u00a0intox lanc\u00e9es par certains de nos opposants\u00a0\u00bb, avec \u00ab\u00a0une dose de complotisme\u00a0\u00bb.<\/p>\n<p>\u00ab\u00a0Il n\u2019y a pas d\u2019entourloupe\u00a0!\u00a0\u00bb, a-t-elle affirm\u00e9, assurant qu&rsquo; \u00ab\u00a0aucune ordonnance n\u2019est en cours d\u2019\u00e9criture \u00e0 Bercy\u00a0\u00bb et esp\u00e9rant un compromis.<\/p>\n","protected":false},"excerpt":{"rendered":"Une mauvaise nouvelle pour la dette fran\u00e7aise. Dans une interview donn\u00e9e \u00e0 nos confr\u00e8res du Parisien ce samedi,&hellip;\n","protected":false},"author":2,"featured_media":537316,"comment_status":"","ping_status":"","sticky":false,"template":"","format":"standard","meta":{"footnotes":""},"categories":[2],"tags":[47,11,13850,14846,1003,33,1011,27,32208,12,25,11067,731],"class_list":{"0":"post-537315","1":"post","2":"type-post","3":"status-publish","4":"format-standard","5":"has-post-thumbnail","7":"category-actualites","8":"tag-actualite","9":"tag-actualites","10":"tag-amelie-de-montchalin","11":"tag-bercy","12":"tag-budget","13":"tag-economie","14":"tag-fr","15":"tag-france","16":"tag-ministre-du-travail","17":"tag-news","18":"tag-republique-francaise","19":"tag-sebastien-lecornu","20":"tag-securite-sociale"},"share_on_mastodon":{"url":"https:\/\/pubeurope.com\/@fr\/115557233093666631","error":""},"_links":{"self":[{"href":"https:\/\/www.europesays.com\/fr\/wp-json\/wp\/v2\/posts\/537315","targetHints":{"allow":["GET"]}}],"collection":[{"href":"https:\/\/www.europesays.com\/fr\/wp-json\/wp\/v2\/posts"}],"about":[{"href":"https:\/\/www.europesays.com\/fr\/wp-json\/wp\/v2\/types\/post"}],"author":[{"embeddable":true,"href":"https:\/\/www.europesays.com\/fr\/wp-json\/wp\/v2\/users\/2"}],"replies":[{"embeddable":true,"href":"https:\/\/www.europesays.com\/fr\/wp-json\/wp\/v2\/comments?post=537315"}],"version-history":[{"count":0,"href":"https:\/\/www.europesays.com\/fr\/wp-json\/wp\/v2\/posts\/537315\/revisions"}],"wp:featuredmedia":[{"embeddable":true,"href":"https:\/\/www.europesays.com\/fr\/wp-json\/wp\/v2\/media\/537316"}],"wp:attachment":[{"href":"https:\/\/www.europesays.com\/fr\/wp-json\/wp\/v2\/media?parent=537315"}],"wp:term":[{"taxonomy":"category","embeddable":true,"href":"https:\/\/www.europesays.com\/fr\/wp-json\/wp\/v2\/categories?post=537315"},{"taxonomy":"post_tag","embeddable":true,"href":"https:\/\/www.europesays.com\/fr\/wp-json\/wp\/v2\/tags?post=537315"}],"curies":[{"name":"wp","href":"https:\/\/api.w.org\/{rel}","templated":true}]}}