{"id":537319,"date":"2025-11-16T03:26:14","date_gmt":"2025-11-16T03:26:14","guid":{"rendered":"https:\/\/www.europesays.com\/fr\/537319\/"},"modified":"2025-11-16T03:26:14","modified_gmt":"2025-11-16T03:26:14","slug":"malmene-par-le-japon-le-pays-de-galles-simpose-grace-a-une-penalite-apres-la-sirene-lequipe","status":"publish","type":"post","link":"https:\/\/www.europesays.com\/fr\/537319\/","title":{"rendered":"Malmen\u00e9 par le Japon, le pays de Galles s&#039;impose gr\u00e2ce \u00e0 une p\u00e9nalit\u00e9 apr\u00e8s la sir\u00e8ne &#8211; L&#039;\u00c9quipe"},"content":{"rendered":"<ol>\n<li><a href=\"https:\/\/news.google.com\/rss\/articles\/CBMizAFBVV95cUxQdjdoOG5TTENXM0lRT2RZZEtKeW1zRm4xSmRtekVHdDhqdEo3SkZveUtxQWFaN0NiNmppNjJVUmVCUTRhbWFYaVZhSlJwaWNPa3IzaXRGS2tjSzY0Ym9xMmJtOVRVbmJhLXRLWHpvVHNYaGJMUzJOV2NRMHdqZ3ZoOEdQakNHLVlLTHh0c2xmMjlOYTlsd1FtOE9UeElMSXp4SUtkQWFyR0MyU1FBSHVGd2dWejN6QWUybnBDLVFLQlBoQTEyYlY1M0U4TEI?oc=5\" target=\"_blank\" rel=\"nofollow noopener\">Malmen\u00e9 par le Japon, le pays de Galles s&rsquo;impose gr\u00e2ce \u00e0 une p\u00e9nalit\u00e9 apr\u00e8s la sir\u00e8ne<\/a>&nbsp;&nbsp;L&rsquo;\u00c9quipe<\/li>\n<li><a href=\"https:\/\/news.google.com\/rss\/articles\/CBMiwwFBVV95cUxORHd5RlowVkhpRU5xaVAzc2JPc0tkSWxab200MjlqbnJwcEFEc0dLMk4tT0R1M2xIMmh5NzJMTHdrZVpUZWRkd0hsOVQ3YmFkcVBXSVJBN2Vid09vdUh4RzFmcmI2VVlwZklGVjNNa09INHk0Tm4yRnBId1BuRUZfdG5ZY2hqa25yNEVMRF90YXRPTjlKR0d1aE5lR1FQUGctRkVNV1FNN3JZTnVERzhCMGY5VHFObG1qY0Rua0RNcnJCSkk?oc=5\" target=\"_blank\" rel=\"nofollow noopener\">Tourn\u00e9e d\u2019automne 2025 \u2013 Les Gallois ont fr\u00f4l\u00e9 la catastrophe face aux Japonais<\/a>&nbsp;&nbsp;Rugbyrama<\/li>\n<li><a href=\"https:\/\/news.google.com\/rss\/articles\/CBMisgFBVV95cUxQRmd1MlhwVFFJQTFQSXZPcGpScmRJMmZfSzVrSUlkc2FGUnhrR0pTZnNJcVljY1Nsb0JPRGhnUVVnYjAyQi01U3pUVGdmcWtMM0I0UlRoQWJoOEFlazl2cGpQa1NGLXdJTDZTSFUyY0Z0YTZDUXpBdWRfSUxQVTE0MDlTRTcxN1R5QzJfRXNBZm9tWXBabXBXbDVSNmc5QTZIZUtDaUI3eGJWNzRvVmZSZWNn?oc=5\" target=\"_blank\" rel=\"nofollow noopener\">Rugby : le Pays de Galles s\u2019impose au bout du suspense face au Japon<\/a>&nbsp;&nbsp;Le Figaro<\/li>\n<li><a href=\"https:\/\/news.google.com\/rss\/articles\/CBMi4wFBVV95cUxQeXJfUlkxcmVMcE4yVnNhR3lkakM4VlJweEUtb1ZrWHhfVnVkOHdkcWctNHl0SnF4RjBRMEdiMlpGTE0tcnlzV2tXaGdsaE1MdWg0eUtISEttejdqRXoyTjk2YnVmVzM3M19xRUswdmhrLW9ra2ltcTJwZ2hLTVg4Q0tnRm5FaGJsZkxKMGx6R3BxMmYtZUpQLVVBcDRod1ZHXzVnZnpHaEN5dXlabU1IYkstSVhZaXFaczRXMzAzbGZGVUVHMVRITTc0UzNjTzhYQTVJXzg0TzZsVFplVTZTVVZkbw?oc=5\" target=\"_blank\" rel=\"nofollow noopener\">Autumn Nations Series : Le Pays de Galles s&rsquo;impose \u00e0 la sir\u00e8ne contre le Japon !<\/a>&nbsp;&nbsp;Sports &#8211; Orange<\/li>\n<li><a href=\"https:\/\/news.google.com\/rss\/articles\/CBMihwJBVV95cUxQWmctTmFEUzhaQ1k0ay04eWlSZlE4QVZXRmVZM01kQUU2WnVtNVY2OWpKYUhLS2ZKb3hUbUstRjU2ckd2akxwYnhvUWo5QmMxdFl2dnZyNnNhTExIVGVZdXc5WWI5X0JDTEM3OWlqRW5kWGtqRElIZnAzQTZrcm5VQzRtQWZnb2E1bEN5My1pQXN0MElkSHJTdjd4SFlnTk5RYkE2N1FMckt2ZlZ0X1Jjb2xXdGZ6aGRfaHRpZVJHb1huUzJZZ281LUt3U2xrMzFGOFZZalZsZ25HTkJTVW1QbHBpZFhHNDRfLTB0cnFicjZrc1Q2cmFJdGJpajNvcjhqYjlmd0dGOA?oc=5\" target=\"_blank\" rel=\"nofollow noopener\">Si laborieux, si heureux : les Gallois l&#8217;emportent \u00e0 la derni\u00e8re seconde<\/a>&nbsp;&nbsp;Eurosport<\/li>\n<\/ol>\n","protected":false},"excerpt":{"rendered":"Malmen\u00e9 par le Japon, le pays de Galles s&rsquo;impose gr\u00e2ce \u00e0 une p\u00e9nalit\u00e9 apr\u00e8s la sir\u00e8ne&nbsp;&nbsp;L&rsquo;\u00c9quipe Tourn\u00e9e d\u2019automne&hellip;\n","protected":false},"author":2,"featured_media":537320,"comment_status":"","ping_status":"","sticky":false,"template":"","format":"standard","meta":{"footnotes":""},"categories":[1416],"tags":[1011,27,479,1468,60],"class_list":{"0":"post-537319","1":"post","2":"type-post","3":"status-publish","4":"format-standard","5":"has-post-thumbnail","7":"category-rugby","8":"tag-fr","9":"tag-france","10":"tag-rugby","11":"tag-rugby-football","12":"tag-sports"},"share_on_mastodon":{"url":"https:\/\/pubeurope.com\/@fr\/115557248855232194","error":""},"_links":{"self":[{"href":"https:\/\/www.europesays.com\/fr\/wp-json\/wp\/v2\/posts\/537319","targetHints":{"allow":["GET"]}}],"collection":[{"href":"https:\/\/www.europesays.com\/fr\/wp-json\/wp\/v2\/posts"}],"about":[{"href":"https:\/\/www.europesays.com\/fr\/wp-json\/wp\/v2\/types\/post"}],"author":[{"embeddable":true,"href":"https:\/\/www.europesays.com\/fr\/wp-json\/wp\/v2\/users\/2"}],"replies":[{"embeddable":true,"href":"https:\/\/www.europesays.com\/fr\/wp-json\/wp\/v2\/comments?post=537319"}],"version-history":[{"count":0,"href":"https:\/\/www.europesays.com\/fr\/wp-json\/wp\/v2\/posts\/537319\/revisions"}],"wp:featuredmedia":[{"embeddable":true,"href":"https:\/\/www.europesays.com\/fr\/wp-json\/wp\/v2\/media\/537320"}],"wp:attachment":[{"href":"https:\/\/www.europesays.com\/fr\/wp-json\/wp\/v2\/media?parent=537319"}],"wp:term":[{"taxonomy":"category","embeddable":true,"href":"https:\/\/www.europesays.com\/fr\/wp-json\/wp\/v2\/categories?post=537319"},{"taxonomy":"post_tag","embeddable":true,"href":"https:\/\/www.europesays.com\/fr\/wp-json\/wp\/v2\/tags?post=537319"}],"curies":[{"name":"wp","href":"https:\/\/api.w.org\/{rel}","templated":true}]}}