{"id":537321,"date":"2025-11-16T03:27:21","date_gmt":"2025-11-16T03:27:21","guid":{"rendered":"https:\/\/www.europesays.com\/fr\/537321\/"},"modified":"2025-11-16T03:27:21","modified_gmt":"2025-11-16T03:27:21","slug":"portrait-florent-le-speaker-de-lavenir-valencien-est-aussi-un-champion-de-tennis","status":"publish","type":"post","link":"https:\/\/www.europesays.com\/fr\/537321\/","title":{"rendered":"PORTRAIT. Florent, le speaker de l\u2019Avenir Valencien est aussi un champion de tennis"},"content":{"rendered":"<p>\n                                                                    l&rsquo;essentiel<br \/>\n                                                                Florent Bongiovanni, aur\u00e9ol\u00e9 d\u2019un deuxi\u00e8me titre de champion de France de tennis amateur, est aussi speaker pour des \u00e9v\u00e9nements sportifs locaux, et m\u00eame pour un d\u00e9fil\u00e9 de mode. Les jours de match de l\u2019Avenir valencien au stade Evelyne-Jean-Baylet, c\u2019est lui qui est au micro.\n                            <\/p>\n<p>Le Tennis Club des Deux-Rives fait parler de lui avec ses brillants r\u00e9sultats dont le dernier en date, ces 23 et 24\u00a0octobre au Cap d\u2019Agde, pour la grande finale de la National Tennis Cup, le plus grand tournoi amateur du monde.<\/p>\n<p>Les Valenciens ont ramen\u00e9 deux titres de champion de France par Laurent Ar\u00e8s et Florent Bongiovanni. Ce dernier, \u00e2g\u00e9 de 25 ans, a touch\u00e9 sa premi\u00e8re raquette \u00e0 l\u2019\u00e2ge de 8 ans \u00e0 Valence-d\u2019Agen, et il a suivi durant plusieurs ann\u00e9es une courbe ascendante.<\/p>\n<p>Depuis cinq ans maintenant, s\u2019il est toujours joueur, il est \u00e9galement l\u2019entra\u00eeneur principal du club, et chaque ann\u00e9e il accompagne une vingtaine de jeunes \u00e0 ce rendez-vous auquel il participe sur les courts.<\/p>\n<blockquote>\n<p>\u00ab\u00a0Mon quart de finale s\u2019est disput\u00e9 sous la temp\u00eate, on avait des rafales de vent \u00e0 plus de 100\u00a0km\/h et le match a \u00e9t\u00e9 un petit peu rocambolesque.\u00a0\u00bb<\/p>\n<\/blockquote>\n<p>Class\u00e9 15\/4, le jeune professeur a r\u00e9ussi un beau parcours mais difficile au Cap d\u2019Agde. \u00ab\u00a0Les premiers matchs ont \u00e9t\u00e9 tr\u00e8s durs, les surfaces ne sont pas les m\u00eames que celles de Valence\u00a0: l\u00e0-bas, nous avions des rev\u00eatements en moquettes, terre battue, green\u2026, t\u00e9moigne le champion. Mon quart de finale s\u2019est disput\u00e9 sous la temp\u00eate, on avait des rafales de vent \u00e0 plus de 100\u00a0km\/h et le match a \u00e9t\u00e9 un petit peu rocambolesque. Mais \u00e0 part \u00e7a, on a v\u00e9cu une bonne semaine\u00a0!\u00a0\u00bb<\/p>\n<p>Dans sa cat\u00e9gorie de 15\/4, ils \u00e9taient 110 joueurs en lice. Le Valencien a remport\u00e9 la finale et son deuxi\u00e8me titre de champion de France.<\/p>\n<p>Au stade Evelyne-Jean-Baylet, tout le monde joue le jeu<\/p>\n<p>Mais au-del\u00e0 du tennis, Florian poss\u00e8de d\u2019autres passions. En particulier celle de faire des commentaires dans un micro, comme les reporters radio ou TV. Il a d\u00e9couvert \u00e7a il y a sept ou huit ans, lors d\u2019une course de v\u00e9lo o\u00f9 il manquait un speaker. Et puis, de fil en aiguille, il a continu\u00e9 et cette saison il est pr\u00e9sent au stade Evelyne-Jean-Baylet, sur le bord de la touche, pour animer les rencontres de rugby de l\u2019Avenir valencien rugby.<\/p>\n<p>Le rugby, il le suit depuis 2007-2008 \u00e0 Valence, et cela faisait d\u00e9j\u00e0 un bon moment qu\u2019il voulait tenter cette nouvelle exp\u00e9rience\u00a0: commenter micro en main un match. Et \u00e7a se passe bien. Tr\u00e8s \u00e0 l\u2019aise sur le bord de la pelouse, il fait \u00ab\u00a0monter la sauce\u00a0\u00bb avec les supporters. Les premiers temps furent timides du c\u00f4t\u00e9 de la tribune, mais maintenant tout le monde joue le jeu.<\/p>\n<p>        <img decoding=\"async\" class=\"std-img__img responsive-img\" src=\"https:\/\/www.europesays.com\/fr\/wp-content\/uploads\/2025\/11\/1763263641_939_image.jpg\" alt=\"Avec le micro au cours du d\u00e9fil\u00e9 de mode de vendredi soir, au hall Jean-Baylet \u00e0 Valence-d\u2019Agen.\"\/><\/p>\n<p>                Avec le micro au cours du d\u00e9fil\u00e9 de mode de vendredi soir, au hall Jean-Baylet \u00e0 Valence-d\u2019Agen.<br \/>\n                                    DDM &#8211; Michel BONY<\/p>\n<p>Plus que le rugby avec l\u2019Avenir valencien, il anime aussi des courses de v\u00e9lo et, pas plus tard qu\u2019hier soir, samedi 15\u00a0novembre, la Coupe de France de football \u00e0 Golfech. Vendredi dernier, il s\u2019est m\u00eame lanc\u00e9 dans un autre domaine, celui d\u2019un d\u00e9fil\u00e9 de mode, \u00e0 la demande de l\u2019AC2R, l\u2019association des commer\u00e7ants et artisans des Deux-Rives.<\/p>\n<p>Au final, pour sa premi\u00e8re, la mission fut accomplie avec un talent et une maturit\u00e9 certains. Il a re\u00e7u de nombreuses f\u00e9licitations de la part des organisateurs.<\/p>\n","protected":false},"excerpt":{"rendered":"l&rsquo;essentiel Florent Bongiovanni, aur\u00e9ol\u00e9 d\u2019un deuxi\u00e8me titre de champion de France de tennis amateur, est aussi speaker pour&hellip;\n","protected":false},"author":2,"featured_media":537322,"comment_status":"","ping_status":"","sticky":false,"template":"","format":"standard","meta":{"footnotes":""},"categories":[1415],"tags":[1011,27,60,1467],"class_list":{"0":"post-537321","1":"post","2":"type-post","3":"status-publish","4":"format-standard","5":"has-post-thumbnail","7":"category-tennis","8":"tag-fr","9":"tag-france","10":"tag-sports","11":"tag-tennis"},"share_on_mastodon":{"url":"https:\/\/pubeurope.com\/@fr\/115557253430107885","error":""},"_links":{"self":[{"href":"https:\/\/www.europesays.com\/fr\/wp-json\/wp\/v2\/posts\/537321","targetHints":{"allow":["GET"]}}],"collection":[{"href":"https:\/\/www.europesays.com\/fr\/wp-json\/wp\/v2\/posts"}],"about":[{"href":"https:\/\/www.europesays.com\/fr\/wp-json\/wp\/v2\/types\/post"}],"author":[{"embeddable":true,"href":"https:\/\/www.europesays.com\/fr\/wp-json\/wp\/v2\/users\/2"}],"replies":[{"embeddable":true,"href":"https:\/\/www.europesays.com\/fr\/wp-json\/wp\/v2\/comments?post=537321"}],"version-history":[{"count":0,"href":"https:\/\/www.europesays.com\/fr\/wp-json\/wp\/v2\/posts\/537321\/revisions"}],"wp:featuredmedia":[{"embeddable":true,"href":"https:\/\/www.europesays.com\/fr\/wp-json\/wp\/v2\/media\/537322"}],"wp:attachment":[{"href":"https:\/\/www.europesays.com\/fr\/wp-json\/wp\/v2\/media?parent=537321"}],"wp:term":[{"taxonomy":"category","embeddable":true,"href":"https:\/\/www.europesays.com\/fr\/wp-json\/wp\/v2\/categories?post=537321"},{"taxonomy":"post_tag","embeddable":true,"href":"https:\/\/www.europesays.com\/fr\/wp-json\/wp\/v2\/tags?post=537321"}],"curies":[{"name":"wp","href":"https:\/\/api.w.org\/{rel}","templated":true}]}}