{"id":537329,"date":"2025-11-16T03:34:31","date_gmt":"2025-11-16T03:34:31","guid":{"rendered":"https:\/\/www.europesays.com\/fr\/537329\/"},"modified":"2025-11-16T03:34:31","modified_gmt":"2025-11-16T03:34:31","slug":"a-la-mep-le-jeune-prodige-afro-americain-de-la-photo-tyler-mitchell-eblouit","status":"publish","type":"post","link":"https:\/\/www.europesays.com\/fr\/537329\/","title":{"rendered":"\u00c0 la MEP, le jeune prodige afro-am\u00e9ricain de la photo Tyler Mitchell \u00e9blouit"},"content":{"rendered":"<p class=\"editor-content__paragraph\">\u00c0 tout juste 30\u00a0ans, il est <strong>le photographe que tout le monde s\u2019arrache<\/strong>. Les cr\u00e9ateurs et les magazines de mode, aupr\u00e8s desquels le<strong> jeune prodige<\/strong> a d\u2019abord forg\u00e9 sa solide r\u00e9putation, mais aussi les collectionneurs \u2013 lors de l\u2019\u00e9dition 2024\u00a0de Paris Photo, il a partag\u00e9 les cimaises du stand de la galerie Gagosian avec (excusez du peu) Richard Avedon \u2013, et enfin les mus\u00e9es.<\/p>\n<p class=\"editor-content__paragraph editor-content__paragraph--is-hidden\">En t\u00e9moigne l\u2019exposition que lui consacre jusqu\u2019au 25\u00a0janvier 2026\u00a0la <strong>Maison europ\u00e9enne de la photographie<\/strong> \u2013 laquelle, avant de faire escale \u00e0 Paris, est pass\u00e9e par le C\/O \u00e0 Berlin, le Finnish Museum of Photography \u00e0 Helsinki, et Photo \u00c9lys\u00e9e \u00e0 Lausanne. Ce<strong> remarquable engouement<\/strong> s\u2019accompagne de la publication d\u2019une <strong>superbe monographie<\/strong> chez Aperture (pour la version anglaise) et aux \u00e9ditions EXB (pour la version fran\u00e7aise).<\/p>\n<p>            <strong>Continuez votre lecture<\/strong><\/p>\n<p>\n                et acc\u00e9dez \u00e0 Beaux Arts Magazine<br \/>et \u00e0 tous les contenus web<br \/><strong>en illimit\u00e9 \u00e0 partir de 5,75\u20ac \/ mois<\/strong>\n            <\/p>\n<p class=\"cta-abonnement__log-in\">\n        D\u00e9j\u00e0 abonn\u00e9 ?        <a data-id=\"aHR0cHM6Ly93d3cuYmVhdXhhcnRzLmNvbS9tb24tY29tcHRlLw==\">Connectez-vous<\/a>\n    <\/p>\n<p>            <img data-vllblanksrc=\"https:\/\/www.beauxarts.com\/expos\/le-jeune-prodige-de-la-photo-tyler-mitchell-nous-eblouit-a-la-mep\/1\" data-vllsrc=\"https:\/\/www.europesays.com\/fr\/wp-content\/uploads\/2025\/11\/couv-bam-497-1-232x300.png\" alt=\"\"\/><img data-vllblanksrc=\"https:\/\/www.beauxarts.com\/expos\/le-jeune-prodige-de-la-photo-tyler-mitchell-nous-eblouit-a-la-mep\/1\" data-vllsrc=\"https:\/\/www.europesays.com\/fr\/wp-content\/uploads\/2025\/09\/couv-bam-496-232x300.png\" alt=\"\"\/>        <\/p>\n","protected":false},"excerpt":{"rendered":"\u00c0 tout juste 30\u00a0ans, il est le photographe que tout le monde s\u2019arrache. Les cr\u00e9ateurs et les magazines&hellip;\n","protected":false},"author":2,"featured_media":537330,"comment_status":"","ping_status":"","sticky":false,"template":"","format":"standard","meta":{"footnotes":""},"categories":[1358],"tags":[1396,1348,1384,1385,1386,58,59,1011,27,29189,1756,65630],"class_list":{"0":"post-537329","1":"post","2":"type-post","3":"status-publish","4":"format-standard","5":"has-post-thumbnail","7":"category-arts-et-design","8":"tag-art-contemporain","9":"tag-arts","10":"tag-arts-and-design","11":"tag-arts-et-design","12":"tag-design","13":"tag-divertissement","14":"tag-entertainment","15":"tag-fr","16":"tag-france","17":"tag-maison-europeenne-de-la-photographie-paris","18":"tag-photographie","19":"tag-tyler-mitchell"},"share_on_mastodon":{"url":"https:\/\/pubeurope.com\/@fr\/115557280162863638","error":""},"_links":{"self":[{"href":"https:\/\/www.europesays.com\/fr\/wp-json\/wp\/v2\/posts\/537329","targetHints":{"allow":["GET"]}}],"collection":[{"href":"https:\/\/www.europesays.com\/fr\/wp-json\/wp\/v2\/posts"}],"about":[{"href":"https:\/\/www.europesays.com\/fr\/wp-json\/wp\/v2\/types\/post"}],"author":[{"embeddable":true,"href":"https:\/\/www.europesays.com\/fr\/wp-json\/wp\/v2\/users\/2"}],"replies":[{"embeddable":true,"href":"https:\/\/www.europesays.com\/fr\/wp-json\/wp\/v2\/comments?post=537329"}],"version-history":[{"count":0,"href":"https:\/\/www.europesays.com\/fr\/wp-json\/wp\/v2\/posts\/537329\/revisions"}],"wp:featuredmedia":[{"embeddable":true,"href":"https:\/\/www.europesays.com\/fr\/wp-json\/wp\/v2\/media\/537330"}],"wp:attachment":[{"href":"https:\/\/www.europesays.com\/fr\/wp-json\/wp\/v2\/media?parent=537329"}],"wp:term":[{"taxonomy":"category","embeddable":true,"href":"https:\/\/www.europesays.com\/fr\/wp-json\/wp\/v2\/categories?post=537329"},{"taxonomy":"post_tag","embeddable":true,"href":"https:\/\/www.europesays.com\/fr\/wp-json\/wp\/v2\/tags?post=537329"}],"curies":[{"name":"wp","href":"https:\/\/api.w.org\/{rel}","templated":true}]}}