{"id":537333,"date":"2025-11-16T03:37:13","date_gmt":"2025-11-16T03:37:13","guid":{"rendered":"https:\/\/www.europesays.com\/fr\/537333\/"},"modified":"2025-11-16T03:37:13","modified_gmt":"2025-11-16T03:37:13","slug":"dans-ma-tete-jai-20-ans-et-toujours-des-projets-a-la-pelle","status":"publish","type":"post","link":"https:\/\/www.europesays.com\/fr\/537333\/","title":{"rendered":"Dans ma t\u00eate, j&rsquo;ai 20 ans et toujours des projets \u00e0 la pelle !"},"content":{"rendered":"<p>                    Par<br \/>\n        <strong><br \/>\n            <a href=\"https:\/\/actu.fr\/auteur\/redaction-actu\" title=\"Consulter tous les articles de R\u00e9daction Actu\" target=\"_blank\" rel=\"noopener\">R\u00e9daction Actu<\/a><br \/>\n                    <\/strong><\/p>\n<p>        Publi\u00e9 le<\/p>\n<p>            15 nov. 2025 \u00e0 13h27        <\/p>\n<p>\u00c0 l\u2019occasion d\u2019une tourn\u00e9e anniversaire, <strong>Sheila<\/strong> c\u00e9l\u00e8bre plus de <strong>six d\u00e9cennies de carri\u00e8re<\/strong> marqu\u00e9e par 28 <a href=\"https:\/\/actu.fr\/tag\/musique\" target=\"_blank\" rel=\"noopener\">albums<\/a> studio, une long\u00e9vit\u00e9 record pour cette <a href=\"https:\/\/actu.fr\/ile-de-france\/neuilly-sur-seine_92051\/il-avait-chante-devant-150-000-personnes-a-paris-rachida-dati-rend-hommage-a-ce-celebre-chanteur-yeye-decede_62754197.html\" target=\"_blank\" rel=\"noopener\">figure des y\u00e9y\u00e9<\/a> \u00e0 \u00ab\u00a0l\u2019\u00e9nergie de fou\u00a0\u00bb.<\/p>\n<p class=\" wall-content\">Avec <strong>85 millions d\u2019exemplaires vendus<\/strong>, selon la production, la <a href=\"https:\/\/actu.fr\/tag\/chanson\" target=\"_blank\" rel=\"noopener\">chanteuse<\/a> de 80 ans r\u00e9volus, confie \u00e0 l\u2019AFP avoir banni de son vocabulaire le mot <a href=\"https:\/\/actu.fr\/tag\/retraite\" target=\"_blank\" rel=\"noopener\">\u00ab\u00a0retraite\u00a0\u00bb<\/a> et toujours fourmiller d\u2019id\u00e9es.<\/p>\n<p class=\"ac-article-content__question wall-content\"><strong class=\"color-primary\">Actu : <\/strong>Quel souvenir gardez-vous des ann\u00e9es y\u00e9y\u00e9 ?<\/p>\n<p class=\" wall-content\"><strong class=\"color-primary\">Sheila : <\/strong>L&rsquo;inconscience de la jeunesse ! C&rsquo;\u00e9tait du bricolage quelque part, mais il y avait une \u00e2me et beaucoup d&rsquo;\u00e9nergie. Je suis fi\u00e8re de mon parcours. On m&rsquo;a mis tellement de b\u00e2tons dans les roues&#8230; Ma plus belle victoire, c&rsquo;est le partage que j&rsquo;ai avec les gens. J&rsquo;ai quatre g\u00e9n\u00e9rations dans mes concerts. C&rsquo;est la plus belle des r\u00e9compenses. Cela fait d&rsquo;autant plus plaisir apr\u00e8s avoir \u00e9t\u00e9 si d\u00e9cri\u00e9e, accus\u00e9e d&rsquo;\u00eatre une chanteuse de playback&#8230;<\/p>\n<blockquote class=\"ac-article-quote wall-content\">\n<p>Voir depuis la sc\u00e8ne des gens avec le sourire et des yeux qui brillent, c&rsquo;est tout ce qui compte. On m&rsquo;invite m\u00eame maintenant dans les festivals de jazz comme celui de l&rsquo;\u00cele de R\u00e9 cet \u00e9t\u00e9.<\/p>\n<p>    <strong>Sheila<\/strong><br \/>\n        Chanteuse    <\/p><\/blockquote>\n<p class=\"ac-article-content__question wall-content\">Comment \u00eates-vous pass\u00e9e des ann\u00e9es y\u00e9y\u00e9 au disco, jusqu&rsquo;\u00e0 la pop et m\u00eame au rock ?<\/p>\n<p class=\" wall-content\"><strong class=\"color-primary\">S : <\/strong>J&rsquo;ai horreur de la routine. J&rsquo;aime me remettre en question tout le temps, changer d&rsquo;auteurs, de compositeurs&#8230; Depuis 2017, je travaille en studio et sur sc\u00e8ne avec le groupe H-Tag et Eric Azhar qui font du rock \u00e0 la base. Ils m&rsquo;ont amen\u00e9 un coup de jeune !<\/p>\n<p class=\"ac-article-content__question wall-content\">Votre dernier album studio, \u00ab\u00a0A l&rsquo;avenir\u00a0\u00bb (2025), aborde des th\u00e8mes in\u00e9dits dans votre r\u00e9pertoire comme le titre \u00ab\u00a0Et Dieu dans tout \u00e7a\u00a0\u00bb et un autre d\u00e9di\u00e9 \u00e0 Simone Veil. Pourquoi avoir tant attendu ?<\/p>\n<p class=\" wall-content\"><strong class=\"color-primary\">S : <\/strong>On ne peut pas chanter \u00e7a quand on a 20 ans&#8230; Pour Simone Veil, je voulais lui rendre hommage. On oublie parfois que c&rsquo;est elle qui a \u00e9t\u00e9 la pionni\u00e8re en apportant aux femmes la libert\u00e9 de disposer de leur corps [avec la loi sur l&rsquo;interruption volontaire de grossesse en 1975, NDLR]. La soci\u00e9t\u00e9 a tellement \u00e9volu\u00e9 et c&rsquo;est tr\u00e8s bien.<\/p>\n<p>Votre r\u00e9gion, votre actu !<\/p>\n<p>Recevez chaque jour les infos qui comptent pour vous.<\/p>\n<p>\t<a href=\"https:\/\/actu.fr\/newsletter\" class=\"ac-btn ac-btn--corner ac-btn--medium ac-btn--blue800\" target=\"_blank\" rel=\"noopener\">S&rsquo;incrire<\/a><\/p>\n<blockquote class=\"ac-article-quote wall-content\">\n<p>Je regrette toutefois que cette \u00e9poque nous avale un peu. On se parle moins. On s&rsquo;envoie des mails auxquels on ne r\u00e9pond pas. Pour moi, la vie est un partage. Aujourd&rsquo;hui, on perd notre imaginaire \u00e0 cause des \u00e9crans.<\/p>\n<p>    <strong>Sheila<\/strong><br \/>\n        Chanteuse    <\/p><\/blockquote>\n<p class=\"ac-article-content__question wall-content\">Qu&rsquo;avez-vous ressenti quand votre costume de sc\u00e8ne pour votre tube disco, \u00ab\u00a0Spacer\u00a0\u00bb, est entr\u00e9 au mus\u00e9e, \u00e0 la Philharmonie de Paris ?<\/p>\n<p class=\" wall-content\"><strong class=\"color-primary\">S : <\/strong>Un immense honneur ! Cette chanson, c&rsquo;est d&rsquo;abord celle de mon amiti\u00e9 avec Nile Rodgers [co-auteur du titre avec Bernard Edwards, fondateurs du groupe am\u00e9ricain Chic, NDLR]. Nile, c&rsquo;est mon \u00e2me-s\u0153ur. \u00ab\u00a0Spacer\u00a0\u00bb nous a \u00e9chapp\u00e9 \u00e0 tous les deux et nous survivra. On ne sait pas pourquoi&#8230; C&rsquo;\u00e9tait tr\u00e8s avant-gardiste. C&rsquo;est invraisemblable le succ\u00e8s encore aujourd&rsquo;hui.<\/p>\n<p class=\"ac-article-content__question wall-content\">\u00c0 80 ans, la retraite est-elle inenvisageable pour vous ? <\/p>\n<p class=\" wall-content\"><strong class=\"color-primary\">S : <\/strong>C&rsquo;est un mot qui est banni de mon vocabulaire. Je reconnais aussi que j&rsquo;ai de la chance : je n&rsquo;ai pas l&rsquo;impression de travailler. Dans ma t\u00eate, j&rsquo;ai 20 ans. Je fais du sport plusieurs fois par semaine. Quand la sant\u00e9 est l\u00e0, il n&rsquo;y a pas d&rsquo;\u00e2ge. Les interdits, on se les donne soi-m\u00eame. J&rsquo;ai la chance d&rsquo;avoir une \u00e9nergie de fou, toujours des id\u00e9es et des projets \u00e0 la pelle.<\/p>\n<p class=\"ac-article-content__question wall-content\">Quels conseils donneriez-vous \u00e0 des chanteuses ou chanteurs d\u00e9butants ?<\/p>\n<p class=\" wall-content\"><strong class=\"color-primary\">S : <\/strong>Respecte les gens pour qui tu chantes, apprends tes chansons ! Quand je vois des jeunes avec des prompteurs, ce n&rsquo;est pas possible. Mais surtout, face au succ\u00e8s, il ne faut jamais oublier d&rsquo;o\u00f9 l&rsquo;on vient. J&rsquo;ai eu la chance d&rsquo;avoir des parents qui ne m&rsquo;ont jamais laiss\u00e9e m&rsquo;envoler, alors que \u00e7a pouvait m&rsquo;arriver. Ils me disaient alors : \u00ab\u00a0\u00e0 la maison, tu es Annie et pas Sheila, tu vas redescendre\u00a0\u00bb.<\/p>\n<blockquote class=\"ac-article-quote wall-content\">\n<p> Il ne faut pas vivre de flatterie, il faut vivre les pieds dans la terre, comme une petite fille de Fran\u00e7ais moyen. Et je suis toujours fi\u00e8re de l&rsquo;\u00eatre.<\/p>\n<p>    <strong>Sheila<\/strong><br \/>\n        Chanteuse    <\/p><\/blockquote>\n<p class=\" wall-content\">Source : AFP.<\/p>\n<p class=\" wall-content\">Personnalisez votre actualit\u00e9 en ajoutant vos villes et m\u00e9dias en favori avec <a href=\"https:\/\/moncompte.actu.fr\" title=\"D\u00e9couvez Mon Actu\" rel=\"nofollow noopener\" data-trk=\"{&quot;cta&quot;:{&quot;action&quot;:&quot;https:\\\/\\\/moncompte.actu.fr&quot;,&quot;category&quot;:&quot;mon compte&quot;,&quot;from&quot;:&quot;article footer&quot;,&quot;name&quot;:&quot;Mon actu&quot;,&quot;type&quot;:&quot;cta&quot;}}\" target=\"_blank\">Mon Actu<\/a>.<\/p>\n","protected":false},"excerpt":{"rendered":"Par R\u00e9daction Actu Publi\u00e9 le 15 nov. 2025 \u00e0 13h27 \u00c0 l\u2019occasion d\u2019une tourn\u00e9e anniversaire, Sheila c\u00e9l\u00e8bre plus&hellip;\n","protected":false},"author":2,"featured_media":537334,"comment_status":"","ping_status":"","sticky":false,"template":"","format":"standard","meta":{"footnotes":""},"categories":[1355],"tags":[1695,58,59,1011,27,1652,1361,873],"class_list":{"0":"post-537333","1":"post","2":"type-post","3":"status-publish","4":"format-standard","5":"has-post-thumbnail","7":"category-musique","8":"tag-chanson","9":"tag-divertissement","10":"tag-entertainment","11":"tag-fr","12":"tag-france","13":"tag-loisirs-culture","14":"tag-music","15":"tag-musique"},"share_on_mastodon":{"url":"https:\/\/pubeurope.com\/@fr\/115557292139130843","error":""},"_links":{"self":[{"href":"https:\/\/www.europesays.com\/fr\/wp-json\/wp\/v2\/posts\/537333","targetHints":{"allow":["GET"]}}],"collection":[{"href":"https:\/\/www.europesays.com\/fr\/wp-json\/wp\/v2\/posts"}],"about":[{"href":"https:\/\/www.europesays.com\/fr\/wp-json\/wp\/v2\/types\/post"}],"author":[{"embeddable":true,"href":"https:\/\/www.europesays.com\/fr\/wp-json\/wp\/v2\/users\/2"}],"replies":[{"embeddable":true,"href":"https:\/\/www.europesays.com\/fr\/wp-json\/wp\/v2\/comments?post=537333"}],"version-history":[{"count":0,"href":"https:\/\/www.europesays.com\/fr\/wp-json\/wp\/v2\/posts\/537333\/revisions"}],"wp:featuredmedia":[{"embeddable":true,"href":"https:\/\/www.europesays.com\/fr\/wp-json\/wp\/v2\/media\/537334"}],"wp:attachment":[{"href":"https:\/\/www.europesays.com\/fr\/wp-json\/wp\/v2\/media?parent=537333"}],"wp:term":[{"taxonomy":"category","embeddable":true,"href":"https:\/\/www.europesays.com\/fr\/wp-json\/wp\/v2\/categories?post=537333"},{"taxonomy":"post_tag","embeddable":true,"href":"https:\/\/www.europesays.com\/fr\/wp-json\/wp\/v2\/tags?post=537333"}],"curies":[{"name":"wp","href":"https:\/\/api.w.org\/{rel}","templated":true}]}}