{"id":537335,"date":"2025-11-16T03:38:33","date_gmt":"2025-11-16T03:38:33","guid":{"rendered":"https:\/\/www.europesays.com\/fr\/537335\/"},"modified":"2025-11-16T03:38:33","modified_gmt":"2025-11-16T03:38:33","slug":"au-cinema-a-linstar-de-on-vous-croit-de-charlotte-devillers-et-darnaud-dufeys-un-regard-plus-juste-sur-linceste","status":"publish","type":"post","link":"https:\/\/www.europesays.com\/fr\/537335\/","title":{"rendered":"Au cin\u00e9ma, \u00e0 l\u2019instar de \u00ab\u00a0On vous croit\u00a0\u00bb, de Charlotte Devillers et d\u2019Arnaud Dufeys, un regard plus juste sur l\u2019inceste"},"content":{"rendered":"<p>                     <img loading=\"lazy\" decoding=\"async\" src=\"https:\/\/www.europesays.com\/fr\/wp-content\/uploads\/2025\/11\/a1d2422_upload-1-3ovmgv8ygfvd-photo-2-on-vous-croit.jpg\" alt=\"Laurent Capelluto, Natali Broods et Myriem Akheddiou dans \u00ab\u00a0On vous croit\u00a0\u00bb, de Charlotte Devillers et Arnaud Dufeys.\"   width=\"664\" height=\"443\"\/>    Laurent Capelluto, Natali Broods et Myriem Akheddiou dans \u00ab\u00a0On vous croit\u00a0\u00bb, de Charlotte Devillers et Arnaud Dufeys.  JOUR2FETE                 <\/p>\n<p class=\"article__paragraph  \">Evoquer l\u2019inceste, c\u2019est toujours en revenir \u00e0 la sid\u00e9ration des chiffres. Lutter contre le d\u00e9ni, ces couches de silence soigneusement embo\u00eet\u00e9es. Dans son rapport rendu public en 2023, la Commission ind\u00e9pendante sur l\u2019inceste et les violences sexuelles faites aux enfants d\u00e9nombre 160 000 enfants victimes de viols p\u00e9docriminels chaque ann\u00e9e, et 5,4 millions de femmes et d\u2019hommes adultes qui en ont \u00e9t\u00e9 victimes dans leur enfance.<\/p>\n<p class=\"article__paragraph  \">Charlotte Devillers et Arnaud Dufeys, r\u00e9alisateurs du film On vous croit, autour du combat d\u2019une m\u00e8re pour la garde compl\u00e8te de ses enfants apr\u00e8s que son fils a d\u00e9nonc\u00e9 des faits d\u2019inceste, se sont heurt\u00e9s \u00e0 ce mur\u00a0: \u00ab\u00a0On a beaucoup insist\u00e9 sur l\u2019ampleur des chiffres pour les financements, et souvent on se rendait compte qu\u2019il fallait vraiment y revenir plusieurs fois pour que les gens se disent \u201cAh oui quand m\u00eame\u201d.\u00a0\u00bb<\/p>\n<p class=\"article__paragraph  \">Le long-m\u00e9trage, qui met le doigt sur une faille du syst\u00e8me judiciaire, s\u2019inscrit dans un corpus grandissant de films, essentiellement francophones, qui se saisissent de la question de l\u2019inceste. <a href=\"https:\/\/www.lemonde.fr\/culture\/article\/2022\/05\/20\/cannes-2022-dalva-une-gamine-prise-dans-les-rets-d-un-pere-incestueux_6127038_3246.html\" rel=\"nofollow noopener\" target=\"_blank\">Dalva (2023), d\u2019Emmanuelle\u00a0Nicot<\/a>, suit une adolescente qui s\u2019\u00e9mancipe de l\u2019emprise de son p\u00e8re\u00a0; <a href=\"https:\/\/www.lemonde.fr\/culture\/article\/2024\/03\/19\/une-famille-le-home-movie-fracasseur-de-christine-angot-aux-sources-de-son-inceste_6222826_3246.html\" rel=\"nofollow noopener\" target=\"_blank\">Une famille (2024), de Christine Angot<\/a>, examine l\u2019impact de ce v\u00e9cu sur ses relations familiales\u00a0; <a href=\"https:\/\/www.lemonde.fr\/culture\/article\/2024\/01\/10\/les-sorties-cinema-scrapper-making-of-si-seulement-je-pouvais-hiberner_6209936_3246.html\" rel=\"nofollow noopener\" target=\"_blank\">Un silence (2024), de Joachim Lafosse<\/a>, creuse le d\u00e9ni d\u2019une m\u00e8re\u00a0; <a href=\"https:\/\/www.lemonde.fr\/culture\/article\/2025\/04\/02\/cassandre-la-mecanique-trouble-d-une-famille-incestuelle_6589954_3246.html\" rel=\"nofollow noopener\" target=\"_blank\">Cassandre (2025), d\u2019H\u00e9l\u00e8ne Merlin<\/a>, inspir\u00e9 de son histoire, d\u00e9peint le climat incestuel au sein d\u2019une famille o\u00f9 un fr\u00e8re viole sa s\u0153ur.<\/p>\n<p class=\"reading-mode-only \"><strong>Il vous reste 82.14% de cet article \u00e0 lire. La suite est r\u00e9serv\u00e9e aux abonn\u00e9s.<\/strong><\/p>\n","protected":false},"excerpt":{"rendered":"Laurent Capelluto, Natali Broods et Myriem Akheddiou dans \u00ab\u00a0On vous croit\u00a0\u00bb, de Charlotte Devillers et Arnaud Dufeys. JOUR2FETE&hellip;\n","protected":false},"author":2,"featured_media":537336,"comment_status":"","ping_status":"","sticky":false,"template":"","format":"standard","meta":{"footnotes":""},"categories":[1354],"tags":[58,59,1346,1011,27,1360],"class_list":{"0":"post-537335","1":"post","2":"type-post","3":"status-publish","4":"format-standard","5":"has-post-thumbnail","7":"category-films","8":"tag-divertissement","9":"tag-entertainment","10":"tag-films","11":"tag-fr","12":"tag-france","13":"tag-movies"},"share_on_mastodon":{"url":"https:\/\/pubeurope.com\/@fr\/115557297198988890","error":""},"_links":{"self":[{"href":"https:\/\/www.europesays.com\/fr\/wp-json\/wp\/v2\/posts\/537335","targetHints":{"allow":["GET"]}}],"collection":[{"href":"https:\/\/www.europesays.com\/fr\/wp-json\/wp\/v2\/posts"}],"about":[{"href":"https:\/\/www.europesays.com\/fr\/wp-json\/wp\/v2\/types\/post"}],"author":[{"embeddable":true,"href":"https:\/\/www.europesays.com\/fr\/wp-json\/wp\/v2\/users\/2"}],"replies":[{"embeddable":true,"href":"https:\/\/www.europesays.com\/fr\/wp-json\/wp\/v2\/comments?post=537335"}],"version-history":[{"count":0,"href":"https:\/\/www.europesays.com\/fr\/wp-json\/wp\/v2\/posts\/537335\/revisions"}],"wp:featuredmedia":[{"embeddable":true,"href":"https:\/\/www.europesays.com\/fr\/wp-json\/wp\/v2\/media\/537336"}],"wp:attachment":[{"href":"https:\/\/www.europesays.com\/fr\/wp-json\/wp\/v2\/media?parent=537335"}],"wp:term":[{"taxonomy":"category","embeddable":true,"href":"https:\/\/www.europesays.com\/fr\/wp-json\/wp\/v2\/categories?post=537335"},{"taxonomy":"post_tag","embeddable":true,"href":"https:\/\/www.europesays.com\/fr\/wp-json\/wp\/v2\/tags?post=537335"}],"curies":[{"name":"wp","href":"https:\/\/api.w.org\/{rel}","templated":true}]}}