{"id":53736,"date":"2025-04-26T06:41:10","date_gmt":"2025-04-26T06:41:10","guid":{"rendered":"https:\/\/www.europesays.com\/fr\/53736\/"},"modified":"2025-04-26T06:41:10","modified_gmt":"2025-04-26T06:41:10","slug":"beaucoup-de-travail-avant-un-accord-avec-washington-selon-lunion-europeenne","status":"publish","type":"post","link":"https:\/\/www.europesays.com\/fr\/53736\/","title":{"rendered":"\u00abBeaucoup de travail\u00bb avant un accord avec Washington, selon l&rsquo;Union europ\u00e9enne"},"content":{"rendered":"<p>L\u2019Union europ\u00e9enne tente depuis des semaines de trouver une issue au conflit commercial d\u00e9clench\u00e9 peu apr\u00e8s son retour \u00e0 la Maison-Blanche par Donald Trump<\/p>\n<p class=\"fig-paragraph\">\u00abIl y a encore beaucoup de travail devant nous\u00bb avant de trouver avec un accord avec\u00a0<a href=\"http:\/\/www.lefigaro.fr\/conjoncture\/l-incertitude-est-tres-couteuse-a-washington-les-grands-argentiers-negocient-a-tatons-20250425\" data-fig-type=\"Article\" data-gtm-custom-categorie=\"navigation\" data-gtm-custom-action=\"crossclick\" data-gtm-custom-label=\"Contextuel\" data-gtm-event=\"customEventSPE\" data-fig-domain=\"LEFIGARO\" target=\"_blank\" rel=\"noopener\">Washington<\/a>\u00a0pour \u00ab\u00e9viter\u00bb les nouveaux\u00a0<a href=\"http:\/\/www.lefigaro.fr\/conjoncture\/droits-de-douane-donald-trump-s-est-entretenu-au-telephone-avec-xi-jinping-20250425\" data-fig-type=\"NewsFlash\" data-gtm-custom-categorie=\"navigation\" data-gtm-custom-action=\"crossclick\" data-gtm-custom-label=\"Contextuel\" data-gtm-event=\"customEventSPE\" data-fig-domain=\"LEFIGARO\" target=\"_blank\" rel=\"noopener\">droits de douane<\/a>\u00a0impos\u00e9s par le gouvernement Trump, a d\u00e9clar\u00e9 vendredi le commissaire europ\u00e9en \u00e0 l&rsquo;\u00c9conomie Valdis Dombrovskis. \u00abIl y a beaucoup de travail devant nous pour aboutir \u00e0 des param\u00e8tres concrets (&#8230;) afin de parvenir \u00e0 \u00e9viter l&rsquo;imposition de droits de douane\u00bb, a affirm\u00e9 le responsable \u00e0 la fin d&rsquo;une semaine de r\u00e9unions au sommet dans la capitale am\u00e9ricaine.<\/p>\n<p class=\"fig-paragraph\">L\u2019Union europ\u00e9enne (UE) tente depuis des semaines de trouver une issue au conflit commercial d\u00e9clench\u00e9 peu apr\u00e8s son retour \u00e0 la Maison-Blanche par Donald Trump, le pr\u00e9sident am\u00e9ricain accusant les partenaires commerciaux des \u00c9tats-Unis de \u00abd\u00e9pouiller\u00bb son pays. Washington a d\u00e9j\u00e0 impos\u00e9 10% de droits de douane additionnels sur les produits europ\u00e9ens entrant aux \u00c9tats-Unis &#8211; une surtaxe que le milliardaire r\u00e9publicain menace de faire passer \u00e0 20% &#8211; mais a aussi d\u00e9cr\u00e9t\u00e9 25% de droits sur l\u2019acier, l\u2019aluminium et les voitures&#8230;<\/p>\n<p>\u00abManque de clart\u00e9\u00bb<\/p>\n<p class=\"fig-paragraph\">Les r\u00e9unions de printemps du FMI et de la Banque mondiale, qui s\u2019ach\u00e8vent vendredi dans la capitale am\u00e9ricaine, ont donn\u00e9 au bloc europ\u00e9en une occasion de pousser ses pions aupr\u00e8s des \u00e9quipes de Donald Trump. Mercredi, Valdis Dombrovskis avait d\u00e9plor\u00e9 le \u00abmanque de clart\u00e9\u00bb sur les attentes am\u00e9ricaines, ce qui compromettait selon lui l\u2019avanc\u00e9e des discussions. Il s\u2019est entretenu vendredi avec le ministre am\u00e9ricain des Finances Scott Bessent.<\/p>\n<p class=\"fig-paragraph\">Cela a \u00e9t\u00e9 l\u2019occasion pour lui, a-t-il rapport\u00e9 ensuite \u00e0 la presse, de r\u00e9p\u00e9ter que l\u2019Union souhaitait \u00abobtenir un accord\u00bb pour \u00ab\u00e9viter ce sc\u00e9nario\u00bb dans lequel l\u2019\u00e9conomie mondiale p\u00e2tit des droits de douane mis en place par les \u00c9tats-Unis. Le bloc europ\u00e9en a notamment propos\u00e9 d\u2019acheter plus de gaz naturel liqu\u00e9fi\u00e9 am\u00e9ricain ou encore de supprimer des deux c\u00f4t\u00e9s les droits de douane sur les produits industriels.<\/p>\n","protected":false},"excerpt":{"rendered":"L\u2019Union europ\u00e9enne tente depuis des semaines de trouver une issue au conflit commercial d\u00e9clench\u00e9 peu apr\u00e8s son retour&hellip;\n","protected":false},"author":2,"featured_media":53737,"comment_status":"","ping_status":"","sticky":false,"template":"","format":"standard","meta":{"footnotes":""},"categories":[1586],"tags":[339,11,340,343,345,350,130,344,352,349,33,341,313,73,1777,674,1779,1011,27,346,342,353,351,347,12,348,25,1778,354,364],"class_list":{"0":"post-53736","1":"post","2":"type-post","3":"status-publish","4":"format-standard","5":"has-post-thumbnail","7":"category-europe","8":"tag-actualite-economique","9":"tag-actualites","10":"tag-bourse","11":"tag-cac-40","12":"tag-chef-dentreprise","13":"tag-concurrence","14":"tag-consommation","15":"tag-creation-dentreprise","16":"tag-crise","17":"tag-delocalisations","18":"tag-economie","19":"tag-emploi","20":"tag-entreprises","21":"tag-etats-unis","22":"tag-eu","23":"tag-europe","24":"tag-european-union","25":"tag-fr","26":"tag-france","27":"tag-grands-patrons","28":"tag-impots","29":"tag-licenciements","30":"tag-monopole","31":"tag-multinationales","32":"tag-news","33":"tag-privatisation","34":"tag-republique-francaise","35":"tag-ue","36":"tag-unio","37":"tag-union-europeenne"},"share_on_mastodon":{"url":"https:\/\/pubeurope.com\/@fr\/114402904242605420","error":""},"_links":{"self":[{"href":"https:\/\/www.europesays.com\/fr\/wp-json\/wp\/v2\/posts\/53736","targetHints":{"allow":["GET"]}}],"collection":[{"href":"https:\/\/www.europesays.com\/fr\/wp-json\/wp\/v2\/posts"}],"about":[{"href":"https:\/\/www.europesays.com\/fr\/wp-json\/wp\/v2\/types\/post"}],"author":[{"embeddable":true,"href":"https:\/\/www.europesays.com\/fr\/wp-json\/wp\/v2\/users\/2"}],"replies":[{"embeddable":true,"href":"https:\/\/www.europesays.com\/fr\/wp-json\/wp\/v2\/comments?post=53736"}],"version-history":[{"count":0,"href":"https:\/\/www.europesays.com\/fr\/wp-json\/wp\/v2\/posts\/53736\/revisions"}],"wp:featuredmedia":[{"embeddable":true,"href":"https:\/\/www.europesays.com\/fr\/wp-json\/wp\/v2\/media\/53737"}],"wp:attachment":[{"href":"https:\/\/www.europesays.com\/fr\/wp-json\/wp\/v2\/media?parent=53736"}],"wp:term":[{"taxonomy":"category","embeddable":true,"href":"https:\/\/www.europesays.com\/fr\/wp-json\/wp\/v2\/categories?post=53736"},{"taxonomy":"post_tag","embeddable":true,"href":"https:\/\/www.europesays.com\/fr\/wp-json\/wp\/v2\/tags?post=53736"}],"curies":[{"name":"wp","href":"https:\/\/api.w.org\/{rel}","templated":true}]}}