{"id":537363,"date":"2025-11-16T03:59:56","date_gmt":"2025-11-16T03:59:56","guid":{"rendered":"https:\/\/www.europesays.com\/fr\/537363\/"},"modified":"2025-11-16T03:59:56","modified_gmt":"2025-11-16T03:59:56","slug":"actualise-rouen-apres-lappel-a-temoins-la-jeune-malvina-retrouvee-saine-et-sauve","status":"publish","type":"post","link":"https:\/\/www.europesays.com\/fr\/537363\/","title":{"rendered":"[Actualis\u00e9] Rouen. Apr\u00e8s l&rsquo;appel \u00e0 t\u00e9moins, la jeune Malvina retrouv\u00e9e saine et sauve"},"content":{"rendered":"<p>Mise \u00e0 jour. La police indique vers 16h40, jeudi 13 novembre, que l&rsquo;avis de recherche, lanc\u00e9 le matin m\u00eame, prend fin. \u00ab\u00a0Gr\u00e2ce \u00e0 votre mobilisation incroyable, la jeune Malvina a \u00e9t\u00e9 retrouv\u00e9e saine et sauve\u00a0\u00bb, indiquent les forces de l&rsquo;ordre sur les r\u00e9seaux sociaux.\u00a0<\/p>\n<blockquote class=\"twitter-tweet\"><p>&#13;<\/p>\n<p melodystyle=\"texte\"><a href=\"https:\/\/twitter.com\/hashtag\/FinAvisDeRecherche?src=hash&amp;ref_src=twsrc%5Etfw\" rel=\"nofollow noopener\" target=\"_blank\">#FinAvisDeRecherche<\/a> | Bonne nouvelle ! <br \/>Gr\u00e2ce \u00e0 votre mobilisation incroyable, la jeune Malvina a \u00e9t\u00e9 retrouv\u00e9e saine et sauve \ud83d\ude4f\ud83d\udc96<\/p>\n<p>Un immense MERCI \u00e0 chacun d&rsquo;entre vous pour vos partages, vos messages et votre solidarit\u00e9. <br \/>Ensemble, on est plus forts \ud83d\udcaa\u2728<a href=\"https:\/\/twitter.com\/hashtag\/Merci?src=hash&amp;ref_src=twsrc%5Etfw\" rel=\"nofollow noopener\" target=\"_blank\">#Merci<\/a> <a href=\"https:\/\/twitter.com\/hashtag\/Solidarit%C3%A9?src=hash&amp;ref_src=twsrc%5Etfw\" rel=\"nofollow noopener\" target=\"_blank\">#Solidarit\u00e9<\/a> <a href=\"https:\/\/t.co\/CF1jnYUAgh\" rel=\"nofollow\">pic.twitter.com\/CF1jnYUAgh<\/a><\/p>\n<p>&#13;<br \/>\n\u2014 Police nationale 76 (@PoliceNat76) <a href=\"https:\/\/twitter.com\/PoliceNat76\/status\/1988990462791688485?ref_src=twsrc%5Etfw\" rel=\"nofollow noopener\" target=\"_blank\">November 13, 2025<\/a><\/p><\/blockquote>\n<p melodystyle=\"texte\">Elle est port\u00e9e disparue depuis le 7 novembre 2025 \u00e0 Rouen.\u00a0<\/p>\n<p melodystyle=\"texte\">Une disparition jug\u00e9e inqui\u00e9tante par la police nationale qui lance un appel \u00e0 t\u00e9moins pour tenter de retrouver Malvina, 16 ans. Elle aurait \u00e9t\u00e9 vue \u00e0 plusieurs reprises dans le quartier Saint-Sever, pr\u00e9cise la police.\u00a0<\/p>\n<p melodystyle=\"texte\">Elle a les cheveux longs et bruns, les yeux verts, mesure 1m63 et porterait un d\u00e9bardeur noir et un\u00a0ensemble veste et pantalon bleus.\u00a0<\/p>\n<p melodystyle=\"texte\">En cas d&rsquo;informations, contactez l&rsquo;h\u00f4tel de police de Rouen au 02 32 81 25 00.<\/p>\n<p> \t\t\t\t\t\t<script async src=\"https:\/\/platform.twitter.com\/widgets.js\" charset=\"utf-8\"><\/script><\/p>\n","protected":false},"excerpt":{"rendered":"Mise \u00e0 jour. La police indique vers 16h40, jeudi 13 novembre, que l&rsquo;avis de recherche, lanc\u00e9 le matin&hellip;\n","protected":false},"author":2,"featured_media":537364,"comment_status":"","ping_status":"","sticky":false,"template":"","format":"standard","meta":{"footnotes":""},"categories":[9587],"tags":[1111,11,1777,674,1011,27,12,5161,25,9590],"class_list":{"0":"post-537363","1":"post","2":"type-post","3":"status-publish","4":"format-standard","5":"has-post-thumbnail","7":"category-rouen","8":"tag-actu","9":"tag-actualites","10":"tag-eu","11":"tag-europe","12":"tag-fr","13":"tag-france","14":"tag-news","15":"tag-normandie","16":"tag-republique-francaise","17":"tag-rouen"},"share_on_mastodon":{"url":"https:\/\/pubeurope.com\/@fr\/115557382444531340","error":""},"_links":{"self":[{"href":"https:\/\/www.europesays.com\/fr\/wp-json\/wp\/v2\/posts\/537363","targetHints":{"allow":["GET"]}}],"collection":[{"href":"https:\/\/www.europesays.com\/fr\/wp-json\/wp\/v2\/posts"}],"about":[{"href":"https:\/\/www.europesays.com\/fr\/wp-json\/wp\/v2\/types\/post"}],"author":[{"embeddable":true,"href":"https:\/\/www.europesays.com\/fr\/wp-json\/wp\/v2\/users\/2"}],"replies":[{"embeddable":true,"href":"https:\/\/www.europesays.com\/fr\/wp-json\/wp\/v2\/comments?post=537363"}],"version-history":[{"count":0,"href":"https:\/\/www.europesays.com\/fr\/wp-json\/wp\/v2\/posts\/537363\/revisions"}],"wp:featuredmedia":[{"embeddable":true,"href":"https:\/\/www.europesays.com\/fr\/wp-json\/wp\/v2\/media\/537364"}],"wp:attachment":[{"href":"https:\/\/www.europesays.com\/fr\/wp-json\/wp\/v2\/media?parent=537363"}],"wp:term":[{"taxonomy":"category","embeddable":true,"href":"https:\/\/www.europesays.com\/fr\/wp-json\/wp\/v2\/categories?post=537363"},{"taxonomy":"post_tag","embeddable":true,"href":"https:\/\/www.europesays.com\/fr\/wp-json\/wp\/v2\/tags?post=537363"}],"curies":[{"name":"wp","href":"https:\/\/api.w.org\/{rel}","templated":true}]}}