{"id":537378,"date":"2025-11-16T04:10:37","date_gmt":"2025-11-16T04:10:37","guid":{"rendered":"https:\/\/www.europesays.com\/fr\/537378\/"},"modified":"2025-11-16T04:10:37","modified_gmt":"2025-11-16T04:10:37","slug":"ils-manifestent-contre-le-projet-decole-privee-hors-contrat-en-loire-atlantique","status":"publish","type":"post","link":"https:\/\/www.europesays.com\/fr\/537378\/","title":{"rendered":"Ils manifestent contre le projet d\u2019\u00e9cole priv\u00e9e hors contrat en Loire-Atlantique"},"content":{"rendered":"<p>\u00c0 Abbaretz, \u00e0 50\u00a0kilom\u00e8tres au nord de Nantes, le projet de construction<a href=\"https:\/\/nantes.maville.com\/actu\/actudet_--des-idees-du-moyen-age-et-une-vie-en-vase-clos-ce-projet-d-ecole-privee-seme-la-zizanie-_8-7047602_actu.Htm\" target=\"_self\" rel=\"nofollow noopener\"> d\u2019une \u00e9cole priv\u00e9e hors contrat,<\/a> port\u00e9 par une congr\u00e9gation catholique s\u00e9d\u00e9vacantiste, inqui\u00e8te. Ce samedi, habitants et associations se sont mobilis\u00e9s pour exprimer leur opposition. Plus de 700\u00a0personnes ont particip\u00e9 \u00e0 cette mobilisation dans la matin\u00e9e selon la gendarmerie.<\/p>\n<p>Quel projet\u00a0?<\/p>\n<p>Les futurs b\u00e2timents de 475\u00a0m\u00b2 et 220\u00a0m\u00b2 de cour, doivent h\u00e9berger une \u00e9cole priv\u00e9e hors contrat, destin\u00e9e \u00e0 accueillir des enfants qui fr\u00e9quentent la chapelle Saint-Etienne.<\/p>\n<p><strong>? A LIRE AUSSI<\/strong>\u00a0:<a href=\"https:\/\/rennes.maville.com\/actu\/actudet_-la-fsu-demande-l-annulation-du-projet-d-ecole-privee-hors-contrat-a-abbaretz-_8-7050762_actu.Htm\" target=\"_self\" rel=\"nofollow noopener\"> la FSU demande l\u2019abandon du projet<\/a>  <br \/>Les organisateurs du projet d\u2019\u00e9cole hors contrat se d\u00e9fendent de tout sectarisme.\u00a0Ils indiquent vouloir diffuser la spiritualit\u00e9 catholique \u00e0 laquelle il adh\u00e8re, comme il l\u2019expliquait dans notre article d\u00e9but novembre. C\u2019est l\u00e0 que les opposants, qui ont constitu\u00e9 un collectif, s\u2019indignent. \u00a0Chacun est libre de vivre son culte, reconnaissait Martine Kerne\u00efs, une opposante au projet. Mais l\u00e0, il s\u2019agit d\u2019enfants et d\u2019\u00e9ducation. Ce sont de futurs citoyens. Or, ce sont des id\u00e9es du Moyen-\u00c2ge et ils vivent en vase clos\u00a0\u00bb. <\/p>\n<p>\u00a0<\/p>\n","protected":false},"excerpt":{"rendered":"\u00c0 Abbaretz, \u00e0 50\u00a0kilom\u00e8tres au nord de Nantes, le projet de construction d\u2019une \u00e9cole priv\u00e9e hors contrat, port\u00e9&hellip;\n","protected":false},"author":2,"featured_media":537379,"comment_status":"","ping_status":"","sticky":false,"template":"","format":"standard","meta":{"footnotes":""},"categories":[2818],"tags":[1111,11,3108,1122,1777,674,1011,27,3047,15221,766,12,2636,14288,1095,25],"class_list":{"0":"post-537378","1":"post","2":"type-post","3":"status-publish","4":"format-standard","5":"has-post-thumbnail","7":"category-nantes","8":"tag-actu","9":"tag-actualites","10":"tag-contrat","11":"tag-ecole","12":"tag-eu","13":"tag-europe","14":"tag-fr","15":"tag-france","16":"tag-loire-atlantique","17":"tag-manifestent","18":"tag-nantes","19":"tag-news","20":"tag-pays-de-la-loire","21":"tag-privee","22":"tag-projet","23":"tag-republique-francaise"},"share_on_mastodon":{"url":"https:\/\/pubeurope.com\/@fr\/115557421896160140","error":""},"_links":{"self":[{"href":"https:\/\/www.europesays.com\/fr\/wp-json\/wp\/v2\/posts\/537378","targetHints":{"allow":["GET"]}}],"collection":[{"href":"https:\/\/www.europesays.com\/fr\/wp-json\/wp\/v2\/posts"}],"about":[{"href":"https:\/\/www.europesays.com\/fr\/wp-json\/wp\/v2\/types\/post"}],"author":[{"embeddable":true,"href":"https:\/\/www.europesays.com\/fr\/wp-json\/wp\/v2\/users\/2"}],"replies":[{"embeddable":true,"href":"https:\/\/www.europesays.com\/fr\/wp-json\/wp\/v2\/comments?post=537378"}],"version-history":[{"count":0,"href":"https:\/\/www.europesays.com\/fr\/wp-json\/wp\/v2\/posts\/537378\/revisions"}],"wp:featuredmedia":[{"embeddable":true,"href":"https:\/\/www.europesays.com\/fr\/wp-json\/wp\/v2\/media\/537379"}],"wp:attachment":[{"href":"https:\/\/www.europesays.com\/fr\/wp-json\/wp\/v2\/media?parent=537378"}],"wp:term":[{"taxonomy":"category","embeddable":true,"href":"https:\/\/www.europesays.com\/fr\/wp-json\/wp\/v2\/categories?post=537378"},{"taxonomy":"post_tag","embeddable":true,"href":"https:\/\/www.europesays.com\/fr\/wp-json\/wp\/v2\/tags?post=537378"}],"curies":[{"name":"wp","href":"https:\/\/api.w.org\/{rel}","templated":true}]}}