{"id":537380,"date":"2025-11-16T04:11:15","date_gmt":"2025-11-16T04:11:15","guid":{"rendered":"https:\/\/www.europesays.com\/fr\/537380\/"},"modified":"2025-11-16T04:11:15","modified_gmt":"2025-11-16T04:11:15","slug":"volley-elite-les-neptunes-de-nantes-dans-le-bon-sens","status":"publish","type":"post","link":"https:\/\/www.europesays.com\/fr\/537380\/","title":{"rendered":"Volley. \u00c9lite\u00a0: les Neptunes de Nantes dans le bon Sens"},"content":{"rendered":"<p>Le doux parfum des succ\u00e8s express a envahi de nouveau Mangin, samedi 15\u00a0novembre. Sans son atout offensif num\u00e9ro un, la pointue camerounaise Blamdai \u2013 pr\u00e9sente mais laiss\u00e9e sur le banc \u2013 Sens n\u2019a jamais trouv\u00e9 la bonne route face aux Nantaises, pourtant parfois h\u00e9sitantes. Et si finalement le principal \u00e9tait justement de savoir gagner sans \u00eatre parfaites\u00a0?<\/p>\n<p>Car si le premier set \u00e9tait remport\u00e9 assez ais\u00e9ment (25-15), les Neptunes ne se montraient pas si convaincantes dans la suite des \u00e9v\u00e9nements\u2026 \u00a0On a des opportunit\u00e9s offensives cr\u00e9\u00e9es par L\u00e9na (Chameaux, la passeuse), mais elles ne sont pas exploit\u00e9es\u00a0\u00bb, soupirait Sylvain Quinquis, \u00e9videmment ravi que son \u00e9quipe se soit remise dans le droit chemin, mais avec \u00a0un go\u00fbt de trop peu. On ne peut pas se permettre de ne pas \u00eatre au maximum du volley que nous sommes capables de produire.\u00a0<\/p>\n<p>\u00ab\u00a0On a su cocher de nouvelles cases\u00a0\u00bb<\/p>\n<p>Les petites failles vues dans la manche pr\u00e9c\u00e9dente \u00e9taient alors bien exploit\u00e9es par les filles de Lanotte (5-4, 19-19). Des ouvertures laiss\u00e9es par les locales, notamment une d\u00e9sorganisation de leur bloc d\u00e9fense, offrant \u00e0 Humey et sa troupe de quoi s\u2019exprimer. L\u2019entr\u00e9e de Gambon r\u00e9\u00e9quilibrait un temps les d\u00e9bats. Chameaux toujours mettait ses attaquantes dans les meilleures situations et les Neptunes donnaient le coup d\u2019acc\u00e9l\u00e9rateur attendu (25-22).<\/p>\n<p>Compl\u00e8tement d\u00e9pass\u00e9es, les S\u00e9nonaises glissaient invariablement vers une douloureuse fin de partie (13-8\u00a0; 22-13\u00a0; 23-15). \u00a0On l\u2019a senti\u00a0: leur coach avait beau faire toutes les rotations possibles, plus rien ne fonctionnait pour elles, notait Ebatombo. L\u2019objectif num\u00e9ro un \u00e9tait de renouer avec la victoire et prendre les trois points, mais je pense que l\u2019on a surtout su cocher de nouvelles cases dans la communication, dans la capacit\u00e9 \u00e0 se recentrer pour rebondir. Tout cela, on n\u2019avait \u00e9t\u00e9 incapables de le faire <a href=\"https:\/\/nantes.maville.com\/sport\/detail_-volley-ball.-elite-feminine-les-nantaises-s-inclinent-lourdement-a-valenciennes-_8-7046307_actu.Htm\" target=\"_blank\" rel=\"noopener\">\u00e0 Valenciennes.<\/a>\u00a0<\/p>\n<p><strong>Lire aussi\u00a0:<\/strong> <a href=\"https:\/\/rennes.maville.com\/sport\/detail_-volleyball.-en-elite-feminine-les-neptunes-de-nantes-domptent-les-hermines-de-rennes-_52674-7027016_actu.Htm\" target=\"_blank\" rel=\"noopener\">Volley-ball. En \u00c9lite f\u00e9minine, les Neptunes de Nantes domptent les Hermines de Rennes<\/a><\/p>\n<p>Des Neptunes \u00e0 la relance au bon moment\u00a0? C\u2019est \u00e0 souhaiter avant de se d\u00e9placer dans le Rh\u00f4ne, sur le parquet d\u2019un Pays viennois balay\u00e9 par\u2026 Quimper, qui bouclera la phase aller \u00e0 Nantes la semaine suivante. Autant prendre l\u2019habitude rapidement d\u2019\u00f4ter le pied du frein.<\/p>\n<p>NANTES &#8211; SENS\u00a0: 3-0<\/p>\n<p>(25-15 en 24\u2019, 25-22 en 24\u2019, 25-15 en 24\u2019)<\/p>\n<p>Arbitres\u00a0: MM.\u00a0George et Gr\u00e9millon.<\/p>\n<p>1\u00a0543\u00a0spectateurs.<\/p>\n<p><strong>NANTES\u00a0:<\/strong> Kadiku 9, Legrand 8, Glynn 21, Ebatombo 12, Chameaux 3, Nevot 8, Vidaller (lib), Jund, Gombeau, Dava\u00ef, Ansquer. Entra\u00eeneur\u00a0: Sylvain Quinquis.<\/p>\n<p><strong>SENS\u00a0:<\/strong> Pruvost 3, Secretant 9, Ruiz 6, Kuehl 5, Centelles 5, Kalt, Vivien (lib), Humey 10, Tomczyk, Le Mignon. Entra\u00eeneur\u00a0: Thomas Lanotte.<\/p>\n<p>\u00a0<\/p>\n","protected":false},"excerpt":{"rendered":"Le doux parfum des succ\u00e8s express a envahi de nouveau Mangin, samedi 15\u00a0novembre. Sans son atout offensif num\u00e9ro&hellip;\n","protected":false},"author":2,"featured_media":537381,"comment_status":"","ping_status":"","sticky":false,"template":"","format":"standard","meta":{"footnotes":""},"categories":[2818],"tags":[1111,11,1773,1777,674,1011,27,766,17143,12,2636,25,4071,1470],"class_list":{"0":"post-537380","1":"post","2":"type-post","3":"status-publish","4":"format-standard","5":"has-post-thumbnail","7":"category-nantes","8":"tag-actu","9":"tag-actualites","10":"tag-elite","11":"tag-eu","12":"tag-europe","13":"tag-fr","14":"tag-france","15":"tag-nantes","16":"tag-neptunes","17":"tag-news","18":"tag-pays-de-la-loire","19":"tag-republique-francaise","20":"tag-sens","21":"tag-volley"},"share_on_mastodon":{"url":"https:\/\/pubeurope.com\/@fr\/115557425643884214","error":""},"_links":{"self":[{"href":"https:\/\/www.europesays.com\/fr\/wp-json\/wp\/v2\/posts\/537380","targetHints":{"allow":["GET"]}}],"collection":[{"href":"https:\/\/www.europesays.com\/fr\/wp-json\/wp\/v2\/posts"}],"about":[{"href":"https:\/\/www.europesays.com\/fr\/wp-json\/wp\/v2\/types\/post"}],"author":[{"embeddable":true,"href":"https:\/\/www.europesays.com\/fr\/wp-json\/wp\/v2\/users\/2"}],"replies":[{"embeddable":true,"href":"https:\/\/www.europesays.com\/fr\/wp-json\/wp\/v2\/comments?post=537380"}],"version-history":[{"count":0,"href":"https:\/\/www.europesays.com\/fr\/wp-json\/wp\/v2\/posts\/537380\/revisions"}],"wp:featuredmedia":[{"embeddable":true,"href":"https:\/\/www.europesays.com\/fr\/wp-json\/wp\/v2\/media\/537381"}],"wp:attachment":[{"href":"https:\/\/www.europesays.com\/fr\/wp-json\/wp\/v2\/media?parent=537380"}],"wp:term":[{"taxonomy":"category","embeddable":true,"href":"https:\/\/www.europesays.com\/fr\/wp-json\/wp\/v2\/categories?post=537380"},{"taxonomy":"post_tag","embeddable":true,"href":"https:\/\/www.europesays.com\/fr\/wp-json\/wp\/v2\/tags?post=537380"}],"curies":[{"name":"wp","href":"https:\/\/api.w.org\/{rel}","templated":true}]}}