{"id":537386,"date":"2025-11-16T04:14:19","date_gmt":"2025-11-16T04:14:19","guid":{"rendered":"https:\/\/www.europesays.com\/fr\/537386\/"},"modified":"2025-11-16T04:14:19","modified_gmt":"2025-11-16T04:14:19","slug":"francois-piquemal-veut-creer-un-nouveau-musee-dans-la-ville-rose","status":"publish","type":"post","link":"https:\/\/www.europesays.com\/fr\/537386\/","title":{"rendered":"Fran\u00e7ois Piquemal veut cr\u00e9er un nouveau mus\u00e9e dans la Ville rose"},"content":{"rendered":"<p>                    Par<br \/>\n        <strong><br \/>\n            <a href=\"https:\/\/actu.fr\/auteur\/guillaume-laurens\" title=\"Consulter tous les articles de Guillaume Laurens\" target=\"_blank\" rel=\"noopener\">Guillaume Laurens<\/a><br \/>\n                    <\/strong><\/p>\n<p>        Publi\u00e9 le<\/p>\n<p>            15 nov. 2025 \u00e0 9h32        <\/p>\n<p>Avec Jean-Luc Moudenc, \u00ab\u2009la culture a \u00e9t\u00e9 sacrifi\u00e9e sur l\u2019autel de l\u2019aust\u00e9rit\u00e9\u2009\u00bb. C\u2019est la conviction de <strong>Fran\u00e7ois Piquemal<\/strong>, le candidat LFI aux <a href=\"https:\/\/actu.fr\/toulouse\/politique\/elections-municipales\" target=\"_blank\" rel=\"noopener\">Municipales 2026 \u00e0 <strong>Toulouse<\/strong><\/a>. Apr\u00e8s avoir d\u00e9plor\u00e9 les \u00ab\u2009baisses de subventions\u2009\u00bb imput\u00e9es par la mairie aux associations de la Ville rose \u2014 mais qui ont <a href=\"https:\/\/actu.fr\/occitanie\/toulouse_31555\/toulouse-la-baisse-des-subventions-aux-associations-finalement-limitee-a-10_62721676.html\" target=\"_blank\" rel=\"noopener\">finalement \u00e9t\u00e9 \u00ab\u2009limit\u00e9es \u00e0 10\u2009%\u2009\u00bb en moyenne, soulignait la majorit\u00e9 au printemps \u2014<\/a>, le chef de t\u00eate de liste de<strong> \u00ab\u2009Demain Toulouse\u2009\u00bb<\/strong> a d\u00e9fendu vendredi 14\u00a0novembre 2025 une \u00ab\u2009nouvelle ambition\u2009\u00bb en la mati\u00e8re.<\/p>\n<p>Gratuit\u00e9 et tarifs r\u00e9duits dans les mus\u00e9es<\/p>\n<p class=\" wall-content\">\u00ab\u2009Avec nous, Toulouse redeviendra une ville vivante, cr\u00e9ative, \u00e9mancipatrice et populaire\u2009\u00bb, scande Fran\u00e7ois Piquemal, qui hisse au premier rang de ses priorit\u00e9s de \u00ab\u2009r\u00e9tablir <strong>l\u2019accessibilit\u00e9 de la culture\u2009\u00bb.<\/strong><\/p>\n<blockquote class=\"ac-article-quote wall-content\">\n<p>Jean-Luc Moudenc a supprim\u00e9 la gratuit\u00e9 des mus\u00e9es pour les \u00e9tudiants et augment\u00e9 les<br \/>\ntarifs pour toutes et tous. Il d\u00e9fend ainsi un mod\u00e8le culturel \u00e9litiste, r\u00e9serv\u00e9 \u00e0 une minorit\u00e9.<\/p>\n<p>    <strong>Fran\u00e7ois Piquemal<\/strong><br \/>\n        Candidat (LFI) aux Municipales 2026 \u00e0 Toulouse    <\/p><\/blockquote>\n<p class=\" wall-content\">S\u2019il est \u00e9lu, Fran\u00e7ois Piquemal pr\u00e9voit de \u00ab\u2009r\u00e9tablir une v\u00e9ritable <strong>tarification sociale<\/strong> dans tous les \u00e9quipements culturels de la ville et lors des \u00e9v\u00e9nements artistiques\u2009\u00bb, mais aussi d\u2019instaurer<strong> \u00ab\u2009une gratuit\u00e9 progressive<\/strong> des mus\u00e9es pour les \u00e9tudiants, ainsi que des tarifs r\u00e9duits pour les jeunes, les personnes au ch\u00f4mage et les habitants de Toulouse\u2009\u00bb.<\/p>\n<p>Vid\u00e9os : en ce moment sur ActuCr\u00e9er 15 festivals dans 15 quartiers<\/p>\n<p class=\" wall-content\">Pour mettre en valeur \u00ab\u00a0les <strong>sc\u00e8nes vivantes<\/strong> qui font battre le c\u0153ur de notre ville\u00a0\u00bb, le d\u00e9put\u00e9 LFI et ses colistiers envisagent aussi de lancer un plan baptis\u00e9 Un festival dans mon quartier\u00ab\u00a0. Un <strong>appel<\/strong><strong>\u00a0\u00e0 projets<\/strong> qui serait destin\u00e9 \u00e0 cr\u00e9er<strong> \u00ab\u00a015 festivals pour 15 quartiers<\/strong> aujourd\u2019hui d\u00e9pourvus d\u2019\u00e9v\u00e9nements culturels sur des th\u00e9matiques cibl\u00e9es (musique actuelle, rap, manga, street-art, cirque, danse, th\u00e9\u00e2tre, stand-up, astronomie, \u00e9cologie, animation, cin\u00e9ma, livre\u2026)\u00a0\u00bb. Parmi eux, il \u00e9voque \u00ab\u00a0le retour du festival Racines au lac de la Reynerie\u00a0\u00bb.\u00a0<\/p>\n<p class=\" wall-content\">Autres mesures mises sur la table\u2009: la cr\u00e9ation d\u2019un <strong>\u00ab\u2009parcours de street-art<\/strong> \u00e0 Toulouse\u2009\u00bb et \u00ab\u2009l\u2019ouverture de <strong>deux nouvelles salles de concert<\/strong> de musique actuelle\u2009\u00bb. Souhaitant organiser \u00ab\u2009des \u00c9tats g\u00e9n\u00e9raux de la culture\u2009\u00bb, le candidat Piquemal ambitionne que Toulouse puisse \u00ab\u2009candidater pour \u00eatre <strong>capitale europ\u00e9enne de la culture\u2009\u00bb.<\/strong><\/p>\n<p>Votre r\u00e9gion, votre actu !<\/p>\n<p>Recevez chaque jour les infos qui comptent pour vous.<\/p>\n<p>\t<a href=\"https:\/\/actu.fr\/newsletter\" class=\"ac-btn ac-btn--corner ac-btn--medium ac-btn--blue800\" target=\"_blank\" rel=\"noopener\">S&rsquo;incrire<\/a><br \/>\nSubventions aux associations\u2009: \u00ab\u2009Transparence\u2009\u00bb et \u00ab\u2009conventions pluriannuelles\u2009\u00bb<\/p>\n<p class=\" wall-content\">Regrettant la \u00ab\u2009r\u00e9duction drastique des subventions destin\u00e9es aux actrices et acteurs culturels\u2009\u00bb, Fran\u00e7ois Piquemal estime que ces \u00ab\u2009coupes budg\u00e9taires fragilisent de nombreuses structures\u2009\u00bb, tout en affaiblissant <strong>\u00ab\u2009la vitalit\u00e9 culturelle\u2009\u00bb<\/strong> de Toulouse. \u00ab\u2009Il faut mettre fin imm\u00e9diatement aux politiques d\u2019aust\u00e9rit\u00e9 et garantir le maintien, voire l\u2019augmentation, des subventions aux structures culturelles, sportives et \u00e9ducatives\u2009\u00bb, lance-t-il.<\/p>\n<p class=\" wall-content\">Le candidat insoumis loue une<strong> \u00ab\u2009transparence renforc\u00e9e\u2009\u00bb<\/strong> dans l\u2019attribution des subventions et une \u00ab\u2009r\u00e9partition \u00e9quitable\u2009\u00bb sur le territoire communal. Sa liste promet \u00ab\u2009un soutien financier p\u00e9renne\u2009\u00bb, qui soit \u00ab\u2009inscrit dans des <strong>conventions pluriannuelles<\/strong> (3 \u00e0 5\u00a0ans) pour assurer visibilit\u00e9 et stabilit\u00e9\u2009\u00bb aux associations.<\/p>\n<p>Un nouveau mus\u00e9e pour \u00ab\u2009faire vivre la m\u00e9moire\u2009\u00bb de Toulouse\u2009?<\/p>\n<p class=\" wall-content\">Enfin, Fran\u00e7ois Piquemal s\u2019est engag\u00e9 \u00e0 lancer un projet pour <strong>cr\u00e9er un \u00ab\u2009mus\u00e9e des histoires et m\u00e9moires<\/strong> de Toulouse\u2009\u00bb, car il regrette que la Ville rose, malgr\u00e9 son \u00ab\u2009riche pass\u00e9 historique et culturel\u2009\u00bb, en soit \u00e0 ce jour d\u00e9pourvue.\u00a0Il imagine \u00ab\u2009un mus\u00e9e retra\u00e7ant l\u2019\u00e9volution de la ville <strong>depuis la pr\u00e9histoire jusqu\u2019\u00e0 nos jours<\/strong>\u2009: de l\u2019affaire Calas aux capitouls, du commerce du pastel \u00e0 l\u2019industrie a\u00e9ronautique, de la R\u00e9sistance \u00e0 l\u2019accueil des exil\u00e9s\u2009\u00bb.<\/p>\n<p class=\" wall-content\">\u00c0 ses yeux, \u00ab\u2009il n\u2019y a <strong>pas assez de mus\u00e9es\u2009\u00bb<\/strong> \u00e0 Toulouse, et surtout \u00ab\u2009beaucoup qui sont ferm\u00e9s\u2009\u00bb. D\u2019o\u00f9 cette id\u00e9e \u00ab\u2009r\u00e9fl\u00e9chie avec Salah Amokrane\u2009\u00bb d\u2019un grand mus\u00e9e qui retracerait l\u2019\u00e9volution de <a href=\"https:\/\/actu.fr\/occitanie\/toulouse_31555\/population-toulouse-compte-desormais-511-684-habitants-et-va-devenir-3e-ville-de-france-tres-rapidement_62022339.html\" target=\"_blank\" rel=\"noopener\">la future 3e ville de France<\/a>, \u00ab\u2009des Visigoths aux diff\u00e9rentes migrations qui ont fait Toulouse\u2009\u00bb.<\/p>\n<blockquote class=\"ac-article-quote wall-content\">\n<p>Notre objectif est d\u2019avoir un parcours m\u00e9moriel pour mettre en valeur le patrimoine et le matrimoine toulousains, en collaboration avec les services d\u2019archives, les mus\u00e9es, les associations et les porteurs de m\u00e9moire.\u00a0<\/p>\n<p>    <strong>Fran\u00e7ois Piquemal<\/strong>\n            <\/p><\/blockquote>\n<p class=\" wall-content\">Le d\u00e9put\u00e9-candidat compte \u00ab\u2009lancer un appel \u00e0 projet et \u00e0 id\u00e9es\u2009\u00bb pour \u00ab\u2009coconstruire\u2009\u00bb ce lieu qui serait \u00ab\u2009\u00e0 l\u2019image de Toulouse et de ses habitants\u2009\u00bb. Quant au <strong>lieu d\u2019implantation<\/strong> de ce nouvel \u00e9tablissement culturel, il \u00ab\u2009sera d\u00e9termin\u00e9 en temps et en heure\u2009\u00bb, conclut Fran\u00e7ois Piquemal, mais \u00ab\u2009le but est qu\u2019il voit le jour <strong>avant la fin du mandat\u2009\u00bb.<\/strong><\/p>\n<p class=\" wall-content\">Personnalisez votre actualit\u00e9 en ajoutant vos villes et m\u00e9dias en favori avec <a href=\"https:\/\/moncompte.actu.fr\" title=\"D\u00e9couvez Mon Actu\" rel=\"nofollow noopener\" data-trk=\"{&quot;cta&quot;:{&quot;action&quot;:&quot;https:\\\/\\\/moncompte.actu.fr&quot;,&quot;category&quot;:&quot;mon compte&quot;,&quot;from&quot;:&quot;article footer&quot;,&quot;name&quot;:&quot;Mon actu&quot;,&quot;type&quot;:&quot;cta&quot;}}\" target=\"_blank\">Mon Actu<\/a>.<\/p>\n","protected":false},"excerpt":{"rendered":"Par Guillaume Laurens Publi\u00e9 le 15 nov. 2025 \u00e0 9h32 Avec Jean-Luc Moudenc, \u00ab\u2009la culture a \u00e9t\u00e9 sacrifi\u00e9e&hellip;\n","protected":false},"author":2,"featured_media":537387,"comment_status":"","ping_status":"","sticky":false,"template":"","format":"standard","meta":{"footnotes":""},"categories":[2816],"tags":[1111,11,4188,1777,674,1011,27,1023,3434,12,2680,316,25,2312],"class_list":{"0":"post-537386","1":"post","2":"type-post","3":"status-publish","4":"format-standard","5":"has-post-thumbnail","7":"category-toulouse","8":"tag-actu","9":"tag-actualites","10":"tag-elections-municipales","11":"tag-eu","12":"tag-europe","13":"tag-fr","14":"tag-france","15":"tag-la-france-insoumise-lfi","16":"tag-municipales-2026","17":"tag-news","18":"tag-occitanie","19":"tag-politique","20":"tag-republique-francaise","21":"tag-toulouse"},"share_on_mastodon":{"url":"https:\/\/pubeurope.com\/@fr\/115557437611099212","error":""},"_links":{"self":[{"href":"https:\/\/www.europesays.com\/fr\/wp-json\/wp\/v2\/posts\/537386","targetHints":{"allow":["GET"]}}],"collection":[{"href":"https:\/\/www.europesays.com\/fr\/wp-json\/wp\/v2\/posts"}],"about":[{"href":"https:\/\/www.europesays.com\/fr\/wp-json\/wp\/v2\/types\/post"}],"author":[{"embeddable":true,"href":"https:\/\/www.europesays.com\/fr\/wp-json\/wp\/v2\/users\/2"}],"replies":[{"embeddable":true,"href":"https:\/\/www.europesays.com\/fr\/wp-json\/wp\/v2\/comments?post=537386"}],"version-history":[{"count":0,"href":"https:\/\/www.europesays.com\/fr\/wp-json\/wp\/v2\/posts\/537386\/revisions"}],"wp:featuredmedia":[{"embeddable":true,"href":"https:\/\/www.europesays.com\/fr\/wp-json\/wp\/v2\/media\/537387"}],"wp:attachment":[{"href":"https:\/\/www.europesays.com\/fr\/wp-json\/wp\/v2\/media?parent=537386"}],"wp:term":[{"taxonomy":"category","embeddable":true,"href":"https:\/\/www.europesays.com\/fr\/wp-json\/wp\/v2\/categories?post=537386"},{"taxonomy":"post_tag","embeddable":true,"href":"https:\/\/www.europesays.com\/fr\/wp-json\/wp\/v2\/tags?post=537386"}],"curies":[{"name":"wp","href":"https:\/\/api.w.org\/{rel}","templated":true}]}}