{"id":537388,"date":"2025-11-16T04:15:38","date_gmt":"2025-11-16T04:15:38","guid":{"rendered":"https:\/\/www.europesays.com\/fr\/537388\/"},"modified":"2025-11-16T04:15:38","modified_gmt":"2025-11-16T04:15:38","slug":"disparition-inquietante-pres-de-toulouse-un-homme-souffrant-de-troubles-du-comportement-est-activement-recherche","status":"publish","type":"post","link":"https:\/\/www.europesays.com\/fr\/537388\/","title":{"rendered":"Disparition inqui\u00e9tante pr\u00e8s de Toulouse : un homme souffrant de troubles du comportement est activement recherch\u00e9"},"content":{"rendered":"<p class=\"mb-4 text-lg md:leading-8 break-words\">Cela fait maintenant 11 jours que Nacer Ibanez Bahri n\u2019a plus donn\u00e9 signe de vie. R\u00e9sident de la commune de Seysses, \u00e0 moins de 30 kilom\u00e8tres de Toulouse (Haute-Garonne), ce jeune homme, dont l\u2019\u00e2ge n\u2019a pas \u00e9t\u00e9 communiqu\u00e9, fait l\u2019objet d\u2019un signalement pour disparition inqui\u00e9tante.<\/p>\n<p class=\"mb-4 text-lg md:leading-8 break-words\">Un appel \u00e0 t\u00e9moins a ainsi \u00e9t\u00e9 publi\u00e9 par la gendarmerie de Haute-Garonne, incitant toute personne en possession d\u2019informations \u00e0 contacter la gendarmerie de Seysses, au 05.34.48.21.30 ou en composant le 17, mais aussi en partageant l\u2019information.<\/p>\n<p class=\"mb-4 text-lg md:leading-8 break-words\">Comme le rapporte le signalement, Nacer mesure 1,63 m\u00e8tre, est de corpulence mince. Il a les yeux marron et de longs cils. Sur la photo qui accompagne le signalement, il arbore une moustache fournie. Ses cheveux sont bruns et ras\u00e9s. Il porte r\u00e9guli\u00e8rement un surv\u00eatement et une sacoche de marque Lacoste, de couleur noire. Sa disparition est particuli\u00e8rement inqui\u00e9tante puisqu\u2019il souffre de troubles du comportement, \u00e0 propos desquels les forces de l\u2019ordre n\u2019ont pas donn\u00e9 plus de d\u00e9tails. Le jeune homme aurait ses habitudes sur la commune de Toulouse et aux environs.<\/p>\n<p class=\"mb-4 text-lg md:leading-8 break-words\">Fin octobre 2025, une autre disparition avait particuli\u00e8rement \u00e9mu la population de l\u2019Essonne. Une retrait\u00e9e de 64 ans avait disparu de son domicile alors m\u00eame qu\u2019elle souffrait de d\u00e9pression et de graves probl\u00e8mes de sant\u00e9. Elle avait d\u2019ailleurs d\u00e9j\u00e0 tent\u00e9 de se suicider et a laiss\u00e9 une lettre d\u2019adieu \u00e0 ses proches. Elle \u00e9tait d\u2019ailleurs partie avec des m\u00e9dicaments et une bouteille d\u2019alcool fort. (&#8230;)<\/p>\n<p class=\"mb-4 text-lg md:leading-8 break-words\">(&#8230;) <a href=\"https:\/\/www.femmeactuelle.fr\/actu\/news-actu\/disparition-inquietante-pres-de-toulouse-un-homme-souffrant-de-troubles-du-comportement-est-activement-recherche-2200983\" rel=\"nofollow noopener\" target=\"_blank\" data-ylk=\"slk:Cliquez ici pour voir la suite;elm:context_link;itc:0;sec:content-canvas\" class=\"link \">Cliquez ici pour voir la suite<\/a><\/p>\n<p class=\"mb-4 text-lg md:leading-8 break-words\"><a href=\"https:\/\/www.femmeactuelle.fr\/actu\/news-actu\/disparition-deva-le-profil-troublant-de-lhomme-activement-recherche-par-la-police-2192821\" rel=\"nofollow noopener\" target=\"_blank\" data-ylk=\"slk:Disparition d\u2019\u00c9va \u00e0 Nice : le profil troublant de l\u2019homme activement recherch\u00e9 par la police;elm:context_link;itc:0;sec:content-canvas\" class=\"link \">Disparition d\u2019\u00c9va \u00e0 Nice : le profil troublant de l\u2019homme activement recherch\u00e9 par la police<\/a><br \/><a href=\"https:\/\/www.femmeactuelle.fr\/actu\/news-actu\/disparition-inquietante-dans-les-cotes-darmor-un-jeune-homme-prenomme-enzo-age-de-19-ans-est-recherche-2199231\" rel=\"nofollow noopener\" target=\"_blank\" data-ylk=\"slk:Disparition inqui\u00e9tante dans les C\u00f4tes-d\u2019Armor : un jeune homme pr\u00e9nomm\u00e9 Enzo, \u00e2g\u00e9 de 19 ans, est recherch\u00e9;elm:context_link;itc:0;sec:content-canvas\" class=\"link \">Disparition inqui\u00e9tante dans les C\u00f4tes-d\u2019Armor : un jeune homme pr\u00e9nomm\u00e9 Enzo, \u00e2g\u00e9 de 19 ans, est recherch\u00e9<\/a><br \/><a href=\"https:\/\/www.femmeactuelle.fr\/actu\/news-actu\/un-detenu-libere-de-prison-par-erreur-a-la-place-de-son-homonyme-l-homme-est-activement-recherche-2192456\" rel=\"nofollow noopener\" target=\"_blank\" data-ylk=\"slk:Un d\u00e9tenu lib\u00e9r\u00e9 de prison par erreur \u00e0 la place de son homonyme : l&#039;homme est activement recherch\u00e9;elm:context_link;itc:0;sec:content-canvas\" class=\"link \">Un d\u00e9tenu lib\u00e9r\u00e9 de prison par erreur \u00e0 la place de son homonyme : l&rsquo;homme est activement recherch\u00e9<\/a><br \/><a href=\"https:\/\/www.femmeactuelle.fr\/actu\/news-actu\/disparition-inquietante-un-adolescent-de-15-ans-recherche-depuis-deux-jours-en-charente-maritime-2200874\" rel=\"nofollow noopener\" target=\"_blank\" data-ylk=\"slk:Disparition inqui\u00e9tante : un adolescent de 15 ans recherch\u00e9 depuis deux jours en Charente-Maritime;elm:context_link;itc:0;sec:content-canvas\" class=\"link \">Disparition inqui\u00e9tante : un adolescent de 15 ans recherch\u00e9 depuis deux jours en Charente-Maritime<\/a><br \/><a href=\"https:\/\/www.femmeactuelle.fr\/actu\/news-actu\/disparition-inquietante-dune-adolescente-de-17-ans-pres-de-perpignan-introuvable-depuis-pres-dune-semaine-2195953\" rel=\"nofollow noopener\" target=\"_blank\" data-ylk=\"slk:Disparition inqui\u00e9tante d\u2019une adolescente de 17 ans pr\u00e8s de Perpignan, introuvable depuis pr\u00e8s d\u2019une semaine;elm:context_link;itc:0;sec:content-canvas\" class=\"link \">Disparition inqui\u00e9tante d\u2019une adolescente de 17 ans pr\u00e8s de Perpignan, introuvable depuis pr\u00e8s d\u2019une semaine<\/a><\/p>\n","protected":false},"excerpt":{"rendered":"Cela fait maintenant 11 jours que Nacer Ibanez Bahri n\u2019a plus donn\u00e9 signe de vie. R\u00e9sident de la&hellip;\n","protected":false},"author":2,"featured_media":537389,"comment_status":"","ping_status":"","sticky":false,"template":"","format":"standard","meta":{"footnotes":""},"categories":[2816],"tags":[1111,11,3676,1777,674,3160,1011,27,2722,65632,12,2680,25,65631,2312],"class_list":{"0":"post-537388","1":"post","2":"type-post","3":"status-publish","4":"format-standard","5":"has-post-thumbnail","7":"category-toulouse","8":"tag-actu","9":"tag-actualites","10":"tag-disparition-inquietante","11":"tag-eu","12":"tag-europe","13":"tag-forces-de-lordre","14":"tag-fr","15":"tag-france","16":"tag-haute-garonne","17":"tag-nacer","18":"tag-news","19":"tag-occitanie","20":"tag-republique-francaise","21":"tag-seysses","22":"tag-toulouse"},"share_on_mastodon":{"url":"https:\/\/pubeurope.com\/@fr\/115557441457898813","error":""},"_links":{"self":[{"href":"https:\/\/www.europesays.com\/fr\/wp-json\/wp\/v2\/posts\/537388","targetHints":{"allow":["GET"]}}],"collection":[{"href":"https:\/\/www.europesays.com\/fr\/wp-json\/wp\/v2\/posts"}],"about":[{"href":"https:\/\/www.europesays.com\/fr\/wp-json\/wp\/v2\/types\/post"}],"author":[{"embeddable":true,"href":"https:\/\/www.europesays.com\/fr\/wp-json\/wp\/v2\/users\/2"}],"replies":[{"embeddable":true,"href":"https:\/\/www.europesays.com\/fr\/wp-json\/wp\/v2\/comments?post=537388"}],"version-history":[{"count":0,"href":"https:\/\/www.europesays.com\/fr\/wp-json\/wp\/v2\/posts\/537388\/revisions"}],"wp:featuredmedia":[{"embeddable":true,"href":"https:\/\/www.europesays.com\/fr\/wp-json\/wp\/v2\/media\/537389"}],"wp:attachment":[{"href":"https:\/\/www.europesays.com\/fr\/wp-json\/wp\/v2\/media?parent=537388"}],"wp:term":[{"taxonomy":"category","embeddable":true,"href":"https:\/\/www.europesays.com\/fr\/wp-json\/wp\/v2\/categories?post=537388"},{"taxonomy":"post_tag","embeddable":true,"href":"https:\/\/www.europesays.com\/fr\/wp-json\/wp\/v2\/tags?post=537388"}],"curies":[{"name":"wp","href":"https:\/\/api.w.org\/{rel}","templated":true}]}}